{"id":215535,"date":"2026-09-04T12:52:08","date_gmt":"2026-09-04T12:52:08","guid":{"rendered":"https:\/\/www.europesays.com\/si\/215535\/"},"modified":"2026-09-04T12:52:08","modified_gmt":"2026-09-04T12:52:08","slug":"volkswagen-ukinja-50-000-delovnih-mest-ogrozene-stiri-tovarne","status":"publish","type":"post","link":"https:\/\/www.europesays.com\/si\/215535\/","title":{"rendered":"Volkswagen ukinja 50.000 delovnih mest, ogro\u017eene \u0161tiri tovarne"},"content":{"rendered":"<p>Volkswagnova sanacijska zgodba dobiva konkretne obrise. Nadzorni svet najve\u010djega evropskega avtomobilskega proizvajalca je soglasno podprl na\u010drt predsednika uprave Oliverja Blumeja, ki do leta 2030 predvideva ukinitev kar 50.000 delovnih mest.<\/p>\n<p>Volkswagen bo do leta 2030 ukinil 50.000 delovnih mest, ve\u010d kot polovico v Nem\u010diji, predvsem z odpravninami in pred\u010dasnimi upokojitvami.<br \/>\nModelna ponudba se bo mo\u010dno skr\u010dila, koncern pa \u017eeli za 75 odstotkov zmanj\u0161ati tudi kompleksnost razli\u010dic in opreme.<br \/>\nUsoda \u0161tirih evropskih tovarn ostaja negotova, klju\u010dna odlo\u010ditev o njihovi prihodnosti pa bo padla do junija 2027.<br \/>\nVelike spremembe \u010dakajo tudi organizacijo koncerna, pri \u010demer mo\u017enost izlo\u010ditve znamke Volkswagen iz sedanje strukture \u0161e ni povsem izklju\u010dena.<\/p>\n<p>Ve\u010d kot polovica zmanj\u0161anja delovne sile bo <a href=\"https:\/\/cms.zurnal24.si\/avto\/avto-industrija-skrb-vzbujajoce-stevilke-iz-nemcije-o-tempu-odpuscanja-463707\" target=\"_blank\" rel=\"nofollow noopener\">prizadela <\/a>Nem\u010dijo, precej\u0161en del zaposlenih pa naj bi od\u0161el prostovoljno z odpravninami in pred\u010dasnimi upokojitvami.<\/p>\n<p>Odlo\u010ditev nadzornega sveta po intenzivnih pogajanjih vendarle predstavlja pomemben preobrat. \u0160e pred nekaj dnevi je bilo videti, da so stali\u0161\u010da uprave, dru\u017ein Porsche in Pi\u00ebch ter predstavnikov zaposlenih precej oddaljena. Zdaj ima Blume za obse\u017eno preoblikovanje koncerna jasno podporo.<\/p>\n<p>Manj modelov, manj birokracije in precej ni\u017eji stro\u0161ki<\/p>\n<p>Volkswagen bo poleg zmanj\u0161anja \u0161tevila zaposlenih mo\u010dno posegel tudi v svojo <a href=\"https:\/\/cms.zurnal24.si\/avto\/oster-rez-volkswagna-kateri-modeli-bodo-verjetno-ukinjeni-462530\" target=\"_blank\" rel=\"nofollow noopener\">modelno ponudbo<\/a>. Do leta 2030 naj bi izdelovali pribli\u017eno polovico manj avtomobilov, za okoli 75 odstotkov pa naj bi zmanj\u0161ali tudi kompleksnost ponudbe. To pomeni predvsem manj razli\u010dic, kombinacij opreme in drugih razli\u010dic, ki dodatno zapletajo proizvodnjo in prodajo.<\/p>\n<p><img decoding=\"async\" alt=\"Oliver Blume | Avtor: Volkswagen\" class=\"rwd\" data-href=\"https:\/\/www.zurnal24.si\/media\/img\/4f\/ag\/8531dcf8e00fcb17ee35.jpeg\" itemprop=\"image\" src=\"\/media\/img\/59\/c0\/5ef216fa2afab3cecc7b.jpeg\"\/><\/p>\n<p>                Volkswagen<\/p>\n<p>Skupina na\u010drtuje tudi prodajo nekaterih nalo\u017ebe, zmanj\u0161anje \u0161tevila zaposlenih na vodstveni ravni in poenostavitev notranje organizacije. Cilj reforme je jasen. Ukrepi naj bi Volkswagnu zagotovili vitkej\u0161o strukturo, hitrej\u0161e odzivanje na izzive in predvsem precej ve\u010djo donosnost.<\/p>\n<p>Za primerjavo lahko navedemo, da je operativna mar\u017ea v prvi polovici leto\u0161njega leta zna\u0161ala le 3,8 odstotka. Do leta 2030 bi jo radi pove\u010dali na devet odstotkov.<\/p>\n<p>Pod vpra\u0161ajem \u0161tiri tovarne<\/p>\n<p>Najve\u010d negotovosti ostaja glede \u0161tirih evropskih tovarn. Volkswagnove tovarne v Emdenu, Hannovru in Zwickauu ter Audijeva v Neckarsulmu \u0161e vedno nimajo zagotovljene dolgoro\u010dne prihodnosti.<\/p>\n<p>Volkswagen bo zanje do junija 2027 pripravil novo evropsko proizvodno strategijo. \u010ce tovarne ne bodo dovolj konkuren\u010dne, zanje v tridesetih letih preprosto ne bo novih proizvodnih programov. Trenutno je proizvodnja v Emdenu in Zwickauu zagotovljena do leta 2030, v Hannovru do leta 2031, v Neckarsulmu pa do leta 2033.<\/p>\n<p>Pri Volkswagnu i\u0161\u010dejo za te tovarne tudi alternativne mo\u017enosti. Te segajo od druga\u010dnih industrijskih programov do proizvodnje modelov, ki so jih<a href=\"https:\/\/cms.zurnal24.si\/avto\/prihajajo-poceni-kitajski-volkswagni-v-evropo-463132\" target=\"_blank\" rel=\"nofollow noopener\"> razvili na Kitajskem. <\/a>Omenjajo so celo mo\u017enosti v povezavi z <a href=\"https:\/\/cms.zurnal24.si\/avto\/video-volkswagen-touareg-po-raketnem-napadu-se-vedno-vozen-462840\" target=\"_blank\" rel=\"nofollow noopener\">oro\u017earsko industrijo<\/a>.<\/p>\n<p><img decoding=\"async\" alt=\"volkswagen tovarna nem\u010dija | Avtor: Profimedia\" class=\"rwd\" data-href=\"https:\/\/www.zurnal24.si\/media\/img\/bc\/7f\/bf8fa5d31e426e657fef.jpeg\" itemprop=\"image\" src=\"\/media\/img\/c1\/6e\/389ffc35f31242ef8533.jpeg\"\/><\/p>\n<p>                Profimedia<\/p>\n<p>Sindikati prepre\u010dili razkosanje?<\/p>\n<p>Predstavniki zaposlenih so sporazum ozna\u010dili kot pomemben uspeh. Po njihovem mnenju jim je skupaj z de\u017eelo Spodnja Sa\u0161ka uspelo prepre\u010diti lo\u010ditev avtomobilske znamke Volkswagen in proizvodnje komponent v samostojni dru\u017ebi. S tem naj bi obranili tudi obstoje\u010de strukture soodlo\u010danja.<\/p>\n<p>Zgodba se s tem morda \u0161e ne kon\u010duje. Volkswagnova uradna formulacija namre\u010d govori o razvoju &#8220;izpopolnjene odlo\u010devalske in koncernske strukture&#8221;. To bi lahko pomenilo novo ureditev polo\u017eaja klju\u010dne znamke Volkswagen znotraj koncerna. Njena posebna vloga je namre\u010d \u017ee dolgo predmet razprav.<\/p>\n<p>Spremembe se obetajo tudi pri nadzoru uprave. Nadzorni svet naj bi svoje pravice do potrjevanja odlo\u010ditev omejil predvsem na ukrepe, ki so pomembni za celoten koncern, pragove za odobritev pa pribli\u017eal obi\u010dajni praksi velikih podjetij v indeksu DAX.<\/p>\n<p>Danes mora uprava za nekatere nalo\u017ebe nad 50 milijonov evrov pridobiti soglasje nadzornega sveta. Pri koncernu, ki je lani ustvaril pribli\u017eno 322 milijard evrov prihodkov, je to razmeroma nizek prag.<\/p>\n<p>Volkswagen je tako naredil pomembne korake za izhod iz te\u017eav, vendar \u0161e zdale\u010d ne zadnjih. Naslednja velika preizku\u0161nja prihaja leta 2027, ko bo postalo precej bolj jasno, katere tovarne bodo pre\u017eivele in katere ne.<\/p>\n<p><a href=\"https:\/\/www.zurnal24.si\/avto\/mailto:dezurni@styria-media.si\" rel=\"nofollow noopener\" target=\"_blank\">dezurni@styria-media.si<\/a><\/p>\n","protected":false},"excerpt":{"rendered":"Volkswagnova sanacijska zgodba dobiva konkretne obrise. Nadzorni svet najve\u010djega evropskega avtomobilskega proizvajalca je soglasno podprl na\u010drt predsednika uprave&hellip;\n","protected":false},"author":2,"featured_media":215536,"comment_status":"","ping_status":"","sticky":false,"template":"","format":"standard","meta":{"footnotes":"","_share_on_mastodon":"0"},"categories":[10],"tags":[81,82,41833,84,83,62,37,58,60,38,472,5947],"class_list":["post-215535","post","type-post","status-publish","format-standard","has-post-thumbnail","category-poslovni-svet","tag-business","tag-economic","tag-oliver-blume","tag-poslovni","tag-poslovni-svet","tag-si","tag-slovene","tag-slovenia","tag-slovenija","tag-slovenscina","tag-volkswagen","tag-vw"],"share_on_mastodon":{"url":"https:\/\/pubeurope.com\/@si\/117212869272042954","error":""},"_links":{"self":[{"href":"https:\/\/www.europesays.com\/si\/wp-json\/wp\/v2\/posts\/215535","targetHints":{"allow":["GET"]}}],"collection":[{"href":"https:\/\/www.europesays.com\/si\/wp-json\/wp\/v2\/posts"}],"about":[{"href":"https:\/\/www.europesays.com\/si\/wp-json\/wp\/v2\/types\/post"}],"author":[{"embeddable":true,"href":"https:\/\/www.europesays.com\/si\/wp-json\/wp\/v2\/users\/2"}],"replies":[{"embeddable":true,"href":"https:\/\/www.europesays.com\/si\/wp-json\/wp\/v2\/comments?post=215535"}],"version-history":[{"count":0,"href":"https:\/\/www.europesays.com\/si\/wp-json\/wp\/v2\/posts\/215535\/revisions"}],"wp:featuredmedia":[{"embeddable":true,"href":"https:\/\/www.europesays.com\/si\/wp-json\/wp\/v2\/media\/215536"}],"wp:attachment":[{"href":"https:\/\/www.europesays.com\/si\/wp-json\/wp\/v2\/media?parent=215535"}],"wp:term":[{"taxonomy":"category","embeddable":true,"href":"https:\/\/www.europesays.com\/si\/wp-json\/wp\/v2\/categories?post=215535"},{"taxonomy":"post_tag","embeddable":true,"href":"https:\/\/www.europesays.com\/si\/wp-json\/wp\/v2\/tags?post=215535"}],"curies":[{"name":"wp","href":"https:\/\/api.w.org\/{rel}","templated":true}]}}