{"id":215601,"date":"2026-09-04T13:42:07","date_gmt":"2026-09-04T13:42:07","guid":{"rendered":"https:\/\/www.europesays.com\/si\/215601\/"},"modified":"2026-09-04T13:42:07","modified_gmt":"2026-09-04T13:42:07","slug":"odprtje-razstave-shirin-salehi-hum-hum-hum-dogodki-v-obcini-ljubljana","status":"publish","type":"post","link":"https:\/\/www.europesays.com\/si\/215601\/","title":{"rendered":"Odprtje razstave Shirin Salehi, HUM HUM HUM &#8211; dogodki v ob\u010dini Ljubljana"},"content":{"rendered":"<p style=\"font-weight:400;text-align:start\">V \u010detrtek, 10. septembra 2026, vas ob 18. uri vljudno vabimo v Mednarodni grafi\u010dni likovni center v Ljubljani na odprtje razstave vizualne umetnice, pedagoginje, knji\u017eevne prevajalke in tolma\u010dke za perzijski jezik Shirin Salehi. Rodila se je v Teheranu, danes pa \u017eivi in ustvarja v Madridu.<\/p>\n<p style=\"font-weight:400;text-align:start\">Njena umetni\u0161ka praksa povezuje risbo, knjigo umetnika, kiparstvo, grafiko, zvok in poezijo ter raziskuje spomin, govorico in prevajanje. Zna\u010dilnost njenega dela je odsotnost podobe, ki odpira prostor alternativnim pripovedim, kjer govorica sre\u010da lastne meje, kjer glas vznike kot \u0161epet, \u0161um ali pesem in hkrati postaja zato\u010di\u0161\u010de pred nasiljem in oblika upora.<\/p>\n<p style=\"font-weight:400;text-align:start\">Kje so meje govorice? Kaj besede dejansko izrazijo ali pove\u017eejo in kaj neizogibno ostane zunaj njihovega dosega? Delo Shirin Salehi se ume\u0161\u010da prav na to mejo, kjer govorica ne more ve\u010d dose\u010di \u017ealovanja, izgona ali nasilja in kjer ti\u0161ina preneha ozna\u010devati odsotnost ter postane na\u010din izra\u017eanja in prostor, ki ga lahko skupaj naselimo.<\/p>\n<p style=\"font-weight:400;text-align:start\">Kustosinji razstave: LaOtra (Mar\u00eda Amador &amp; Patricia Sorroche)<\/p>\n","protected":false},"excerpt":{"rendered":"V \u010detrtek, 10. septembra 2026, vas ob 18. uri vljudno vabimo v Mednarodni grafi\u010dni likovni center v Ljubljani&hellip;\n","protected":false},"author":2,"featured_media":215602,"comment_status":"","ping_status":"","sticky":false,"template":"","format":"standard","meta":{"footnotes":"","_share_on_mastodon":"0"},"categories":[21],"tags":[162,157,163,52621,164,161,124,159,150,154,155,153,34,158,52620,2961,156,62,37,58,60,38,160,165],"class_list":["post-215601","post","type-post","status-publish","format-standard","has-post-thumbnail","category-ljubljana","tag-celje","tag-dogodki","tag-domzale","tag-hum-hum-hum","tag-kamnik","tag-koper","tag-ljubljana","tag-lokalno","tag-maribor","tag-moja-obcina","tag-mojaobcina","tag-mojaobcina-si","tag-novice","tag-obcina","tag-odprtje-razstave-shirin-salehi","tag-osrednjeslovenska","tag-prireditve","tag-si","tag-slovene","tag-slovenia","tag-slovenija","tag-slovenscina","tag-upravna-enota","tag-velenje"],"share_on_mastodon":{"url":"https:\/\/pubeurope.com\/@si\/117213065731997609","error":""},"_links":{"self":[{"href":"https:\/\/www.europesays.com\/si\/wp-json\/wp\/v2\/posts\/215601","targetHints":{"allow":["GET"]}}],"collection":[{"href":"https:\/\/www.europesays.com\/si\/wp-json\/wp\/v2\/posts"}],"about":[{"href":"https:\/\/www.europesays.com\/si\/wp-json\/wp\/v2\/types\/post"}],"author":[{"embeddable":true,"href":"https:\/\/www.europesays.com\/si\/wp-json\/wp\/v2\/users\/2"}],"replies":[{"embeddable":true,"href":"https:\/\/www.europesays.com\/si\/wp-json\/wp\/v2\/comments?post=215601"}],"version-history":[{"count":0,"href":"https:\/\/www.europesays.com\/si\/wp-json\/wp\/v2\/posts\/215601\/revisions"}],"wp:featuredmedia":[{"embeddable":true,"href":"https:\/\/www.europesays.com\/si\/wp-json\/wp\/v2\/media\/215602"}],"wp:attachment":[{"href":"https:\/\/www.europesays.com\/si\/wp-json\/wp\/v2\/media?parent=215601"}],"wp:term":[{"taxonomy":"category","embeddable":true,"href":"https:\/\/www.europesays.com\/si\/wp-json\/wp\/v2\/categories?post=215601"},{"taxonomy":"post_tag","embeddable":true,"href":"https:\/\/www.europesays.com\/si\/wp-json\/wp\/v2\/tags?post=215601"}],"curies":[{"name":"wp","href":"https:\/\/api.w.org\/{rel}","templated":true}]}}