{"id":215635,"date":"2026-09-04T14:06:10","date_gmt":"2026-09-04T14:06:10","guid":{"rendered":"https:\/\/www.europesays.com\/si\/215635\/"},"modified":"2026-09-04T14:06:10","modified_gmt":"2026-09-04T14:06:10","slug":"norveska-zasegla-rusko-ladjo-siol-net","status":"publish","type":"post","link":"https:\/\/www.europesays.com\/si\/215635\/","title":{"rendered":"Norve\u0161ka zasegla rusko ladjo &#8211; siol.net"},"content":{"rendered":"<p>Norve\u0161ka je na zahtevo ukrajinske energetske dru\u017ebe Naftogaz na Arktiki v sredo zasegla rusko ladjo. Rusija je Oslo obto\u017eila piratstva in v \u010detrtek na pogovor poklicala norve\u0161ko veleposlanico v Moskvi, poro\u010dajo tuje tiskovne agencije.<\/p>\n<p>Norve\u0161ke oblasti so rusko raziskovalno ladjo Profesor Mol\u010danov zasegle na arkti\u010dnem oto\u010dju Svalbard, potem ko je stalno arbitra\u017eno sodi\u0161\u010de v Haagu leta 2023 odlo\u010dilo, da mora Rusija dru\u017ebi Naftogaz pla\u010dati okoli 4,2 milijarde dolarjev (3,6 milijarde evrov) od\u0161kodnine za njeno premo\u017eenje na Krimskem polotoku, ki ga je zasegla po priklju\u010ditvi polotoka leta 2014.<\/p>\n<p>Rusko ladjo so na Norve\u0161kem zasegli na podlagi odlo\u010dbe norve\u0161kega okro\u017enega sodi\u0161\u010da in bo do nadaljnjega ostala v pristani\u0161\u010du rudni\u0161kega naselja Barentsburg, so sporo\u010dile lokalne oblasti.<\/p>\n<p>Izvr\u0161ni direktor Naftogaza Sergij Fedorenko je v izjavi norve\u0161ki ukrep pozdravil kot &#8220;\u0161e en pomemben korak k ponovni vzpostavitvi pravi\u010dnosti&#8221; v zvezi z ruskimi zasegi premo\u017eenja ukrajinskih podjetij. Poudaril je, da bodo &#8220;\u0161e naprej zasledovali rusko premo\u017eenje po vsem svetu, dokler Moskva ne bo v celoti izpla\u010dala od\u0161kodnine, ki je bila na arbitra\u017enem sodi\u0161\u010du dodeljena dru\u017ebi Naftogaz&#8221;.<\/p>\n<p>Rusko zunanje ministrstvo: To je ugrabitev\u00a0<\/p>\n<p>Tiskovna predstavnica ruskega zunanjega ministrstva je v \u010detrtek obsodila zaseg ladje, ki ga je ozna\u010dila za ugrabitev, Zahod pa obto\u017eila, da je uzakonil piratstvo. Zunanje ministrstvo v Moskvi je v \u010detrtek na pogovor poklicalo norve\u0161ko veleposlanico Heidi Olufsen in ji izrazilo &#8220;odlo\u010den protest&#8221; zaradi zasega ladje. Napovedali so prito\u017ebo in menili, da gre za politi\u010dno motivirano kr\u0161itev mednarodnega prava. Zahtevali so takoj\u0161njo izpustitev ladje.<\/p>\n<p>Po navedbah Moskve je ladja plula iz Murmanska v rusko rudarsko naselje Barentsburg. Na ladji so bili osebje rudarskega podjetja Arktikugol in znanstveniki ter zaloge hrane. Zaradi sankcij, ki jih je Norve\u0161ka uvedla proti Rusiji po invaziji na Ukrajino, po navedbah Moskve zase\u017eeno plovilo, ki je sicer namenjeno predvsem za raziskave, edino zagotavlja oskrbo za ruske naselbine na Svalbardu.<\/p>\n<p>Rusija upravlja premogovnik v naselju Barentsburg, kjer \u017eivi okoli 350 ruskih in rusko govore\u010dih ukrajinskih prebivalcev, ter \u0161e eno manj\u0161o naselbino z imenom Pyramiden. Arkti\u010dno oto\u010dje Svalbard, ki je od leta 1925 norve\u0161ko, le\u017ei na poti med severnim te\u010dajem in celinsko Evropo. Na njem velja sporazum iz leta 1920, v skladu s katerim imajo dr\u017eave pogodbenice enakopravno pravico do izkori\u0161\u010danja tamkaj\u0161njih naravnih virov. Vsi tuji dr\u017eavljani in podjetja na oto\u010dju pa morajo spo\u0161tovati norve\u0161ke zakone, poro\u010da francoska tiskovna agencija AFP.<\/p>\n","protected":false},"excerpt":{"rendered":"Norve\u0161ka je na zahtevo ukrajinske energetske dru\u017ebe Naftogaz na Arktiki v sredo zasegla rusko ladjo. Rusija je Oslo&hellip;\n","protected":false},"author":2,"featured_media":215636,"comment_status":"","ping_status":"","sticky":false,"template":"","format":"standard","meta":{"footnotes":"","_share_on_mastodon":"0"},"categories":[8],"tags":[1411,1104,421,37,38,64,882,63,3785],"class_list":["post-215635","post","type-post","status-publish","format-standard","has-post-thumbnail","category-svet","tag-ladja","tag-norveska","tag-rusija","tag-slovene","tag-slovenscina","tag-svet","tag-vojna","tag-world","tag-zaseg"],"share_on_mastodon":{"url":"https:\/\/pubeurope.com\/@si\/117213159944722330","error":""},"_links":{"self":[{"href":"https:\/\/www.europesays.com\/si\/wp-json\/wp\/v2\/posts\/215635","targetHints":{"allow":["GET"]}}],"collection":[{"href":"https:\/\/www.europesays.com\/si\/wp-json\/wp\/v2\/posts"}],"about":[{"href":"https:\/\/www.europesays.com\/si\/wp-json\/wp\/v2\/types\/post"}],"author":[{"embeddable":true,"href":"https:\/\/www.europesays.com\/si\/wp-json\/wp\/v2\/users\/2"}],"replies":[{"embeddable":true,"href":"https:\/\/www.europesays.com\/si\/wp-json\/wp\/v2\/comments?post=215635"}],"version-history":[{"count":0,"href":"https:\/\/www.europesays.com\/si\/wp-json\/wp\/v2\/posts\/215635\/revisions"}],"wp:featuredmedia":[{"embeddable":true,"href":"https:\/\/www.europesays.com\/si\/wp-json\/wp\/v2\/media\/215636"}],"wp:attachment":[{"href":"https:\/\/www.europesays.com\/si\/wp-json\/wp\/v2\/media?parent=215635"}],"wp:term":[{"taxonomy":"category","embeddable":true,"href":"https:\/\/www.europesays.com\/si\/wp-json\/wp\/v2\/categories?post=215635"},{"taxonomy":"post_tag","embeddable":true,"href":"https:\/\/www.europesays.com\/si\/wp-json\/wp\/v2\/tags?post=215635"}],"curies":[{"name":"wp","href":"https:\/\/api.w.org\/{rel}","templated":true}]}}