{"id":215639,"date":"2026-09-04T14:08:11","date_gmt":"2026-09-04T14:08:11","guid":{"rendered":"https:\/\/www.europesays.com\/si\/215639\/"},"modified":"2026-09-04T14:08:11","modified_gmt":"2026-09-04T14:08:11","slug":"bomba-se-primoz-vraca-k-ekipi-kjer-je-prezivel-najlepsa-leta-svoje-kariere","status":"publish","type":"post","link":"https:\/\/www.europesays.com\/si\/215639\/","title":{"rendered":"Bomba! Se Primo\u017e vra\u010da k ekipi, kjer je pre\u017eivel najlep\u0161a leta svoje kariere?"},"content":{"rendered":"<p>Pojavile so se govorice, da bi se Primo\u017e Rogli\u010d po izteku pogodbe z Red Bull-BORA-hansgrohe lahko vrnil k ekipi Visma-Lease a Bike.<\/p>\n<p>Slovenski kolesarski \u0161ampion\u00a0Primo\u017e Rogli\u010d\u00a0je zagotovo najbolj zvene\u010de ime na kolesarskem trgu, potem ko rekordnemu \u0161tirikratnemu zmagovalcu Vuelte ter zmagovalcu Gira in kolesarskega spomenika Liege-Bastogne-Liege s koncem sezone pote\u010de pogodba z mo\u0161tvom Red Bull-BORA-hansgrohe.<\/p>\n<p>V zadnjih dneh so tako belgijski mediji udarili s seznamom \u0161estih ekip, ki naj bi si na vsak na\u010din prizadevale, da z 92 profesionalnimi zmagami drugega najuspe\u0161nej\u0161ega \u0161e aktivnega kolesarja zvabijo v svoje vrste. Omenjalo se je ekipe Lotto-Intermarch\u00e9, Pinarello Q36.5, Tudor, NSN, Jayco AlUla in Astana.<\/p>\n<p>Zdaj pa je odjeknila prava prestopna bomba! V boj za Rogli\u010dev prihod naj bi se namre\u010d po <a href=\"https:\/\/cyclinguptodate.com\/cycling\/could-primoz-roglic-return-to-team-visma-lease-a-bike-in-2027\" rel=\"nofollow noopener\" target=\"_blank\">poro\u010danju spletne strani\u00a0cyclinguptodate.com<\/a> vklju\u010dila tudi njegova nekdanja ekipa Visma-Lease a Bike, s katero je Slovenec dosegel prakti\u010dno vse svoje najve\u010dje uspehe.<\/p>\n<p>Rogli\u010d sicer trenutno nastopa na dirki po \u0160paniji, kjer lovi \u0161e svojo peto skupno zmago, s katero bi postal samostojni rekorder, potem ko si trenutno s \u0161tirimi deli ta rekord z legendarnim\u00a0Robertom Herasom.\u00a0Slovenec se kljub svojim skoraj 37 letom odli\u010dno dr\u017ei in trenutno zaseda drugo mesto v skupnem se\u0161tevku, s \u010dimer je vsem kritikom dokazal, da \u0161e ni za staro \u0161aro.<\/p>\n<p><img decoding=\"async\" alt=\"Primo\u017e Rogli\u010d | Avtor: Profimedia\" class=\"rwd\" data-href=\"https:\/\/www.zurnal24.si\/media\/img\/89\/25\/cff256b319f36e6edc95.jpeg\" itemprop=\"image\" src=\"\/media\/img\/15\/04\/9be9a25480e088954255.jpeg\"\/><\/p>\n<p>                Profimedia<\/p>\n<p>Tako niti ne presene\u010da dolg seznam snubcev, ki bi s prihodom kolesarja s tak\u0161nimi dose\u017eki mo\u010dno dvignili presti\u017e svojih ekip, obenem pa bi s kolesarjem Rogli\u010devih kvalitet \u0161e vedno lahko napadali najvi\u0161ja mesta na najve\u010djih dirkah na svetu. Slovenca se je tako v zadnjih tednih povezovalo s \u0161tevilnimi sredinami, med drugim so tako ekipa kot tudi Rogli\u010d sam potrdili mo\u010dan interes s strani mo\u0161tva Lotto-Intermarch\u00e9.<\/p>\n<p>Prav tako so ga mediji povezovali z ostalimi prej omenjenimi ekipami, zdaj pa je kot strela z jasnega udarila \u0161e ena opcija &#8211; vrnitev v ekipo, kjer se je Rogli\u010deva profesionalna pot med najbolj\u0161imi\u00a0kolesarji\u00a0sveta tudi za\u010dela.<\/p>\n<p>Nizozemska ekipa, ki je izgubila primat najmo\u010dnej\u0161ega mo\u0161tva na svetu (\u0161e leta 2023 je z Rogli\u010dem,\u00a0Jonasom Vingegaardom\u00a0in\u00a0Seppom Kussom\u00a0dobila vse tri velike tritedenske dirke), naj bi namre\u010d obupano iskala preverjene kolesarje, s katerimi bo poizku\u0161ala okoli Jonasa zgraditi ekipo, ki bi se na najve\u010djih dirkah poizku\u0161ala kosati z v zadnjih letih nepremagljivim\u00a0Tadejem Poga\u010darjem.<\/p>\n<p>V Rogli\u010du naj bi tako Nizozemci na\u0161li izku\u0161enega kolesarja, ki odli\u010dno pozna strukturo in delovanje ekipe ter je v preteklosti \u017ee dokazal, da lahko na najve\u010djih dirkah \u0161e kako zagreni \u017eivljenje Poga\u010darju. Le kdo se ne spomni, kako je leta 2022 s svojimi napadi pripravil teren Vingegaardu za zaklju\u010dni udarec na vzponu na Granon, ko je Jonas sploh prvi\u010d porazil Tadeja.<\/p>\n<p><img decoding=\"async\" alt=\"Primo\u017e Rogli\u010d | Avtor: Profimedia\" class=\"rwd\" data-href=\"https:\/\/www.zurnal24.si\/media\/img\/26\/c1\/8cce59fb6845be4f95e3.jpeg\" itemprop=\"image\" src=\"\/media\/img\/35\/52\/85accb81a86a8ad9f6a1.jpeg\"\/><\/p>\n<p>                Profimedia<\/p>\n<p>Po drugi strani pa ni nobena skrivnost, da je Primo\u017e zapustil vrste nizozemske ekipe ravno v \u017eelji, da bi bil vodja svoje ekipe in bi se popolnoma svoboden lahko boril za svoj rezultat. Ta njegova \u017eelja je pripeljala do selitve k ekipi Bora-hansgrohe, ki je po prihodu novega sponzorja Red Bulla z mo\u010dno okrepljenim prora\u010dunom v svoje vrste pripeljala\u00a0Remca Evenepoela,\u00a0ki je Slovenca ponovno zrinil na stranski tir.<\/p>\n<p>Zato bo zelo zanimivo videti, kak\u0161na bo naslednja poteza v Rogli\u010devi karieri. Pri skoraj 37 letih je \u017ee po\u0161teno v jeseni svoje kariere in zelo verjetno se zdi, da je pred podpisom svoje zadnje pogodbe z najve\u010djimi ekipami. Ali si \u017eeli kariero zaklju\u010diti s \u0161e zadnjo visoko pogodbo, ali mu bo bolj pomembno, da bo imel svobodo in vlogo vodje znotraj mo\u0161tva, ali pa mu je nostalgi\u010dno zadi\u0161alo staro okolje, kjer je dosegal najve\u010dje uspehe, bo vse igralo vlogo pri izbiri njegove nove ekipe.<\/p>\n<p>Rogli\u010d je sicer za Vismo-Lease a Bike (oziroma takratni LottoNL-Jumbo in kasnej\u0161o Jumbo-Vismo) nastopal med letoma 2016 in 2024, ko je po osmih leti pri nizozemski ekipi prestopil v vrste Bore. V teh osmih letih se je zacementiral kot eden najbolj\u0161ih kolesarjev tega tiso\u010dletja.<\/p>\n<p>V rumeno-\u010drnem dresu nizozemske ekipe je namre\u010d na velikih tritedenskih dirkah kon\u010dal na drugem mestu na dirki po Franciji ter dobil tri etape, slavil na Giru in se podpisal \u0161e pod ene stopni\u010dke s tretjim mestom ter slavil na \u0161tirih etapah in\u00a0dobil kar tri dirke po \u0160paniji ter na eni zasedel tretje mesto, ob kar dvanajstih etapnih zmagah.<\/p>\n<p><img decoding=\"async\" alt=\"Primo\u017e Rogli\u010d | Avtor: Profimedia\" class=\"rwd\" data-href=\"https:\/\/www.zurnal24.si\/media\/img\/18\/30\/e3a6e4d16cc077a82094.jpeg\" itemprop=\"image\" src=\"\/media\/img\/6e\/3b\/4c8fcbd040cdb7dae475.jpeg\"\/><\/p>\n<p>                Profimedia<\/p>\n<p>Skorajda \u0161e ve\u010dje uspehe pa je dosegal na najve\u010djih tedenskih etapnih dirkah, ko je v dresu nizozemske ekipe dobil Pariz-Nico, dva Tirrena-Adriatica, dirko po Kataloniji, dve dirki po Baskiji in po Romandiji ter en kriterij po Dofineji. Izmed najve\u010djih tedenskih etapnih dirk tako ni slavil zgolj na dirki po \u0160vici, na kateri pa do letos sploh ni nastopil.<\/p>\n<p>Uspehe je \u017eel tudi na nekaterih najve\u010djih enodnevnih dirkah. V svoji zbirki zmag ima tako kolesarski spomenik Liege-Bastogne-Liege, medtem ko je na spomeniku po Lombardiji, na svoji zadnji dirki v dresu Visme, osvojil tretje mesto. Dobil je tudi najstarej\u0161o enodnevno klasiko na svetu Milano-Torino, kar trikrat dirko po Emiliji, enkrat dirko po treh dolinah Vareseja, medtem ko je na presti\u017eni Valonski pu\u0161\u010dici zasedel drugo mesto.<\/p>\n<p>Prav tako velja omeniti, da je tekom svojega nastopanja za nizozemsko ekipo v dresu Slovenije osvojil zlato olimpijsko medaljo v vo\u017enji na \u010das ter srebrno medaljo s svetovnega prvenstva v kronometru.<\/p>\n<p>Leta 2020 je tudi prejel nagrado zlato kolo za najbolj\u0161ega kolesarja na svetu.<\/p>\n","protected":false},"excerpt":{"rendered":"Pojavile so se govorice, da bi se Primo\u017e Rogli\u010d po izteku pogodbe z Red Bull-BORA-hansgrohe lahko vrnil k&hellip;\n","protected":false},"author":2,"featured_media":215640,"comment_status":"","ping_status":"","sticky":false,"template":"","format":"standard","meta":{"footnotes":"","_share_on_mastodon":"0"},"categories":[20],"tags":[32,618,35,31,34,36,4557,37,38,33,9296],"class_list":["post-215639","post","type-post","status-publish","format-standard","has-post-thumbnail","category-novice","tag-headlines","tag-kolesarstvo","tag-najpomembnejse-novice","tag-news","tag-novice","tag-osrednje-novice","tag-primoz-roglic","tag-slovene","tag-slovenscina","tag-top-stories","tag-visma-lease-a-bike"],"share_on_mastodon":{"url":"https:\/\/pubeurope.com\/@si\/117213168479871618","error":""},"_links":{"self":[{"href":"https:\/\/www.europesays.com\/si\/wp-json\/wp\/v2\/posts\/215639","targetHints":{"allow":["GET"]}}],"collection":[{"href":"https:\/\/www.europesays.com\/si\/wp-json\/wp\/v2\/posts"}],"about":[{"href":"https:\/\/www.europesays.com\/si\/wp-json\/wp\/v2\/types\/post"}],"author":[{"embeddable":true,"href":"https:\/\/www.europesays.com\/si\/wp-json\/wp\/v2\/users\/2"}],"replies":[{"embeddable":true,"href":"https:\/\/www.europesays.com\/si\/wp-json\/wp\/v2\/comments?post=215639"}],"version-history":[{"count":0,"href":"https:\/\/www.europesays.com\/si\/wp-json\/wp\/v2\/posts\/215639\/revisions"}],"wp:featuredmedia":[{"embeddable":true,"href":"https:\/\/www.europesays.com\/si\/wp-json\/wp\/v2\/media\/215640"}],"wp:attachment":[{"href":"https:\/\/www.europesays.com\/si\/wp-json\/wp\/v2\/media?parent=215639"}],"wp:term":[{"taxonomy":"category","embeddable":true,"href":"https:\/\/www.europesays.com\/si\/wp-json\/wp\/v2\/categories?post=215639"},{"taxonomy":"post_tag","embeddable":true,"href":"https:\/\/www.europesays.com\/si\/wp-json\/wp\/v2\/tags?post=215639"}],"curies":[{"name":"wp","href":"https:\/\/api.w.org\/{rel}","templated":true}]}}