{"id":215657,"date":"2026-09-04T14:23:14","date_gmt":"2026-09-04T14:23:14","guid":{"rendered":"https:\/\/www.europesays.com\/si\/215657\/"},"modified":"2026-09-04T14:23:14","modified_gmt":"2026-09-04T14:23:14","slug":"kos-zaradi-povelicevanja-mladica-odpovedala-obisk-v-srbiji-vucic-pojasnilo-je-neumno","status":"publish","type":"post","link":"https:\/\/www.europesays.com\/si\/215657\/","title":{"rendered":"Kos zaradi &#8220;poveli\u010devanja&#8221; Mladi\u0107a odpovedala obisk v Srbiji. Vu\u010di\u0107: Pojasnilo je neumno."},"content":{"rendered":"<p>\t\t\t\t\t\t\t\t<a href=\"https:\/\/www.europesays.com\/si\/wp-content\/uploads\/2026\/09\/67093047.jpg\" itemprop=\"contentUrl\" data-size=\"1200x800\" data-large=\"https:\/\/www.europesays.com\/si\/wp-content\/uploads\/2026\/09\/67093047.jpg\"><br \/>\n\t\t\t\t\t\t\t\t\t<img decoding=\"async\" src=\"https:\/\/www.europesays.com\/si\/wp-content\/uploads\/2026\/09\/67093047.jpg\" title=\"Foto: Reuters\" alt=\"Foto: Reuters\"\/><br \/>\n\t\t\t\t\t\t\t\t<\/a><\/p>\n<p>\t\t\t\t\t\t\t\t\tFoto: Reuters<\/p>\n<p>\t\t\t\t\t\t\t<a id=\"preferredSourceBanner\" href=\"https:\/\/www.rtvslo.si\/svet\/evropa\/kos-zaradi-povelicevanja-mladica-odpovedala-obisk-v-srbiji\/javascript:void(0)\" target=\"_blank\" class=\"d-none align-items-center justify-content-between rounded my-3\" style=\"padding: 10px 15px;\" rel=\"nofollow noopener\"><br \/>\n\t\t\t\t\t\t<img decoding=\"async\" src=\"https:\/\/img.rtvslo.si\/_static\/novi\/img\/ico-google.svg\" class=\"flex-shrink-0 mr-3\" aria-hidden=\"true\"\/><br \/>\n\t\t\t\t\t\tSpremljajte RTVSLO.si kot prednostni vir na Google<\/p>\n<p>\t\t\t\t\t<\/a><\/p>\n<p>&#8220;Ratko Mladi\u0107 je bil obsojen genocida, zlo\u010dinov proti \u010dlove\u010dnosti in vojnih zlo\u010dinov. Vrnitev njegovih posmrtnih ostankov v Beograd nas spominja na najtemnej\u0161e strani na\u0161e nedavne zgodovine. Poveli\u010devanje, ki spremlja njegovo smrt, ni v skladu z vrednotami, na katerih temelji pot v EU,&#8221; je zapisala komisarka iz Slovenije.<\/p>\n<p>Oglas<\/p>\n<p>Dodala je, da ta pot od dr\u017eav kandidatk zahteva soo\u010denje s preteklostjo, iskreno spravo in spo\u0161tovanje \u017ertev vojnih zlo\u010dinov.<\/p>\n<p>&#8220;O vrednotah, na katerih temelji na\u0161a skupna prihodnost, se ni mogo\u010de pogajati,&#8221; je \u0161e poudarila Kos. Zato se je odlo\u010dila, da prihodnji teden ne bo obiskala Srbije, kot je na\u010drtovala.<\/p>\n<p>\t\t\t\t\t\t\t\t\t\tSlovenski in hrva\u0161ki zunanji minister Tone Kajzer in Gordan Grli\u0107 Radman, ki je danes na delovnem obisku v Ljubljani, sta kritizirala poveli\u010devanje Mladi\u0107a v Srbiji.<\/p>\n<p>Kajzer je jasno sporo\u010dil, da to ni prava pot za prihodnost Srbije. Pri tem je na skupni novinarski konferenci spomnil, da so bili za hude zlo\u010dine na obmo\u010dju nekdanje Jugoslavije obsojeni in kaznovani resni\u010dni ljudje.<\/p>\n<p>&#8220;Kakr\u0161no koli poveli\u010devanje oziroma dajanje v ospredje teh ljudi seveda ne bo pripomoglo k napredku niti v tem konkretnem primeru Srbije niti k bolj\u0161emu razumevanju med sosedami in v regiji,&#8221; je dejal.<\/p>\n<p>Hrva\u0161ki minister je medtem dejal, da poveli\u010devanje vojnega zlo\u010dinca, obsojenega zaradi vojnih zlo\u010dinov v BiH-u, spodkopava spravo in nadaljnja prizadevanja za stabilnost in varnost dr\u017eav Zahodnega Balkana ter poglablja delitve in krepi napetosti. Pri tem je izrazil ob\u017ealovanje, da Mladi\u0107 ni bil obsojen tudi za zlo\u010dine na Hrva\u0161kem.<\/p>\n<p>\t\t\t\t\t\t\tVu\u010di\u0107: Pojasnilo je bilo zelo kratko, ampak neumno<\/p>\n<p>Predsednik Srbije Aleksandar Vu\u010di\u0107 se je odzval na izjavo Marte Kos. Njeno pojasnilo je ozna\u010dil za &#8220;izrazito kratko, ampak neumno kot obi\u010dajno&#8221;. Komisarki je o\u010dital, da ni pojasnila, kdo je kaj poveli\u010deval.<\/p>\n<p>Kot je \u0161e dejal po poro\u010danju N1 Srbija, ga ne moti, da Kos ne bo pri\u0161la v Beograd, motijo pa ga, kot je dejal, njeni komentarji o Srbiji in srbskem narodu. &#8220;Ne dovolim ti, da poni\u017euje\u0161 na\u0161o dr\u017eavo, in ne la\u017ei,&#8221; je dejal.<\/p>\n<p>Vu\u010di\u0107 se njegovega pogreba ne bo udele\u017eil<\/p>\n<p>Ratko Mladi\u0107 je umrl pred enim tednom v 85. letu starosti v zaporu v Haagu, kjer je prestajal dosmrtno zaporno kazen zaradi vojnih zlo\u010dinov in genocida med vojno v Bosni in Hercegovini med letoma 1992 in 1995.<\/p>\n<p>Po njegovi smrti je srbski minister za pravosodje Nenad Vuji\u0107 napovedal, da bi ga v Srbiji lahko pokopali z najvi\u0161jimi dr\u017eavnimi \u010dastmi, kar pa je srbski predsednik Vu\u010di\u0107 zanikal in dejal, da je organizacija pogreba v rokah Mladi\u0107eve dru\u017eine, sam pa se pogreba ne bo udele\u017eil. Kot je v petek pojasnil v odgovoru na novinarsko vpra\u0161anje, bo zaposlen z dvodnevnim uradnim obiskom predsednika Uzbekistana \u0160avkata Mirzijojeva, za katerega sta se dr\u017eavi dogovorili pred \u0161tirimi meseci.<\/p>\n<p>Letalo s posmrtnimi ostanki nekdanjega voja\u0161kega poveljnika bosanskih Srbov je v glavnem mestu Srbije pristalo v \u010detrtek, nato so jih z letali\u0161\u010da v konvoju vozil prepeljali na Voja\u0161ko medicinsko akademijo, kjer naj bi na zahtevo njegove dru\u017eine opravili obdukcijo.<\/p>\n<p>Ob poti so vozilu s posmrtnimi ostanki salutirali policisti in pripadniki srbske \u017eandarmerije, ljudje pa so na nadvozih pri\u017eigali bakle in razgrnili transparente Dobrodo\u0161el doma, general in Ratko Mladi\u0107, srbski junak, je razvidno s fotografij in posnetkov, objavljenih v medijih.<\/p>\n<p>Kot je v petek potrdil njegov sin Darko Mladi\u0107, bo v soboto ob 12. uri v Hi\u0161i srbskih oboro\u017eenih sil v Beogradu potekala spominska slovesnost. Po njegovih besedah bodo Ratka Mladi\u0107a pokopali v ponedeljek popoldne na beograjskem pokopali\u0161\u010du Top\u010dider, pred tem bo krsta z njegovimi posmrtnimi ostanki dopoldne na ogled na Ko\u0161utnjaku ju\u017eno od Beograda.<\/p>\n<p>Mladi\u0107eva dru\u017eina trdi, da so ga v Haagu &#8220;ubili z malomarnim zdravljenjem&#8221;<\/p>\n<p>Darko Mladi\u0107 je \u0161e dejal, da so po mnenju njegove dru\u017eine nekdanjega generala sil bosanskih Srbov v zaporu ubili z malomarnim zdravljenjem in namernim dajanjem mo\u010dnih opiatov.<\/p>\n<p>Kot je dejal na novinarski konferenci, je bil njegov o\u010de v Haagu dele\u017een dobre oskrbe, kar pa ni isto kot zdravljenje. &#8220;\u010cloveka lahko nastanite v hotelu s sedmimi zvezdicami in mu ponudite najbolj\u0161o hrano ter najbolj\u0161o oskrbo, a \u010de ga ne zdravite pravilno, ga ne morete re\u0161iti,&#8221; je poudaril.<\/p>\n<p>Oglas<\/p>\n","protected":false},"excerpt":{"rendered":"Foto: Reuters Spremljajte RTVSLO.si kot prednostni vir na Google &#8220;Ratko Mladi\u0107 je bil obsojen genocida, zlo\u010dinov proti \u010dlove\u010dnosti&hellip;\n","protected":false},"author":2,"featured_media":215658,"comment_status":"","ping_status":"","sticky":false,"template":"","format":"standard","meta":{"footnotes":"","_share_on_mastodon":"0"},"categories":[3],"tags":[2702,500,65,66,9030,19584,37,38,780,5805],"class_list":["post-215657","post","type-post","status-publish","format-standard","has-post-thumbnail","category-evropa","tag-aleksandar-vucic","tag-eu","tag-europe","tag-evropa","tag-marta-kos","tag-ratko-mladic","tag-slovene","tag-slovenscina","tag-srbija","tag-vojni-zlocini"],"share_on_mastodon":{"url":"https:\/\/pubeurope.com\/@si\/117213227287527254","error":""},"_links":{"self":[{"href":"https:\/\/www.europesays.com\/si\/wp-json\/wp\/v2\/posts\/215657","targetHints":{"allow":["GET"]}}],"collection":[{"href":"https:\/\/www.europesays.com\/si\/wp-json\/wp\/v2\/posts"}],"about":[{"href":"https:\/\/www.europesays.com\/si\/wp-json\/wp\/v2\/types\/post"}],"author":[{"embeddable":true,"href":"https:\/\/www.europesays.com\/si\/wp-json\/wp\/v2\/users\/2"}],"replies":[{"embeddable":true,"href":"https:\/\/www.europesays.com\/si\/wp-json\/wp\/v2\/comments?post=215657"}],"version-history":[{"count":0,"href":"https:\/\/www.europesays.com\/si\/wp-json\/wp\/v2\/posts\/215657\/revisions"}],"wp:featuredmedia":[{"embeddable":true,"href":"https:\/\/www.europesays.com\/si\/wp-json\/wp\/v2\/media\/215658"}],"wp:attachment":[{"href":"https:\/\/www.europesays.com\/si\/wp-json\/wp\/v2\/media?parent=215657"}],"wp:term":[{"taxonomy":"category","embeddable":true,"href":"https:\/\/www.europesays.com\/si\/wp-json\/wp\/v2\/categories?post=215657"},{"taxonomy":"post_tag","embeddable":true,"href":"https:\/\/www.europesays.com\/si\/wp-json\/wp\/v2\/tags?post=215657"}],"curies":[{"name":"wp","href":"https:\/\/api.w.org\/{rel}","templated":true}]}}