{"id":215719,"date":"2026-09-04T15:14:07","date_gmt":"2026-09-04T15:14:07","guid":{"rendered":"https:\/\/www.europesays.com\/si\/215719\/"},"modified":"2026-09-04T15:14:07","modified_gmt":"2026-09-04T15:14:07","slug":"eva-alina-in-ziga-lin-hocevar-poskrbela-za-prelep-slovenski-dan-v-parizu","status":"publish","type":"post","link":"https:\/\/www.europesays.com\/si\/215719\/","title":{"rendered":"Eva Alina in \u017diga Lin Ho\u010devar poskrbela za prelep slovenski dan v Parizu"},"content":{"rendered":"<p>Na tekmi svetovnega pokala v slalomu na divjih vodah v Parizu so bili dose\u017eki slovenskih kanuistov precej bolj\u0161i od \u010detrtkovih kajaka\u0161ev. Brat in sestra \u017diga Lin Ho\u010devar in Eva Alina Ho\u010devar sta se zavihtela na stopni\u010dke, oba sta zasedla drugo mesto, oba sta pred zadnjo tekmo tudi na samem vrhu v skupnem se\u0161tevku svetovnega pokala.<\/p>\n<p>Odli\u010den dan za Ho\u010devarja so na olimpijski progi napovedale \u017ee kvalifikacije. Najprej je zablestela Eva Alina, ki je bila kljub dotiku in dvema kazenskima sekundama najhitrej\u0161a, za 71 stotink sekunde je ugnala Martino Satkovo.<\/p>\n<p>Po njeni poti nista \u0161li Lea Novak in Alja Kozorog, prva je brez pribitkov zasedla 21. mesto, druga pa je bila s \u0161tirimi kazenskimi sekundami 36.<\/p>\n<p>\u017diga Lin za sestro ni hotel zaostajati, tudi on je bil v kvalifikacijski vo\u017enji najhitrej\u0161i, od drugouvr\u0161\u010denega Italijana Raffaela Ivaldija je bil bolj\u0161i kar za tri sekunde in 34 stotink. \u010ce Benjamin Sav\u0161ek ne bi nabral dveh kazenskih sekund, bi bila Slovenca prvi in drugi, tako pa se je moral nekdanji olimpijski prvak zadovoljiti s sedmim kvalifikacijskim \u010dasom.<\/p>\n<p>A uvrstil se je v finale, s \u010dimer pa se ni mogel pohvaliti Luka Bo\u017ei\u010d. Na progi je bil po\u010dasen, brez dotika je zaostal ve\u010d kot deset sekund in zasedel 19. mesto.<\/p>\n<p>Zmagi odnesli manj\u0161i napaki<\/p>\n<p>V finalu je bila Ho\u010devar \u0161e hitrej\u0161a kot dopoldne, a enako velja za njene konkurentke. Storila je napako, si nabrala dve kazenski sekundi, za zmagovalko, Slovakinjo Zuzano Pankovo, ki se je prav tako dotaknila enih vratc, je zaostala sekundo in 74 stotink. Tretje mesto je zasedla Italijanka Marta Bertoncelli.<\/p>\n<p>\u017digi Linu je zmago, ki se mu je izmuznila za vsega 16 stotink sekunde, onemogo\u010dil dotik vratc, na progi je bil tudi v drugo najhitrej\u0161i. Sav\u0161ek pa je imel veliko te\u017eav, nabral si je \u0161est kazenskih sekund, toda ni bil edini z napakami, tako da je vseeno pri\u0161el do solidnega osmega mesta. Zmagal je \u010ceh Vaclav Chaloupka, tretji je bil olimpijski prvak Nicolas Gestin.<\/p>\n<p>V svetovnem pokalu pred zadnjo tekmu v Seu d&#8217;Urgellu oba Ho\u010devarja vodita v skupnem se\u0161tevku svetovnega pokala. S samimi vrhunskimi uvrstitvami ima \u017diga Lin Ho\u010devar kar 44 to\u010dk prednosti prednosti pred Chaloupko, prednost sestre pa je manj\u0161a, ima namre\u010d devet to\u010dk ve\u010d od Satkove in 36 to\u010dk ve\u010d od Avstralje Jessice Fox.<\/p>\n<p>V soboto bodo \u0161e preizku\u0161nje v krosu.<\/p>\n<p>Preberite \u0161e:<\/p>\n","protected":false},"excerpt":{"rendered":"Na tekmi svetovnega pokala v slalomu na divjih vodah v Parizu so bili dose\u017eki slovenskih kanuistov precej bolj\u0161i&hellip;\n","protected":false},"author":2,"featured_media":215720,"comment_status":"","ping_status":"","sticky":false,"template":"","format":"standard","meta":{"footnotes":"","_share_on_mastodon":"0"},"categories":[16],"tags":[30762,5619,5620,62,37,58,60,38,94,93,13555],"class_list":["post-215719","post","type-post","status-publish","format-standard","has-post-thumbnail","category-sport","tag-eva-alina-hocevar","tag-kajak","tag-kanu","tag-si","tag-slovene","tag-slovenia","tag-slovenija","tag-slovenscina","tag-sport","tag-sports","tag-ziga-lin-hocevar"],"share_on_mastodon":{"url":"https:\/\/pubeurope.com\/@si\/117213427624655647","error":""},"_links":{"self":[{"href":"https:\/\/www.europesays.com\/si\/wp-json\/wp\/v2\/posts\/215719","targetHints":{"allow":["GET"]}}],"collection":[{"href":"https:\/\/www.europesays.com\/si\/wp-json\/wp\/v2\/posts"}],"about":[{"href":"https:\/\/www.europesays.com\/si\/wp-json\/wp\/v2\/types\/post"}],"author":[{"embeddable":true,"href":"https:\/\/www.europesays.com\/si\/wp-json\/wp\/v2\/users\/2"}],"replies":[{"embeddable":true,"href":"https:\/\/www.europesays.com\/si\/wp-json\/wp\/v2\/comments?post=215719"}],"version-history":[{"count":0,"href":"https:\/\/www.europesays.com\/si\/wp-json\/wp\/v2\/posts\/215719\/revisions"}],"wp:featuredmedia":[{"embeddable":true,"href":"https:\/\/www.europesays.com\/si\/wp-json\/wp\/v2\/media\/215720"}],"wp:attachment":[{"href":"https:\/\/www.europesays.com\/si\/wp-json\/wp\/v2\/media?parent=215719"}],"wp:term":[{"taxonomy":"category","embeddable":true,"href":"https:\/\/www.europesays.com\/si\/wp-json\/wp\/v2\/categories?post=215719"},{"taxonomy":"post_tag","embeddable":true,"href":"https:\/\/www.europesays.com\/si\/wp-json\/wp\/v2\/tags?post=215719"}],"curies":[{"name":"wp","href":"https:\/\/api.w.org\/{rel}","templated":true}]}}