{"id":215723,"date":"2026-09-04T15:18:08","date_gmt":"2026-09-04T15:18:08","guid":{"rendered":"https:\/\/www.europesays.com\/si\/215723\/"},"modified":"2026-09-04T15:18:08","modified_gmt":"2026-09-04T15:18:08","slug":"pozabite-na-pravo-zimo-prve-napovedi-ne-obetajo-nic-dobrega","status":"publish","type":"post","link":"https:\/\/www.europesays.com\/si\/215723\/","title":{"rendered":"Pozabite na pravo zimo: Prve napovedi ne obetajo ni\u010d dobrega"},"content":{"rendered":"<p>Tak\u0161no zimo 2026\/2027 nam napovedujejo meteorologi.<\/p>\n<p>V nadaljevanju preberite:<\/p>\n<p>Prve napovedi ka\u017eejo zelo pozen za\u010detek sne\u017ene sezone.<br \/>\nV ve\u010djem delu Evrope naj bi zapadlo (\u0161e) manj snega kot obi\u010dajno.<br \/>\nNajbolj\u0161e razmere se obetajo predvsem nad 1800 metri.<\/p>\n<p>Prve napovedi sne\u017enih padavin za <a href=\"https:\/\/www.zurnal24.si\/kljucne-besede\/zima-8677\/articles\" rel=\"nofollow noopener\" target=\"_blank\">zimo<\/a> 2026\/2027 ka\u017eejo na mo\u010dan vpliv <a href=\"https:\/\/www.zurnal24.si\/slovenija\/se-sest-dni-poletnih-temperatur-nato-izrazit-preobrat-464589\" rel=\"nofollow noopener\" target=\"_blank\">super El Nina<\/a>. Ta se trenutno \u0161e razvija, meteorologi s <a href=\"https:\/\/www.severe-weather.eu\/long-range-2\/winter-2026-2027-seasonal-models-first-snowfall-predictions-super-el-nino-united-states-canada-europe-fa\/\" rel=\"nofollow noopener\" target=\"_blank\">Severe Weather<\/a> pa napovedujejo, da\u00a0bo eden najmo\u010dnej\u0161ih, \u010de ne celo najmo\u010dnej\u0161i, tovrstnih dogodkov v desetletjih, zato bo imel velik vpliv na to, kak\u0161no zimo bomo imeli.<\/p>\n<p>Napovedi prvih sne\u017enih padavin za zimo 2026\/2027<\/p>\n<p>Pri\u010dakovati je &#8220;zelo zakasnjen za\u010detek sne\u017ene sezone\u00a0tudi na vi\u0161jih nadmorskih vi\u0161inah, saj greben visokega zra\u010dnega tlaka prina\u0161a vi\u0161je temperature in manj padavin&#8221;. Novembra bo tako v ni\u017einah\u00a0\u0161e jesensko toplo\u00a0in prav ni\u010d zimsko.\u00a0<\/p>\n<p>\u010ce sploh, lahko prve sne\u017einke\u00a0pri\u010dakujemo decembra, a meteorologi za Evropo v prihajajo\u010di zimi ne napovedujejo veliko sne\u017enih padavin:\u00a0&#8220;Na ve\u010djem delu celine naj bi bilo manj sne\u017enih padavin kot obi\u010dajno, razen v visokogorju, torej v\u00a0Alpah,\u00a0in obmo\u010djih z ni\u017ejimi temperaturami na severu in severovzhodu.&#8221;\u00a0Razen na severu in severovzhodu Evrope bo sne\u017eilo zelo malo. Napoved ka\u017ee na podpovpre\u010dno koli\u010dino sne\u017enih padavin v ve\u010djem delu osrednje, zahodne, severozahodne in ju\u017ene Evrope.<\/p>\n<p><a href=\"https:\/\/www.severe-weather.eu\/long-range-2\/winter-2026-2027-seasonal-models-first-snowfall-predictions-super-el-nino-united-states-canada-europe-fa\/\" rel=\"nofollow noopener\" target=\"_blank\"><\/p>\n<p><img decoding=\"async\" alt=\"Vremenska napoved | Avtor: Severe Weather Europe\" class=\"rwd\" data-href=\"https:\/\/www.zurnal24.si\/media\/img\/34\/62\/b0e7fe09cda0a97e7eb7.jpeg\" itemprop=\"image\" src=\"\/media\/img\/c8\/4c\/27173df01d79f503a696.jpeg\"\/><\/p>\n<p>                Severe Weather Europe<\/p>\n<p><\/a><\/p>\n<p>Podpovpre\u010dno sne\u017eenje sicer ne pomeni, da sploh ne bo sne\u017eilo. Pomeni le (\u0161e) manj snega kot v prej\u0161njih letih. &#8220;Torej lahko na obmo\u010dju, kjer pozimi obi\u010dajno pade meter snega, pade le 25 centimetrov snega,&#8221; opisuje\u00a0meteorolog Andrej Flis, zaposlen pri Severe Weather.\u00a0Zaradi vi\u0161jih temperatur bo v ni\u017einah to zimo sicer pogosteje de\u017eevalo kot sne\u017eilo.<\/p>\n<p><img decoding=\"async\" alt=\"Vreme | Avtor: Profimedia\" class=\"rwd\" data-href=\"https:\/\/www.zurnal24.si\/media\/img\/67\/7d\/808e5cd12fb97881f6c3.jpeg\" itemprop=\"image\" src=\"\/media\/img\/f0\/5c\/948d5cc54a5248e18805.jpeg\"\/><\/p>\n<p>                Profimedia<\/p>\n<p>Za smu\u010darje bo prihajajo\u010da sezona tako\u00a0odvisna od tega, na kako visoko le\u017ee\u010de smu\u010di\u0161\u010de se bodo odpravili. &#8220;Obmo\u010dja nad 1800\u20132000 metri nadmorske vi\u0161ine v Alpah bodo imela sne\u017eno odejo,&#8221; napovedujejo meteorologi.<\/p>\n<p>El Nino<\/p>\n<p>El Nino je naravni podnebni pojav, povezan z izrazitim segrevanjem povr\u0161inskega dela osrednjega in vzhodnega tropskega Tihega oceana. Kot smo poro\u010dali, se El Nino naravno pojavi pribli\u017eno na dve do sedem let, podnebne spremembe pa ga ne povzro\u010dajo neposredno, lahko pa okrepijo nekatere njegove posledice.<\/p>\n<p>Vpliva na vetrove, zra\u010dni tlak in poti vremenskih sistemov in\u00a0lahko na razli\u010dnih koncih sveta pove\u010da verjetnost vremenskih skrajnosti.<\/p>\n<p><a class=\"related_article__link\" href=\"https:\/\/www.zurnal24.si\/slovenija\/se-sest-dni-poletnih-temperatur-nato-izrazit-preobrat-464589\" rel=\"nofollow noopener\" target=\"_blank\"><\/p>\n<p><img loading=\"lazy\" decoding=\"async\" alt=\"nevihta\" class=\"related_article__image\" data-size=\"100x100\" height=\"100\" src=\"https:\/\/www.europesays.com\/si\/wp-content\/uploads\/2026\/09\/1418af066a18245017c4.jpeg\" width=\"100\"\/><\/p>\n<p><\/a><\/p>\n<p><a href=\"https:\/\/www.zurnal24.si\/slovenija\/se-sest-dni-poletnih-temperatur-nato-izrazit-preobrat-464589\" rel=\"nofollow noopener\" target=\"_blank\"><br \/>\n                Vreme<br \/>\n            <\/a><\/p>\n<p><a href=\"https:\/\/www.zurnal24.si\/slovenija\" rel=\"nofollow noopener\" target=\"_blank\"><br \/>\n                Slovenija<br \/>\n            <\/a><\/p>\n<p><a href=\"https:\/\/www.zurnal24.si\/slovenija\/se-sest-dni-poletnih-temperatur-nato-izrazit-preobrat-464589\" rel=\"nofollow noopener\" target=\"_blank\"><\/p>\n<p>                \u0160e \u0161est dni poletnih temperatur, nato izrazit preobrat<\/p>\n<p>            <\/a><\/p>\n<p>El Nino nastane tako, da se nad toplej\u0161im delom Tihega oceana topel in vla\u017een zrak za\u010dne mo\u010dneje dvigovati, zato se tam zra\u010dni tlak zni\u017ea in pove\u010da koli\u010dina padavin. V zahodnem delu Pacifika se zrak medtem spu\u0161\u010da, kar ustvarja stabilnej\u0161e vreme in vi\u0161ji zra\u010dni tlak. Sprememba se nato prek povezave med oceanom in ozra\u010djem raz\u0161iri dale\u010d zunaj obmo\u010dja Tihega oceana.<\/p>\n<p>Mo\u010d pojava razkriva tudi dogajanje pod morsko gladino. Severe Weather opozarja na izrazit pas nenavadno tople vode v zgornjih 250 metrih tropskega Pacifika, imenovan padajo\u010di Kelvinov val. Kot smo \u017ee poro\u010dali, so bile temperature morske gladine v nekaterih delih tropskega Pacifika od 2,2 do 2,6 stopinje nad dolgoletnim povpre\u010djem, pod gladino pa so bila odstopanja \u0161e bistveno ve\u010dja. Ponekod so temperature pod gladino za ve\u010d kot deset stopinj Celzija vi\u0161je od povpre\u010dja.<\/p>\n<p>Ta topla voda se pomika proti vzhodu in se pribli\u017euje povr\u0161ju, s \u010dimer dodatno krepi segrevanje vzhodnega dela Tihega oceana. Kelvinov val naj bi hkrati predstavljal veliko zalogo energije, zaradi katere bi El Nino lahko ostal mo\u010dan tudi globoko v zimo.<\/p>\n<p>Kot smo poro\u010dali, so med mo\u017enimi posledicami leto\u0161njega El Nina su\u0161e v Avstraliji, Indoneziji in ju\u017enem delu Afrike ter obilnej\u0161e padavine ob zahodni obali Ju\u017ene Amerike, v vzhodni Afriki in na jugu Zdru\u017eenih dr\u017eav Amerike.\u00a0Evropa je od dogajanja v Pacifiku bolj oddaljena, zato povezava ni tako neposredna. Prina\u0161a nam le de\u017e namesto snega pozimi.<\/p>\n<p><a href=\"https:\/\/www.zurnal24.si\/slovenija\/mailto:dezurni@styria-media.si\" rel=\"nofollow noopener\" target=\"_blank\">dezurni@styria-media.si<\/a><\/p>\n","protected":false},"excerpt":{"rendered":"Tak\u0161no zimo 2026\/2027 nam napovedujejo meteorologi. V nadaljevanju preberite: Prve napovedi ka\u017eejo zelo pozen za\u010detek sne\u017ene sezone. V&hellip;\n","protected":false},"author":2,"featured_media":215724,"comment_status":"","ping_status":"","sticky":false,"template":"","format":"standard","meta":{"footnotes":"","_share_on_mastodon":"0"},"categories":[8],"tags":[10593,8792,66,52638,13188,37,38,271,375,52637,64,374,1995,63,982],"class_list":["post-215723","post","type-post","status-publish","format-standard","has-post-thumbnail","category-svet","tag-dez","tag-el-nino","tag-evropa","tag-severe-weather","tag-severe-weather-europe","tag-slovene","tag-slovenscina","tag-sneg","tag-snezenje","tag-srednjerocna-napoved","tag-svet","tag-vreme","tag-vremenska-napoved","tag-world","tag-zima"],"share_on_mastodon":{"url":"https:\/\/pubeurope.com\/@si\/117213443768474148","error":""},"_links":{"self":[{"href":"https:\/\/www.europesays.com\/si\/wp-json\/wp\/v2\/posts\/215723","targetHints":{"allow":["GET"]}}],"collection":[{"href":"https:\/\/www.europesays.com\/si\/wp-json\/wp\/v2\/posts"}],"about":[{"href":"https:\/\/www.europesays.com\/si\/wp-json\/wp\/v2\/types\/post"}],"author":[{"embeddable":true,"href":"https:\/\/www.europesays.com\/si\/wp-json\/wp\/v2\/users\/2"}],"replies":[{"embeddable":true,"href":"https:\/\/www.europesays.com\/si\/wp-json\/wp\/v2\/comments?post=215723"}],"version-history":[{"count":0,"href":"https:\/\/www.europesays.com\/si\/wp-json\/wp\/v2\/posts\/215723\/revisions"}],"wp:featuredmedia":[{"embeddable":true,"href":"https:\/\/www.europesays.com\/si\/wp-json\/wp\/v2\/media\/215724"}],"wp:attachment":[{"href":"https:\/\/www.europesays.com\/si\/wp-json\/wp\/v2\/media?parent=215723"}],"wp:term":[{"taxonomy":"category","embeddable":true,"href":"https:\/\/www.europesays.com\/si\/wp-json\/wp\/v2\/categories?post=215723"},{"taxonomy":"post_tag","embeddable":true,"href":"https:\/\/www.europesays.com\/si\/wp-json\/wp\/v2\/tags?post=215723"}],"curies":[{"name":"wp","href":"https:\/\/api.w.org\/{rel}","templated":true}]}}