{"id":215759,"date":"2026-09-04T15:54:06","date_gmt":"2026-09-04T15:54:06","guid":{"rendered":"https:\/\/www.europesays.com\/si\/215759\/"},"modified":"2026-09-04T15:54:06","modified_gmt":"2026-09-04T15:54:06","slug":"groza-na-solskem-dvoriscu-najstnica-zabodla-dve-dekleti","status":"publish","type":"post","link":"https:\/\/www.europesays.com\/si\/215759\/","title":{"rendered":"Groza na \u0161olskem dvori\u0161\u010du: Najstnica zabodla dve dekleti"},"content":{"rendered":"<p>Dopoldne je na obmo\u010dju Tuzle pri\u0161lo do grozljivega napada, v katerem sta bili po\u0161kodovani 14-letni dekleti.<\/p>\n<p>Na dvori\u0161\u010du ene od \u0161ol na obmo\u010dju Tuzle se je zgodil napad, v katerem sta bili po\u0161kodovani dve 14-letni dekleti. Po poro\u010danju Dnevnega Avaza je 15-letno dekle s hladnim oro\u017ejem po\u0161kodovalo dve dekleti.\u00a0<\/p>\n<p>Obe po\u0161kodovani sta bili z re\u0161evalnim vozilom prepeljani v bolni\u0161nico v Tuzli. Njuni \u017eivljenji naj ne bi bili v nevarnosti, resnost po\u0161kodb pa \u0161e ugotavljajo.\u00a0<\/p>\n<p>Napadalka je pod policijskim nadzorom. O dogodku so obvestili tudi de\u017eurnega to\u017eilca, ki bo vodil preiskavo.\u00a0<\/p>\n<p>*Fotografija je simboli\u010dna.<\/p>\n<p><a href=\"https:\/\/www.zurnal24.si\/svet\/mailto:dezurni@styria-media.si\" rel=\"nofollow noopener\" target=\"_blank\">dezurni@styria-media.si<\/a><\/p>\n","protected":false},"excerpt":{"rendered":"Dopoldne je na obmo\u010dju Tuzle pri\u0161lo do grozljivega napada, v katerem sta bili po\u0161kodovani 14-letni dekleti. Na dvori\u0161\u010du&hellip;\n","protected":false},"author":2,"featured_media":215760,"comment_status":"","ping_status":"","sticky":false,"template":"","format":"standard","meta":{"footnotes":"","_share_on_mastodon":"0"},"categories":[8],"tags":[2273,52642,2525,529,37,38,64,43154,63],"class_list":["post-215759","post","type-post","status-publish","format-standard","has-post-thumbnail","category-svet","tag-bosna-in-hercegovina","tag-hladno-orozje","tag-najstnica","tag-napad","tag-slovene","tag-slovenscina","tag-svet","tag-tuzla","tag-world"],"share_on_mastodon":{"url":"https:\/\/pubeurope.com\/@si\/117213584727327697","error":""},"_links":{"self":[{"href":"https:\/\/www.europesays.com\/si\/wp-json\/wp\/v2\/posts\/215759","targetHints":{"allow":["GET"]}}],"collection":[{"href":"https:\/\/www.europesays.com\/si\/wp-json\/wp\/v2\/posts"}],"about":[{"href":"https:\/\/www.europesays.com\/si\/wp-json\/wp\/v2\/types\/post"}],"author":[{"embeddable":true,"href":"https:\/\/www.europesays.com\/si\/wp-json\/wp\/v2\/users\/2"}],"replies":[{"embeddable":true,"href":"https:\/\/www.europesays.com\/si\/wp-json\/wp\/v2\/comments?post=215759"}],"version-history":[{"count":0,"href":"https:\/\/www.europesays.com\/si\/wp-json\/wp\/v2\/posts\/215759\/revisions"}],"wp:featuredmedia":[{"embeddable":true,"href":"https:\/\/www.europesays.com\/si\/wp-json\/wp\/v2\/media\/215760"}],"wp:attachment":[{"href":"https:\/\/www.europesays.com\/si\/wp-json\/wp\/v2\/media?parent=215759"}],"wp:term":[{"taxonomy":"category","embeddable":true,"href":"https:\/\/www.europesays.com\/si\/wp-json\/wp\/v2\/categories?post=215759"},{"taxonomy":"post_tag","embeddable":true,"href":"https:\/\/www.europesays.com\/si\/wp-json\/wp\/v2\/tags?post=215759"}],"curies":[{"name":"wp","href":"https:\/\/api.w.org\/{rel}","templated":true}]}}