{"id":215761,"date":"2026-09-04T15:55:14","date_gmt":"2026-09-04T15:55:14","guid":{"rendered":"https:\/\/www.europesays.com\/si\/215761\/"},"modified":"2026-09-04T15:55:14","modified_gmt":"2026-09-04T15:55:14","slug":"video-umiril-se-je-sele-na-tleh-motorist-bezal-pred-policistom-padel-in-skusal-uiti-pes","status":"publish","type":"post","link":"https:\/\/www.europesays.com\/si\/215761\/","title":{"rendered":"(VIDEO) Umiril se je \u0161ele na tleh: motorist be\u017eal pred policistom, padel in sku\u0161al uiti pe\u0161"},"content":{"rendered":"<p>    <img decoding=\"async\" data-lb-desktop=\"\/media\/2026\/09\/04\/860493\/Orig-Gemini_Generated_Image_m0d4ocm0d4ocm0d4-1200.webp\" data-lb-mobile=\"\/media\/2026\/09\/04\/860493\/Orig-Gemini_Generated_Image_m0d4ocm0d4ocm0d4-600.webp\" class=\"main-gallery-image se_image_lb\" src=\"https:\/\/www.europesays.com\/si\/wp-content\/uploads\/2026\/09\/Wide-Gemini_Generated_Image_m0d4ocm0d4ocm0d4-1000.webp\" alt=\"motorist na begu, ujet, Kamnik, policija, policist, \"\/><\/p>\n<p>Policija bo temeljito preverila tudi\u00a0zakonitost in strokovnost uporabe prisilnih sredstev. Foto:\u00a0zajem zaslona\/obdelano z UI<\/p>\n<p>(VIDEO) Umiril se je \u0161ele na tleh: motorist be\u017eal pred policistom, padel in sku\u0161al uiti pe\u0161<\/p>\n<p>Policist motorist je med nadzorom prometa na obmo\u010dju Kamnika opazil voznika, ki je vozil neregistrirano motorno kolo. Policist ga je za\u010del ustavljati z modro lu\u010djo in sireno, vendar voznik njegovih ukazov ni upo\u0161teval in je sku\u0161al pobegniti.<\/p>\n<p>                        04. 09. 2026, 10.01\n                    <\/p>\n<p> jk\n                    <\/p>\n<p>                        <a href=\"https:\/\/google.com\/preferences\/source?q=dnevnik.si\" class=\"se-author-gps-cta\" target=\"_blank\" rel=\"nofollow noopener\"><br \/>\n                            <img decoding=\"async\" class=\"se-author-gps-cta-badge\" src=\"https:\/\/www.europesays.com\/si\/wp-content\/uploads\/2026\/09\/1788537314_279_dnevnik_gps_badge.png\" alt=\"Google Preferred Sources CTA\"\/><br \/>\n                        <\/a><\/p>\n<p>Na begu je motorist z\u00a0glavne ceste zapeljal na stransko ulico, pri manevriranju skozi ovinek pa je zaradi neprilagojene hitrosti padel. Policist\u00a0ga je dohitel, vendar voznik tudi takrat ni upo\u0161teval njegovih ukazov, temve\u010d je posku\u0161al znova pobegniti pe\u0161. Policist ga je ustavil in ker se je aktivno upiral, je\u00a0zoper njega uporabil prisilna sredstva.<\/p>\n<p>Polnoletni voznik se je pri dogodku la\u017eje po\u0161kodoval. Po prvih ugotovitvah so po\u0161kodbe posledica padca z motorjem, in ne uporabe prisilnih sredstev. Policist v incidentu ni bil po\u0161kodovan.<\/p>\n<p>Prijetje pobeglega motorista so posneli mimoido\u010di:<\/p>\n<p>Policisti so na kraju opravili ogled in nadaljujejo zbiranje obvestil zaradi suma kaznivega dejanja prepre\u010ditve uradnega dejanja. Zoper voznika poteka tudi prekr\u0161kovni postopek, saj je v cestnem prometu uporabljal \u0161portno motorno kolo, za katero\u00a0vozni\u0161ko dovoljenje sicer ni potrebno, vendar ga ni dovoljeno uporabljati v cestnem prometu niti registrirati za vo\u017enjo po javnih cestah.<\/p>\n<p>Policija bo poleg tega temeljito preverila tudi vse okoli\u0161\u010dine postopka ter ocenila zakonitost in strokovnost uporabe prisilnih sredstev.<\/p>\n<p>    <a class=\"se-card__wrap se-card--link\" href=\"https:\/\/www.dnevnik.si\/novice\/svet\/video-cudezno-prezivela-trcenje-bosanski-tovornjakar-obtical-na-zelezniskem-prehodu-2825607\/\" data-upscore-url=\"\" rel=\"nofollow noopener\" target=\"_blank\"><\/p>\n<p>        <img decoding=\"async\" class=\"se-image se-image--card\" src=\"https:\/\/www.europesays.com\/si\/wp-content\/uploads\/2026\/09\/Wide-Copilot_20260904_092413-400.webp\" alt=\"tovorno vozilo, tovornjak, \u017eelezni\u0161ki prehod, tr\u010denje, vla\u010dilec\"\/><\/p>\n<p>IZJEMNO NEPREMI\u0160LJENO<\/p>\n<p>(VIDEO) Ustavil na tirih: \u0161ofer in strojevodja \u010dude\u017eno pre\u017eivela tr\u010denje<\/p>\n<p>    <\/a><\/p>\n","protected":false},"excerpt":{"rendered":"Policija bo temeljito preverila tudi\u00a0zakonitost in strokovnost uporabe prisilnih sredstev. Foto:\u00a0zajem zaslona\/obdelano z UI (VIDEO) Umiril se je&hellip;\n","protected":false},"author":2,"featured_media":215762,"comment_status":"","ping_status":"","sticky":false,"template":"","format":"standard","meta":{"footnotes":"","_share_on_mastodon":"0"},"categories":[6],"tags":[2197,7960,11819,17561,129,33944,215,59,61,62,37,58,60,38,52644,52643,52645],"class_list":["post-215761","post","type-post","status-publish","format-standard","has-post-thumbnail","category-slovenija","tag-kaznivo-dejanje","tag-motorist","tag-neprilagojena-hitrost","tag-policijska-intervencija","tag-policijska-preiskava","tag-prekrskovni-postopek","tag-prometna-nesreca","tag-republic-of-slovenia","tag-republika-slovenija","tag-si","tag-slovene","tag-slovenia","tag-slovenija","tag-slovenscina","tag-sportni-rekvizit","tag-uporaba-prisilnih-sredstev","tag-zakonitost-postopka"],"share_on_mastodon":{"url":"https:\/\/pubeurope.com\/@si\/117213589001465540","error":""},"_links":{"self":[{"href":"https:\/\/www.europesays.com\/si\/wp-json\/wp\/v2\/posts\/215761","targetHints":{"allow":["GET"]}}],"collection":[{"href":"https:\/\/www.europesays.com\/si\/wp-json\/wp\/v2\/posts"}],"about":[{"href":"https:\/\/www.europesays.com\/si\/wp-json\/wp\/v2\/types\/post"}],"author":[{"embeddable":true,"href":"https:\/\/www.europesays.com\/si\/wp-json\/wp\/v2\/users\/2"}],"replies":[{"embeddable":true,"href":"https:\/\/www.europesays.com\/si\/wp-json\/wp\/v2\/comments?post=215761"}],"version-history":[{"count":0,"href":"https:\/\/www.europesays.com\/si\/wp-json\/wp\/v2\/posts\/215761\/revisions"}],"wp:featuredmedia":[{"embeddable":true,"href":"https:\/\/www.europesays.com\/si\/wp-json\/wp\/v2\/media\/215762"}],"wp:attachment":[{"href":"https:\/\/www.europesays.com\/si\/wp-json\/wp\/v2\/media?parent=215761"}],"wp:term":[{"taxonomy":"category","embeddable":true,"href":"https:\/\/www.europesays.com\/si\/wp-json\/wp\/v2\/categories?post=215761"},{"taxonomy":"post_tag","embeddable":true,"href":"https:\/\/www.europesays.com\/si\/wp-json\/wp\/v2\/tags?post=215761"}],"curies":[{"name":"wp","href":"https:\/\/api.w.org\/{rel}","templated":true}]}}