{"id":215763,"date":"2026-09-04T15:56:11","date_gmt":"2026-09-04T15:56:11","guid":{"rendered":"https:\/\/www.europesays.com\/si\/215763\/"},"modified":"2026-09-04T15:56:11","modified_gmt":"2026-09-04T15:56:11","slug":"zan-zuzek-zadnji-kamencek-v-celjskem-mozaiku","status":"publish","type":"post","link":"https:\/\/www.europesays.com\/si\/215763\/","title":{"rendered":"\u017dan \u017du\u017eek zadnji kamen\u010dek v celjskem mozaiku"},"content":{"rendered":"<p>\t\t\t\t\t\t\t\t<a href=\"https:\/\/www.europesays.com\/si\/wp-content\/uploads\/2026\/09\/67092881.jpg\" itemprop=\"contentUrl\" data-size=\"1200x800\" data-large=\"https:\/\/www.europesays.com\/si\/wp-content\/uploads\/2026\/09\/67092881.jpg\"><br \/>\n\t\t\t\t\t\t\t\t\t<img decoding=\"async\" src=\"https:\/\/www.europesays.com\/si\/wp-content\/uploads\/2026\/09\/67092881.jpg\" title=\"\u017dan \u017du\u017eek Foto: www.alesfevzer.com\" alt=\"\u017dan \u017du\u017eek Foto: www.alesfevzer.com\"\/><br \/>\n\t\t\t\t\t\t\t\t<\/a><\/p>\n<p>\t\t\t\t\t\t\t\t\t\u017dan \u017du\u017eek Foto: www.alesfevzer.com<\/p>\n<p>\t\t\t\t\t\t\t<a id=\"preferredSourceBanner\" href=\"https:\/\/www.rtvslo.si\/sport\/nogomet\/prva-liga\/zan-zuzek-zadnji-kamencek-v-celjskem-mozaiku\/javascript:void(0)\" target=\"_blank\" class=\"d-none align-items-center justify-content-between rounded my-3\" style=\"padding: 10px 15px;\" rel=\"nofollow noopener\"><br \/>\n\t\t\t\t\t\t<img decoding=\"async\" src=\"https:\/\/img.rtvslo.si\/_static\/novi\/img\/ico-google.svg\" class=\"flex-shrink-0 mr-3\" aria-hidden=\"true\"\/><br \/>\n\t\t\t\t\t\tSpremljajte RTVSLO.si kot prednostni vir na Google<\/p>\n<p>\t\t\t\t\t<\/a><\/p>\n<p>\u017du\u017eek se v slovenski nogomet vra\u010da po \u0161tirih sezonah. Dve je pre\u017eivel na jugu Italije pri drugoliga\u0161u Bariju, nato pa dve na obrobju tur\u0161kega glavnega mesta pri Genclerbirligiju.<\/p>\n<p>Oglas<\/p>\n<p>Na Apeninskem polotoku je bil z Barijem v prvi sezoni blizu uvrstitve v serie A, a je moral v dodatnih kvalifikacijah priznati premo\u010d Cagliariju. V Tur\u010diji se je z Genclerbirligijem najprej iz druge uvrstil v prvo ligo, lani pa klubu pomagal pri ostanku med elito.<\/p>\n<p>Pred tem je bil v Sloveniji \u010dlan Dom\u017eal in Kopra. <\/p>\n<p>To je \u017ee tretja okrepitev Celja v nekaj dneh. V torek je med dr\u017eavne prvake pri\u0161el napadalec Bla\u017e Kramer, v sredo pa vezist Luka Ve\u0161ner Ti\u010di\u0107. Kot so \u0161e zapisali pri Celju, so zdaj kon\u010dali sestavo igralskega kadra. <\/p>\n<p>Tu\u010di\u0107 se je vrnil v Bravo<br \/>V Bravo se je (iz mad\u017earskega Ujpesta) vrnil napadalec Milan Tu\u010di\u0107. Tu\u010di\u0107 je, kot so sporo\u010dili iz \u0161i\u0161enskega kluba, podpisal pogodbo do konca sezone 2026\/27. Napadalec je prav pri Bravu naredil prve nogometne korake, zdaj pa bo za\u010del svoje \u010detrto obdobje pri ljubljanskem klubu.<\/p>\n<p>Kav\u010di\u010d in Mili\u0161i\u0107 pri Brinju Grosuplje, v Kopru pa nigerijski najstnik<br \/>Brinje Grosuplje si je od Celja izposodil Matijo Kav\u010di\u010da. 29-letni branilec je doslej igral \u0161e za Gorico in Bravo (v lanski sezoni Prve lige je zbral 13 asistenc), v tujini pa za poljskega drugoliga\u0161a Stal Mielec.<\/p>\n<p>Grosupelj\u010dani so potrdili \u0161e prihod 19-letnega branilca Amarja Mili\u0161i\u0107a, nazadnje \u010dlana gr\u0161kega Olympiakosa. V Belgiji rojeni nogometa\u0161 s koreninami iz Bosne in Hercegovine je produkt nogometne \u0161ole Anderlechta, od koder se je lansko poletje preselil v Atene. Tam je redno igral za mladinsko ekipo Olympiakosa in zbral tudi \u0161est nastopov v mladinski Ligi prvakov.<\/p>\n<p>Novega igralca so dobili tudi v Kopru. Kot so sporo\u010dili iz kluba, je triletno pogodbo podpisal Lawal Oluwaseun, 19-letni nigerijski krilni napadalec. <\/p>\n<p>Oglas<\/p>\n","protected":false},"excerpt":{"rendered":"\u017dan \u017du\u017eek Foto: www.alesfevzer.com Spremljajte RTVSLO.si kot prednostni vir na Google \u017du\u017eek se v slovenski nogomet vra\u010da po&hellip;\n","protected":false},"author":2,"featured_media":215764,"comment_status":"","ping_status":"","sticky":false,"template":"","format":"standard","meta":{"footnotes":"","_share_on_mastodon":"0"},"categories":[20],"tags":[52646,162,4620,32,11011,35,31,34,36,37,38,33,3255,52647],"class_list":["post-215763","post","type-post","status-publish","format-standard","has-post-thumbnail","category-novice","tag-bari","tag-celje","tag-evropska-liga","tag-headlines","tag-milan-tucic","tag-najpomembnejse-novice","tag-news","tag-novice","tag-osrednje-novice","tag-slovene","tag-slovenscina","tag-top-stories","tag-turcija","tag-zan-zuzek"],"share_on_mastodon":{"url":"https:\/\/pubeurope.com\/@si\/117213593056970170","error":""},"_links":{"self":[{"href":"https:\/\/www.europesays.com\/si\/wp-json\/wp\/v2\/posts\/215763","targetHints":{"allow":["GET"]}}],"collection":[{"href":"https:\/\/www.europesays.com\/si\/wp-json\/wp\/v2\/posts"}],"about":[{"href":"https:\/\/www.europesays.com\/si\/wp-json\/wp\/v2\/types\/post"}],"author":[{"embeddable":true,"href":"https:\/\/www.europesays.com\/si\/wp-json\/wp\/v2\/users\/2"}],"replies":[{"embeddable":true,"href":"https:\/\/www.europesays.com\/si\/wp-json\/wp\/v2\/comments?post=215763"}],"version-history":[{"count":0,"href":"https:\/\/www.europesays.com\/si\/wp-json\/wp\/v2\/posts\/215763\/revisions"}],"wp:featuredmedia":[{"embeddable":true,"href":"https:\/\/www.europesays.com\/si\/wp-json\/wp\/v2\/media\/215764"}],"wp:attachment":[{"href":"https:\/\/www.europesays.com\/si\/wp-json\/wp\/v2\/media?parent=215763"}],"wp:term":[{"taxonomy":"category","embeddable":true,"href":"https:\/\/www.europesays.com\/si\/wp-json\/wp\/v2\/categories?post=215763"},{"taxonomy":"post_tag","embeddable":true,"href":"https:\/\/www.europesays.com\/si\/wp-json\/wp\/v2\/tags?post=215763"}],"curies":[{"name":"wp","href":"https:\/\/api.w.org\/{rel}","templated":true}]}}