{"id":215777,"date":"2026-09-04T16:07:14","date_gmt":"2026-09-04T16:07:14","guid":{"rendered":"https:\/\/www.europesays.com\/si\/215777\/"},"modified":"2026-09-04T16:07:14","modified_gmt":"2026-09-04T16:07:14","slug":"glen-powell-dejal-da-je-njegova-zveza-z-michelle-randolph-zelo-resna","status":"publish","type":"post","link":"https:\/\/www.europesays.com\/si\/215777\/","title":{"rendered":"Glen Powell dejal, da je njegova zveza z Michelle Randolph &#8220;zelo resna&#8221;"},"content":{"rendered":"<p>\t\t\t\t\t\t\t\t<a href=\"https:\/\/www.europesays.com\/si\/wp-content\/uploads\/2026\/09\/67093040.jpg\" itemprop=\"contentUrl\" data-size=\"1200x800\" data-large=\"https:\/\/www.europesays.com\/si\/wp-content\/uploads\/2026\/09\/67093040.jpg\"><br \/>\n\t\t\t\t\t\t\t\t\t<img decoding=\"async\" src=\"https:\/\/www.europesays.com\/si\/wp-content\/uploads\/2026\/09\/67093040.jpg\" title=\"Glen Powell februarja na premieri filma How to Make a Killing v Los Angelesu. Foto: Reuters\" alt=\"Glen Powell februarja na premieri filma How to Make a Killing v Los Angelesu. Foto: Reuters\"\/><br \/>\n\t\t\t\t\t\t\t\t<\/a><\/p>\n<p>\t\t\t\t\t\t\t\t\tGlen Powell februarja na premieri filma How to Make a Killing v Los Angelesu. Foto: Reuters<\/p>\n<p>\t\t\t\t\t\t\t<a id=\"preferredSourceBanner\" href=\"https:\/\/www.rtvslo.si\/zabava-in-slog\/znani\/glen-powell-dejal-da-je-njegova-zveza-z-michelle-randolph-zelo-resna\/javascript:void(0)\" target=\"_blank\" class=\"d-none align-items-center justify-content-between rounded my-3\" style=\"padding: 10px 15px;\" rel=\"nofollow noopener\"><br \/>\n\t\t\t\t\t\t<img decoding=\"async\" src=\"https:\/\/img.rtvslo.si\/_static\/novi\/img\/ico-google.svg\" class=\"flex-shrink-0 mr-3\" aria-hidden=\"true\"\/><br \/>\n\t\t\t\t\t\tSpremljajte RTVSLO.si kot prednostni vir na Google<\/p>\n<p>\t\t\t\t\t<\/a><\/p>\n<p>37-letni zvezdnik je med sre\u010danjem z obo\u017eevalci v New Yorku odgovarjal tudi na vpra\u0161anja iz zasebnega \u017eivljenja. Dejal je, da ni bil \u017eiv\u010den, ko sta julija z Michelle svojo zvezo potrdila tudi na Instagramu.<\/p>\n<p>Oglas<\/p>\n<p>&#8220;\u010ce verjame\u0161 v nekaj, potem nisi \u017eiv\u010den,&#8221; je dejal. Na vpra\u0161anje, ali je njuna ljubezen tako mo\u010dna, da bi se lahko v bli\u017enji prihodnosti zaro\u010dila, pa je Powell dejal: &#8220;Rekel bi, da sva zelo resna.&#8221;<\/p>\n<p>Powell je s temi besedami prvi\u010d javno spregovoril o romanci z Michelle.<\/p>\n<p>Ameri\u0161ki tabloidi so o njuni zvezi prvi\u010d za\u010deli namigovati novembra lani, ko se je na TikToku pojavil posnetek, na katerem sta igralca plesala in se spogledovala, pi\u0161e People. Nato sta se skupaj udele\u017eila tudi dogodkov v Los Angelesu in Miamiju.<\/p>\n<p>Glena Powlla so pred tem povezovali z manekenko Gigi Paris, s katero sta bila skupaj \u0161tiri leta, nato pa sta se aprila leta 2023 raz\u0161la. Med njegovimi nekdanjimi partnericami sta tudi kanadska igralka Nina Dobrev in avstralska televizijska voditeljica Renee Bargh.<\/p>\n<p>Oglas<\/p>\n","protected":false},"excerpt":{"rendered":"Glen Powell februarja na premieri filma How to Make a Killing v Los Angelesu. Foto: Reuters Spremljajte RTVSLO.si&hellip;\n","protected":false},"author":2,"featured_media":215778,"comment_status":"","ping_status":"","sticky":false,"template":"","format":"standard","meta":{"footnotes":"","_share_on_mastodon":"0"},"categories":[18],"tags":[114,52650,52651,62,13109,37,58,60,38,115],"class_list":["post-215777","post","type-post","status-publish","format-standard","has-post-thumbnail","category-zabava","tag-entertainment","tag-glen-powell","tag-michelle-randolph","tag-si","tag-slavni","tag-slovene","tag-slovenia","tag-slovenija","tag-slovenscina","tag-zabava"],"share_on_mastodon":{"url":"https:\/\/pubeurope.com\/@si\/117213636033867932","error":""},"_links":{"self":[{"href":"https:\/\/www.europesays.com\/si\/wp-json\/wp\/v2\/posts\/215777","targetHints":{"allow":["GET"]}}],"collection":[{"href":"https:\/\/www.europesays.com\/si\/wp-json\/wp\/v2\/posts"}],"about":[{"href":"https:\/\/www.europesays.com\/si\/wp-json\/wp\/v2\/types\/post"}],"author":[{"embeddable":true,"href":"https:\/\/www.europesays.com\/si\/wp-json\/wp\/v2\/users\/2"}],"replies":[{"embeddable":true,"href":"https:\/\/www.europesays.com\/si\/wp-json\/wp\/v2\/comments?post=215777"}],"version-history":[{"count":0,"href":"https:\/\/www.europesays.com\/si\/wp-json\/wp\/v2\/posts\/215777\/revisions"}],"wp:featuredmedia":[{"embeddable":true,"href":"https:\/\/www.europesays.com\/si\/wp-json\/wp\/v2\/media\/215778"}],"wp:attachment":[{"href":"https:\/\/www.europesays.com\/si\/wp-json\/wp\/v2\/media?parent=215777"}],"wp:term":[{"taxonomy":"category","embeddable":true,"href":"https:\/\/www.europesays.com\/si\/wp-json\/wp\/v2\/categories?post=215777"},{"taxonomy":"post_tag","embeddable":true,"href":"https:\/\/www.europesays.com\/si\/wp-json\/wp\/v2\/tags?post=215777"}],"curies":[{"name":"wp","href":"https:\/\/api.w.org\/{rel}","templated":true}]}}