{"id":21582,"date":"2026-03-11T16:17:09","date_gmt":"2026-03-11T16:17:09","guid":{"rendered":"https:\/\/www.europesays.com\/si\/21582\/"},"modified":"2026-03-11T16:17:09","modified_gmt":"2026-03-11T16:17:09","slug":"tonyju-cetinskemu-grozijo-zaradi-odpovedi-koncerta-v-novem-sadu","status":"publish","type":"post","link":"https:\/\/www.europesays.com\/si\/21582\/","title":{"rendered":"Tonyju Cetinskemu grozijo zaradi odpovedi koncerta v Novem Sadu"},"content":{"rendered":"<p>\t\t\t\t\t\t\t\t<a href=\"https:\/\/www.europesays.com\/si\/wp-content\/uploads\/2026\/03\/67025904.jpg\" itemprop=\"contentUrl\" data-size=\"1200x800\" data-large=\"https:\/\/www.europesays.com\/si\/wp-content\/uploads\/2026\/03\/67025904.jpg\"><br \/>\n\t\t\t\t\t\t\t\t\t<img decoding=\"async\" src=\"https:\/\/www.europesays.com\/si\/wp-content\/uploads\/2026\/03\/67025904.jpg\" title=\"\" kot=\"\" ki=\"\" globoko=\"\" spo=\"\" vsako=\"\" da=\"\" ob=\"\" tem=\"\" ne=\"\" ostanem=\"\" foto:=\"\" matea=\"\" smol=\"\" alt=\"\"\/><br \/>\n\t\t\t\t\t\t\t\t<\/a><\/p>\n<p>\t\t\t\t\t\t\t\t\t&#8220;Kot \u010dlovek, ki globoko spo\u0161tuje vsako \u010dlove\u0161ko trpljenje, \u010dutim odgovornost, da ob tem ne ostanem ravnodu\u0161en.&#8221; Foto: Matea Smol\u010di\u0107 Sen\u010dar<\/p>\n<p>Zdru\u017eenja hrva\u0161kih veteranov, tabori\u0161\u010dnikov in \u017ertev domovinske vojne so Tonyja Cetinskega in druge hrva\u0161ke glasbene izvajalce pozvali k odpovedi koncertov v dvorani Spens v Novem Sadu. Kot trdijo, je bilo namre\u010d tam po okupaciji Vukovarja leta 1991 tabori\u0161\u010de za Hrvate.<\/p>\n<p>Cetinski je tako na dru\u017ebenih omre\u017ejih le nekaj ur pred nastopom sporo\u010dil, da koncerta ne bo. &#8220;V zadnjih dneh sem se seznanil s \u0161tevilnimi pri\u010devanji ljudi, za katere ta dvorana nosi te\u017eke spomine iz vojnih 90. let. Kot \u010dlovek, ki globoko spo\u0161tuje vsako \u010dlove\u0161ko trpljenje, \u010dutim odgovornost, da ob tem ne ostanem ravnodu\u0161en,&#8221; je hrva\u0161ki glasbenik zapisal v svoji objavi.<\/p>\n<p>Pozneje je v enem od komentarjev na Facebooku sporo\u010dil \u0161e, da zaradi odlo\u010ditve prejema gro\u017enje s smrtjo. Pri tem je namignil, da morda nikoli ve\u010d ne bo stopil na srbski oder. &#8220;Te\u017eko si predstavljam, da bi po vsem tem \u0161e kdaj \u017eelel stopiti tja,&#8221; je priznal.<\/p>\n<p>\t\t\t\t\t\t\t\t\t<a href=\"https:\/\/www.rtvslo.si\/n\/774423\" class=\"image-link image-heading image-container container-16-9\" data-large=\"https:\/\/img.rtvcdn.si\/_up\/upload\/2026\/02\/24\/67021666.jpg\" rel=\"nofollow noopener\" target=\"_blank\"><br \/>\n\t\t\t\t\t\t\t\t\t\t<img decoding=\"async\" src=\"https:\/\/www.europesays.com\/si\/wp-content\/uploads\/2026\/03\/67021666_thumb.jpg\" class=\"image-preview\"\/><br \/>\n\t\t\t\t\t\t\t\t\t<\/a><\/p>\n<p>\t\t\t\t\t\t\t\t\t\tSorodna novica<br \/>\n\t\t\t\t\t\t\t\t\t\t<a href=\"https:\/\/www.rtvslo.si\/n\/774423\" rel=\"nofollow noopener\" target=\"_blank\">Tony Cetinski bo marca dvakrat nastopil v Sloveniji<\/a><\/p>\n<p>\t\t\t\t\t\t\tJakov Jozinovi\u0107 nastopa ne namerava odpovedati<\/p>\n<p>V Srbiji trditve, da se je dvorana uporabljala za  tabori\u0161\u010de, zavra\u010dajo. \u017dupan Novega Sada \u017darko Mi\u0107in je na dru\u017ebenih omre\u017ejih dejal, da so &#8220;zgro\u017eeni in \u0161okirani nad sramotnimi neresnicami&#8221;, ki jih je \u0161iril Cetinski.<\/p>\n<p>Obenem je zatrdil, da je bil Spens sprejemni center za srbske begunce iz Hrva\u0161ke, ne pa tabori\u0161\u010de, kar da dokazujejo tudi fotografije, ki so jih poslali ob\u010dani. Na njih se po njegovih besedah jasno vidijo traktorji s srbskimi begunci in otroci, ki so po begu iz Hrva\u0161ke na\u0161li za\u010dasno zato\u010di\u0161\u010de pod streho te dvorane.<\/p>\n<p>Javno podjetje Sportski i poslovni centar Vojvodina (Spens) je najve\u010dji \u0161portnorekreacijski center v Novem Sadu. V njem ima za 14. marec napovedan koncert tudi hrva\u0161ki pevec Jakov Jozinovi\u0107, ki pa nastopa ne namerava odpovedati. &#8220;Jaz, za \u010duda, letim. Letim za ljubezen, poni\u017enost, mladost in glasbo, ki ne pozna meja,&#8221; so besede, s katerimi je na spletu potrdil, da koncert v Novem Sadu bo.<\/p>\n<p>Oglas<\/p>\n","protected":false},"excerpt":{"rendered":"&#8220;Kot \u010dlovek, ki globoko spo\u0161tuje vsako \u010dlove\u0161ko trpljenje, \u010dutim odgovornost, da ob tem ne ostanem ravnodu\u0161en.&#8221; Foto: Matea&hellip;\n","protected":false},"author":2,"featured_media":21583,"comment_status":"","ping_status":"","sticky":false,"template":"","format":"standard","meta":{"footnotes":"","_share_on_mastodon":"0"},"categories":[18],"tags":[114,4189,952,9249,62,37,58,60,38,3104,115],"class_list":["post-21582","post","type-post","status-publish","format-standard","has-post-thumbnail","category-zabava","tag-entertainment","tag-groznje","tag-novi-sad","tag-odpoved-koncerta","tag-si","tag-slovene","tag-slovenia","tag-slovenija","tag-slovenscina","tag-tony-cetinski","tag-zabava"],"share_on_mastodon":{"url":"https:\/\/pubeurope.com\/@si\/116211446231369603","error":""},"_links":{"self":[{"href":"https:\/\/www.europesays.com\/si\/wp-json\/wp\/v2\/posts\/21582","targetHints":{"allow":["GET"]}}],"collection":[{"href":"https:\/\/www.europesays.com\/si\/wp-json\/wp\/v2\/posts"}],"about":[{"href":"https:\/\/www.europesays.com\/si\/wp-json\/wp\/v2\/types\/post"}],"author":[{"embeddable":true,"href":"https:\/\/www.europesays.com\/si\/wp-json\/wp\/v2\/users\/2"}],"replies":[{"embeddable":true,"href":"https:\/\/www.europesays.com\/si\/wp-json\/wp\/v2\/comments?post=21582"}],"version-history":[{"count":0,"href":"https:\/\/www.europesays.com\/si\/wp-json\/wp\/v2\/posts\/21582\/revisions"}],"wp:featuredmedia":[{"embeddable":true,"href":"https:\/\/www.europesays.com\/si\/wp-json\/wp\/v2\/media\/21583"}],"wp:attachment":[{"href":"https:\/\/www.europesays.com\/si\/wp-json\/wp\/v2\/media?parent=21582"}],"wp:term":[{"taxonomy":"category","embeddable":true,"href":"https:\/\/www.europesays.com\/si\/wp-json\/wp\/v2\/categories?post=21582"},{"taxonomy":"post_tag","embeddable":true,"href":"https:\/\/www.europesays.com\/si\/wp-json\/wp\/v2\/tags?post=21582"}],"curies":[{"name":"wp","href":"https:\/\/api.w.org\/{rel}","templated":true}]}}