{"id":215835,"date":"2026-09-04T16:51:14","date_gmt":"2026-09-04T16:51:14","guid":{"rendered":"https:\/\/www.europesays.com\/si\/215835\/"},"modified":"2026-09-04T16:51:14","modified_gmt":"2026-09-04T16:51:14","slug":"celje-zapustil-naslednji-nogometas-na-katerega-vitor-campelos-ni-racunal-gasper-vodeb-se-bo-po-novem-dokazoval-v-2-snl","status":"publish","type":"post","link":"https:\/\/www.europesays.com\/si\/215835\/","title":{"rendered":"Celje zapustil naslednji nogometa\u0161, na katerega Vitor Campelos ni ra\u010dunal: Ga\u0161per Vodeb se bo po novem dokazoval v 2. SNL"},"content":{"rendered":"<p>&#13;<br \/>\n    &#13;<br \/>\n    Objavljeno        &#13;<br \/>\n            4. septembra 2026&#13;<br \/>\n            4. septembra 2026&#13;<br \/>\n        &#13;<br \/>\n    &#13;<br \/>\n&#13;<br \/>\n            &#13;<br \/>\n                    &#13;\n    <\/p>\n<p>        <img decoding=\"async\" src=\"https:\/\/www.europesays.com\/si\/wp-content\/uploads\/2026\/09\/gasper-vodeb.jpg\" alt=\"Celje zapustil naslednji nogometa\u0161, na katerega Vitor Campelos ni ra\u010dunal: Ga\u0161per Vodeb se bo po novem dokazoval v 2. SNL\"\/><\/p>\n<p>            Foto: Luka Vovk \/ Sportida<\/p>\n<p>Ga\u0161per Vodeb je naslednji, ki je zapustil <a href=\"https:\/\/planetnogomet.si\/klub\/slovenija\/1-snl\/celje\/\" rel=\"nofollow noopener\" target=\"_blank\">Celje<\/a>. Kakopak v \u017eelji po ve\u010dji minuta\u017ei. Mladi branilec v tej sezoni v dresu aktualnega slovenskega prvaka ni odigral niti minute. Prav tako ga \u0160tajerci niso uvrstili na seznam za ligo Europa. Vseeno bi dolgoro\u010dno gledano nanj \u0161e ra\u010dunali. Ga\u0161per Vodeb je \u017ee res zapustil kne\u017eje mesto, toda za zdaj zgolj za\u010dasno.    <\/p>\n<p>23-letni obrambni nogometa\u0161, ki ima pogodbo s Celjani podpisano do leta 2028, se je kot posojen nogometa\u0161 preselil v 2. SNL. Tam bo branil barve Krke, ki je v zadnjih dneh mrzli\u010dno iskala novega branilca. Tar\u010da je bil tudi Nejc Kla\u0161nja iz <a href=\"https:\/\/www.nogometniklub-brinje.si\/\" target=\"_blank\" rel=\"noopener nofollow\">Brinja<\/a>, na koncu si je zeleni dres nadel nekdanji mladi reprezentant Slovenije.    <\/p>\n<p>Ga\u0161per Vodeb je v preteklosti na drugoliga\u0161kem odru \u017ee igral. Skupno je zbral 50 nastopov, enkrat se je vpisal med strelce. Prav tako je v statistiko vpisal 16 tekem v elitni Prvi ligi Telemach. Novi (za\u010dasni) \u010dlan Novome\u0161\u010danov je sicer v svoji karieri nastopal tudi za \u0160martno, ljubljanski Bravo, Beltince in Tabor iz Se\u017eane.\n<\/p>\n<p class=\"ured\"><a href=\"http:\/\/planetnogomet.si\/cdn-cgi\/l\/email-protection#335a5d555c73435f525d56475d5c545c5e56471d405a\" rel=\"nofollow noopener\" target=\"_blank\">Avtor: Uredni\u0161tvo Planet nogomet<\/a><\/p>\n<p>            <a href=\"https:\/\/planetnogomet.si\/kategorija\/novice\/\" rel=\"nofollow noopener\" target=\"_blank\">Novice<\/a>\t<\/p>\n<p>\t<a href=\"https:\/\/planetnogomet.si\/oznaka\/2snl\/\" rel=\"nofollow noopener\" target=\"_blank\">#2snl<\/a>\t<\/p>\n<p>\t<a href=\"https:\/\/planetnogomet.si\/oznaka\/gaspervodeb\/\" rel=\"nofollow noopener\" target=\"_blank\">#ga\u0161pervodeb<\/a>\t<\/p>\n<p>\t<a href=\"https:\/\/planetnogomet.si\/oznaka\/krka\/\" rel=\"nofollow noopener\" target=\"_blank\">#krka<\/a>\t<\/p>\n<p>\t<a href=\"https:\/\/planetnogomet.si\/oznaka\/prestopi\/\" rel=\"nofollow noopener\" target=\"_blank\">#prestopi<\/a>\t<\/p>\n<p>\t<a href=\"https:\/\/planetnogomet.si\/klub\/slovenija\/1-snl\/\" rel=\"nofollow noopener\" target=\"_blank\">1. SNL<\/a>\t<\/p>\n<p>\t<a href=\"https:\/\/planetnogomet.si\/klub\/slovenija\/1-snl\/celje\/\" rel=\"nofollow noopener\" target=\"_blank\">Celje<\/a>\t<\/p>\n","protected":false},"excerpt":{"rendered":"&#13; &#13; Objavljeno &#13; 4. septembra 2026&#13; 4. septembra 2026&#13; &#13; &#13; &#13; &#13; &#13; Foto: Luka Vovk&hellip;\n","protected":false},"author":2,"featured_media":215836,"comment_status":"","ping_status":"","sticky":false,"template":"","format":"standard","meta":{"footnotes":"","_share_on_mastodon":"0"},"categories":[23],"tags":[162,62,37,58,60,38],"class_list":["post-215835","post","type-post","status-publish","format-standard","has-post-thumbnail","category-celje","tag-celje","tag-si","tag-slovene","tag-slovenia","tag-slovenija","tag-slovenscina"],"share_on_mastodon":{"url":"https:\/\/pubeurope.com\/@si\/117213809121184919","error":""},"_links":{"self":[{"href":"https:\/\/www.europesays.com\/si\/wp-json\/wp\/v2\/posts\/215835","targetHints":{"allow":["GET"]}}],"collection":[{"href":"https:\/\/www.europesays.com\/si\/wp-json\/wp\/v2\/posts"}],"about":[{"href":"https:\/\/www.europesays.com\/si\/wp-json\/wp\/v2\/types\/post"}],"author":[{"embeddable":true,"href":"https:\/\/www.europesays.com\/si\/wp-json\/wp\/v2\/users\/2"}],"replies":[{"embeddable":true,"href":"https:\/\/www.europesays.com\/si\/wp-json\/wp\/v2\/comments?post=215835"}],"version-history":[{"count":0,"href":"https:\/\/www.europesays.com\/si\/wp-json\/wp\/v2\/posts\/215835\/revisions"}],"wp:featuredmedia":[{"embeddable":true,"href":"https:\/\/www.europesays.com\/si\/wp-json\/wp\/v2\/media\/215836"}],"wp:attachment":[{"href":"https:\/\/www.europesays.com\/si\/wp-json\/wp\/v2\/media?parent=215835"}],"wp:term":[{"taxonomy":"category","embeddable":true,"href":"https:\/\/www.europesays.com\/si\/wp-json\/wp\/v2\/categories?post=215835"},{"taxonomy":"post_tag","embeddable":true,"href":"https:\/\/www.europesays.com\/si\/wp-json\/wp\/v2\/tags?post=215835"}],"curies":[{"name":"wp","href":"https:\/\/api.w.org\/{rel}","templated":true}]}}