{"id":215853,"date":"2026-09-04T17:08:10","date_gmt":"2026-09-04T17:08:10","guid":{"rendered":"https:\/\/www.europesays.com\/si\/215853\/"},"modified":"2026-09-04T17:08:10","modified_gmt":"2026-09-04T17:08:10","slug":"poglejte-s-kako-izbranimi-besedami-ji-je-polaskal-jansa","status":"publish","type":"post","link":"https:\/\/www.europesays.com\/si\/215853\/","title":{"rendered":"Poglejte, s kako izbranimi besedami ji je polaskal Jan\u0161a"},"content":{"rendered":"<p>Premier Janez Jan\u0161a je \u010destital <a href=\"https:\/\/slovenskenovice.delo.si\/tag\/giorgia-meloni\" target=\"_blank\" rel=\"nofollow noopener\">italijanski kolegici Giorgii Meloni,<\/a> ker je njena vlada z dana\u0161njim dnem na oblasti dlje kot katera koli druga v povojni zgodovini Italije. Ob tem je poudaril, da sta politi\u010dna stabilnost in vodstvo pomembna, je danes sporo\u010dila slovenska vlada na dru\u017ebenem omre\u017eju X.\u00a0<\/p>\n<p>\u00bbMo\u010dna in samozavestna Italija je pomembna za Slovenijo, na\u0161o regijo in Evropo,\u00ab<a href=\"https:\/\/slovenskenovice.delo.si\/tag\/janez-jansa\" target=\"_blank\" rel=\"nofollow noopener\"> <\/a><a href=\"https:\/\/slovenskenovice.delo.si\/tag\/janez-jansa\" target=\"_blank\" rel=\"nofollow noopener\">je \u0161e poudaril Jan\u0161a<\/a>. Dodal je, da imamo kot sosedje in zavezniki \u00bbveliko temeljev, na katerih lahko gradimo, in \u0161e ve\u010d prilo\u017enosti, ki jih lahko skupaj uresni\u010dimo\u00ab. Vodja skrajno desnih Bratov Italije Meloni je prva predsednica kake italijanske vlade. Njena desna koalicija, v kateri sta poleg Bratov Italije \u0161e stranki Liga in Naprej, Italija, danes vlada \u017ee 1413 dni, s \u010dimer je presegla rekord druge vlade pokojnega Silvia Berlusconija med letoma 2001 in 2005, ki je zna\u0161al 1412 dni.<\/p>\n<p>Rekord, ki ga v Italiji ni bilo lahko dose\u010di<\/p>\n<p><img decoding=\"async\" class=\"article__img-tag-visible\" src=\"https:\/\/www.europesays.com\/si\/wp-content\/uploads\/2026\/09\/3717196.width-660.format-webp.webp\" alt=\"Giorgia Meloni FOTO: Andreas Solaro Afp\" img_id=\"11789641\" data-img-id=\"11789641\"\/><\/p>\n<p>Giorgia Meloni FOTO: Andreas Solaro Afp<\/p>\n<p>V pregovorno nestabilni italijanski politiki so pred Meloni po drugi svetovni vojni ve\u010d kot tiso\u010d dni zdr\u017eale le \u0161tiri vlade, v povpre\u010dju pa so italijanske vlade po podatkih tiskovne agencije Reuters na polo\u017eaju obstale okoli 14 mesecev. Analitiki ocenjujejo, da bo rekord verjetno okrepil podobo Meloni v Italiji, ki je v zadnjih 80 letih imela skoraj 70 vlad in se pripravlja na parlamentarne volitve prihodnje leto.<\/p>\n","protected":false},"excerpt":{"rendered":"Premier Janez Jan\u0161a je \u010destital italijanski kolegici Giorgii Meloni, ker je njena vlada z dana\u0161njim dnem na oblasti&hellip;\n","protected":false},"author":2,"featured_media":215854,"comment_status":"","ping_status":"","sticky":false,"template":"","format":"standard","meta":{"footnotes":"","_share_on_mastodon":"0"},"categories":[20],"tags":[50358,5595,32,1018,52665,51,10431,16279,35,48631,31,34,36,32126,1154,5419,37864,37,38,33,1306],"class_list":["post-215853","post","type-post","status-publish","format-standard","has-post-thumbnail","category-novice","tag-bratje-italije","tag-giorgia-meloni","tag-headlines","tag-italija","tag-italijanska-vlada","tag-janez-jansa","tag-koalicija","tag-liga","tag-najpomembnejse-novice","tag-naprej","tag-news","tag-novice","tag-osrednje-novice","tag-politicna-stabilnost","tag-politika","tag-rekord","tag-silvio-berlusconi","tag-slovene","tag-slovenscina","tag-top-stories","tag-vlada"],"share_on_mastodon":{"url":"https:\/\/pubeurope.com\/@si\/117213876028598517","error":""},"_links":{"self":[{"href":"https:\/\/www.europesays.com\/si\/wp-json\/wp\/v2\/posts\/215853","targetHints":{"allow":["GET"]}}],"collection":[{"href":"https:\/\/www.europesays.com\/si\/wp-json\/wp\/v2\/posts"}],"about":[{"href":"https:\/\/www.europesays.com\/si\/wp-json\/wp\/v2\/types\/post"}],"author":[{"embeddable":true,"href":"https:\/\/www.europesays.com\/si\/wp-json\/wp\/v2\/users\/2"}],"replies":[{"embeddable":true,"href":"https:\/\/www.europesays.com\/si\/wp-json\/wp\/v2\/comments?post=215853"}],"version-history":[{"count":0,"href":"https:\/\/www.europesays.com\/si\/wp-json\/wp\/v2\/posts\/215853\/revisions"}],"wp:featuredmedia":[{"embeddable":true,"href":"https:\/\/www.europesays.com\/si\/wp-json\/wp\/v2\/media\/215854"}],"wp:attachment":[{"href":"https:\/\/www.europesays.com\/si\/wp-json\/wp\/v2\/media?parent=215853"}],"wp:term":[{"taxonomy":"category","embeddable":true,"href":"https:\/\/www.europesays.com\/si\/wp-json\/wp\/v2\/categories?post=215853"},{"taxonomy":"post_tag","embeddable":true,"href":"https:\/\/www.europesays.com\/si\/wp-json\/wp\/v2\/tags?post=215853"}],"curies":[{"name":"wp","href":"https:\/\/api.w.org\/{rel}","templated":true}]}}