{"id":215859,"date":"2026-09-04T17:13:10","date_gmt":"2026-09-04T17:13:10","guid":{"rendered":"https:\/\/www.europesays.com\/si\/215859\/"},"modified":"2026-09-04T17:13:10","modified_gmt":"2026-09-04T17:13:10","slug":"nova-dekanija-naj-bo-prostor-bratstva-in-oznanjevanja","status":"publish","type":"post","link":"https:\/\/www.europesays.com\/si\/215859\/","title":{"rendered":"Nova dekanija naj bo prostor bratstva in oznanjevanja"},"content":{"rendered":"<p>                        04. 09. 2026, 12:00<\/p>\n<p>                                                        <a class=\"no-ajaxy\" href=\"https:\/\/radio.ognjisce.si\/user\/profile\/alens\" rel=\"nofollow noopener\" target=\"_blank\"><br \/>\n                                                                                                Alen<br \/>\n                                Salihovi\u0107<\/p>\n<p>                                                            <\/a><\/p>\n<p class=\"deck\">Novome\u0161ki \u0161kof Andrej Saje je pred dekanijsko konferenco nove Ko\u010devsko-\u017eu\u017eember\u0161ke dekanije v sredo, 2. septembra 2026, v Ko\u010devju daroval sveto ma\u0161o. Duhovnike je spodbudil k medsebojnemu povezovanju, skupnemu pastoralnemu razlo\u010devanju in iskanju novih poti oznanjevanja evangelija.<\/p>\n<p>\u0160kof Andrej Saje je v uvodu poudaril pomen dejstva, da so se udele\u017eenci dekanijske konference pred pogovorom o pastoralnem delu in prihodnjih na\u010drtih najprej zbrali pri evharistiji.\u00a0\u00bbPreden za\u010dnemo na\u010drtovati, se pogovarjati o pastoralnem delu in iskati nove poti, se zbiramo okoli Kristusa in njegove besede. On je izvir na\u0161ega poslanstva in ob\u010destva,\u00ab je dejal.\n                    <\/p>\n<p>Pozdravil je duhovnike in vernike ter se zahvalil ko\u010devskemu \u017eupniku Branku Jurejev\u010di\u010du in vsem, ki so pripravili sre\u010danje.\n                    <\/p>\n<p>\u0160kofija Novo mesto odslej razdeljena na pet dekanij<\/p>\n<p>Z za\u010detkom novega pastoralnega leta je za\u017eivela tudi nova ureditev dekanij v \u0160kofiji Novo mesto, ki je bila prilagojena spremenjenim pastoralnim razmeram. \u0160kofijo po novem sestavlja pet dekanij: \u010crnomelj, Ko\u010devje\u2013\u017du\u017eemberk, Leskovec, Novo mesto in Trebnje.\n                    <\/p>\n<p>Dosedanji Ko\u010devska in \u017du\u017eember\u0161ka dekanija sta bili zdru\u017eeni v novo Ko\u010devsko-\u017eu\u017eember\u0161ko dekanijo. S 1. septembrom so se kon\u010dali tudi mandati dosedanjih dekanov in prodekanov vseh dekanij v \u0161kofiji. Na konferenci naj bi duhovniki predlagali novega dekana in izvolili svojega predstavnika v Duhovni\u0161kem svetu.\n                    <\/p>\n<p>\u0160kof Saje se je ob tem zahvalil dosedanjima dekanoma in prodekanoma Ko\u010devske in \u017du\u017eember\u0161ke dekanije za njihov \u010das, skrb in odgovornost pri povezovanju duhovnikov, \u017eupnij in pastoralnega \u017eivljenja.\u00a0\u00bbKar je bilo dobrega zgrajeno v preteklih letih, naj postane temelj za skupno pot nove dekanije,\u00ab je poudaril ter se vsem duhovnikom zahvalil za njihovo poslanstvo in sodelovanje na ravni \u0161kofije.\n                    <\/p>\n<p>\u00bbBo\u017eji sodelavci smo\u00ab<\/p>\n<p>Osrednjo misel nagovora je \u0161kof oprl na besede apostola Pavla iz Prvega pisma Korin\u010danom. Pavel je razdeljeno korintsko skupnost opozoril, da ne on ne Apolo nista sredi\u0161\u010de oznanjevanja, temve\u010d sta le slu\u017eabnika, po katerih so ljudje sprejeli vero.\u00a0\u00bbJaz sem sadil, Apolo je zalival, Bog pa je dajal rast,\u00ab pravi apostol Pavel in dodaja: \u00bbBo\u017eji sodelavci smo.\u00ab<\/p>\n<p>Po \u0161kofovih besedah je vsak duhovnik poslan v dolo\u010den kraj in skupnost ter ima svoje darove, izku\u0161nje in na\u010din dela. Nekdo seje, drugi zaliva, nekdo nadaljuje delo svojih predhodnikov, za vsakim pa bodo delo nadaljevali drugi.\u00a0\u00bbSad pastoralnega dela ni odvisen samo od na\u0161ih sposobnosti, na\u010drtov in uspehov. Zvesto naredimo, kar moremo, sad pa zaupamo Gospodu,\u00ab je dejal \u0161kof Saje.<\/p>\n<p>Obenem je opozoril, da je duhovni\u0161ko poslanstvo po svoji naravi ob\u010destveno. Noben duhovnik ni duhovnik samo zase in nobena \u017eupnija ne more \u017eiveti sama zase. Spomnil je na besede pape\u017ea Benedikta XVI., da duhovniki sestavljajo prezbiterij oziroma skupnost bratov, ki se med seboj podpirajo, si pomagajo, se opogumljajo in tola\u017eijo.<\/p>\n<p>Nova dekanija kot nova prilo\u017enost<\/p>\n<p>Nova Ko\u010devsko-\u017eu\u017eember\u0161ka dekanija obsega veliko in raznoliko obmo\u010dje, njene \u017eupnije pa imajo razli\u010dne zgodovine, tradicije in pastoralne navade. Vse to je treba po \u0161kofovih besedah spo\u0161tovati, nova ureditev pa obenem predstavlja prilo\u017enost za tesnej\u0161e povezovanje.\u00a0\u00bbNe potrebujemo sprememb zaradi sprememb. Potrebujemo pripravljenost razlo\u010devati, kaj nam v sedanjih okoli\u0161\u010dinah pomaga pri na\u0161em temeljnem poslanstvu: oznanjevati evangelij in ljudem omogo\u010diti sre\u010danje z Jezusom Kristusom,\u00ab je poudaril.<\/p>\n<p>Kot podro\u010dja, na katerih bi bilo mogo\u010de okrepiti sodelovanje, je omenil katehezo, pripravo na zakramente, delo z mladimi in dru\u017einami, duhovne obnove ter karitativno dejavnost. Kjer je to smiselno, naj bi \u017eupnije zdru\u017eile mo\u010di, namesto da vsaka zase pripravlja podobne vsebine.<\/p>\n<p>Pri tem bodo klju\u010dni medsebojni pogovor, poslu\u0161anje in zaupanje. \u0160kof je spomnil tudi na spodbudo pape\u017ea Fran\u010di\u0161ka iz pisma \u017eupnikom leta 2024, naj pastoralno delo raste iz skupnostnega razlo\u010devanja, medsebojne podelitve in duhovni\u0161kega bratstva.\u00a0\u00bbDekanija naj ne bo predvsem administrativna enota. Postaja naj prostor duhovni\u0161kega bratstva, pastoralnega razlo\u010devanja in sodelovanja,\u00ab je dejal \u0161kof Saje.<\/p>\n<p>Tudi slu\u017eba dekana in prodekana zato ni zgolj organizacijska. Njuna naloga je pomagati graditi duhovni\u0161ko bratstvo, spodbujati povezovanje med \u017eupnijami in skupaj z duhovniki iskati primerne poti oznanjevanja evangelija v novih razmerah.<\/p>\n<p>\u00bbTudi drugim mestom moram oznaniti evangelij\u00ab<\/p>\n<p>\u0160kof se je navezal tudi na evangeljski odlomek, v katerem Jezus ozdravi Simonovo ta\u0161\u010do in \u0161tevilne druge bolnike. Sredi velike dejavnosti se umakne na samoten kraj, kjer i\u0161\u010de povezanost z O\u010detom. Ko ga ljudje \u017eelijo zadr\u017eati, jim odgovori: \u00bbTudi drugim mestom moram oznaniti evangelij o Bo\u017ejem kraljestvu, ker sem za to poslan.\u00ab<\/p>\n<p>V teh besedah je po \u0161kofovih besedah povzeto tudi duhovni\u0161ko poslanstvo. Duhovniki imajo radi svoje \u017eupnije in ljudi, ki so jim zaupani, vendar njihovo poslanstvo presega meje posamezne \u017eupnijske skupnosti.\u00a0\u00bbPo posve\u010denju pripadamo prezbiteriju krajevne Cerkve in skupaj nosimo odgovornost za njeno poslanstvo,\u00ab je poudaril.<\/p>\n<p>Povezovanje po njegovem prepri\u010danju ne zmanj\u0161uje skrbi za posamezno \u017eupnijo, temve\u010d jo lahko obogati in odpre za \u0161ir\u0161e poslanstvo Cerkve. Duhovnike je zato povabil, naj se vpra\u0161ajo, kje si lahko pomagajo, kaj lahko naredijo skupaj ter kako lahko pove\u017eejo svoje darove in izku\u0161nje, da bi evangelij dosegel ve\u010d ljudi.<\/p>\n<p>Ob\u010destvo je pri\u010devanje evangelija<\/p>\n<p>\u0160kof Saje je opozoril, da je medsebojna povezanost pomembna tudi zaradi bremen, s katerimi se duhovniki sre\u010dujejo pri svojem delu. \u010ce vsak ostane sam s svojimi nalogami in te\u017eavami, postaja breme te\u017eje. Ko si duhovniki delijo izku\u0161nje in odgovornost, pa lahko njihovo slu\u017eenje postane la\u017eje in rodovitnej\u0161e.<\/p>\n<p>Ob\u010destvo med duhovniki je hkrati pri\u010devanje vernikom, ki opazijo, ali duhovniki sodelujejo, se spo\u0161tujejo, dobro govorijo drug o drugem in znajo stopiti skupaj.<\/p>\n<p>Cilj nove ureditve zato ni le u\u010dinkovitej\u0161a organizacija pastoralnega dela. Organizacija je po \u0161kofovih besedah potrebna, vendar ostaja zgolj sredstvo. Temeljni cilj je, da bi ljudje po oznanjevanju, \u017eivljenju in sodelovanju kristjanov la\u017eje sre\u010dali Kristusa.<\/p>\n<p>Ve\u010djo soodgovornost zahtevajo tudi pastoralne usmeritve \u0161kofije. Oznanjevanje, kateheza in drugo pastoralno delo niso naloga posameznika, ampak skupno poslanstvo Cerkve. To poleg sodelovanja duhovnikov zahteva tudi ve\u010djo vklju\u010denost laikov in njihovih darov.<\/p>\n<p>\u00bbMi sejemo in zalivamo, Bog pa daje rast\u00ab<\/p>\n<p>Ob koncu nagovora se je \u0161kof vnovi\u010d zahvalil duhovnikom za njihovo zvestobo, obhajanje evharistije, oznanjevanje, spovedovanje, obiskovanje bolnikov in spremljanje ljudi.\u00a0\u00bbVeliko tega dela ostane skritega, vendar ga Gospod pozna,\u00ab je dejal.<\/p>\n<p>Za novo pastoralno obdobje je za\u017eelel modrosti, da bi znali ohraniti, kar je dobro, in odprtosti za iskanje novih poti tam, kjer so potrebne. Duhovnike je spodbudil tudi k veselju do bratstva in njihovega temeljnega poslanstva.<\/p>\n<p>Nagovor je sklenil z besedami: \u00bbMi smo sodelavci. Mi sejemo in zalivamo. Bog pa daje rast.\u00ab<\/p>\n","protected":false},"excerpt":{"rendered":"04. 09. 2026, 12:00 Alen Salihovi\u0107 Novome\u0161ki \u0161kof Andrej Saje je pred dekanijsko konferenco nove Ko\u010devsko-\u017eu\u017eember\u0161ke dekanije v&hellip;\n","protected":false},"author":2,"featured_media":215860,"comment_status":"","ping_status":"","sticky":false,"template":"","format":"standard","meta":{"footnotes":"","_share_on_mastodon":"0"},"categories":[27],"tags":[234,907,3032,181,33293,62,49990,37,58,60,38],"class_list":["post-215859","post","type-post","status-publish","format-standard","has-post-thumbnail","category-novo-mesto","tag-cerkev","tag-duhovnost","tag-info","tag-novo-mesto","tag-saje","tag-si","tag-skof","tag-slovene","tag-slovenia","tag-slovenija","tag-slovenscina"],"share_on_mastodon":{"url":"https:\/\/pubeurope.com\/@si\/117213895416501741","error":""},"_links":{"self":[{"href":"https:\/\/www.europesays.com\/si\/wp-json\/wp\/v2\/posts\/215859","targetHints":{"allow":["GET"]}}],"collection":[{"href":"https:\/\/www.europesays.com\/si\/wp-json\/wp\/v2\/posts"}],"about":[{"href":"https:\/\/www.europesays.com\/si\/wp-json\/wp\/v2\/types\/post"}],"author":[{"embeddable":true,"href":"https:\/\/www.europesays.com\/si\/wp-json\/wp\/v2\/users\/2"}],"replies":[{"embeddable":true,"href":"https:\/\/www.europesays.com\/si\/wp-json\/wp\/v2\/comments?post=215859"}],"version-history":[{"count":0,"href":"https:\/\/www.europesays.com\/si\/wp-json\/wp\/v2\/posts\/215859\/revisions"}],"wp:featuredmedia":[{"embeddable":true,"href":"https:\/\/www.europesays.com\/si\/wp-json\/wp\/v2\/media\/215860"}],"wp:attachment":[{"href":"https:\/\/www.europesays.com\/si\/wp-json\/wp\/v2\/media?parent=215859"}],"wp:term":[{"taxonomy":"category","embeddable":true,"href":"https:\/\/www.europesays.com\/si\/wp-json\/wp\/v2\/categories?post=215859"},{"taxonomy":"post_tag","embeddable":true,"href":"https:\/\/www.europesays.com\/si\/wp-json\/wp\/v2\/tags?post=215859"}],"curies":[{"name":"wp","href":"https:\/\/api.w.org\/{rel}","templated":true}]}}