{"id":215931,"date":"2026-09-04T18:23:11","date_gmt":"2026-09-04T18:23:11","guid":{"rendered":"https:\/\/www.europesays.com\/si\/215931\/"},"modified":"2026-09-04T18:23:11","modified_gmt":"2026-09-04T18:23:11","slug":"med-kronometrom-mu-je-nasproti-zapeljalo-vozilo","status":"publish","type":"post","link":"https:\/\/www.europesays.com\/si\/215931\/","title":{"rendered":"Med kronometrom mu je nasproti zapeljalo vozilo"},"content":{"rendered":"<p>Voznik avtomobila se ni dal pretirano motiti.<\/p>\n<p>Pred slabimi tremi tedni je na dirki po Portugalski umrl nadarjeni britanski kolesar Finlay Tarling, v 19-letnega Vali\u017eana je tr\u010dilo vozilo, ki se mu je pripeljalo nasproti. Zdaj je do podobnega incidenta pri\u0161lo tudi na dirki po\u00a0Sauerlandu, gre za pokrajino v nem\u0161ki zvezni de\u017eeli\u00a0Severno Porenje-Vestfalija.<\/p>\n<p>Tokrat jo je na sre\u010do nem\u0161ki kolesar\u00a0Louis Leidert odnesel brez posledic. Med vo\u017enjo na \u010das, na koncu je celo osvojil \u0161esto mesto, je namre\u010d proti njemu zapeljal avtomobil, do nsre\u010de pa ni pri\u0161lo. 21-letnik je malce zavil z idealne linije, vozilo pa je kon\u010dalo na plo\u010dniku, nato pa mirno nadaljevalo z vo\u017enjo.<\/p>\n<p dir=\"ltr\" lang=\"en\">What happened today during the ITT at the Sauerland Rundfahrt simply cannot happen at a professional bike race.<\/p>\n<p>Thankfully it was just a scary moment for Louis Leidert, but it could\u2019ve ended worse. <a href=\"https:\/\/t.co\/0xEnE2DTL0\" rel=\"nofollow\">pic.twitter.com\/0xEnE2DTL0<\/a><\/p>\n<p>\u2014 Luk\u00e1\u0161 Ronald Luk\u00e1cs (@lucxsronald) <a href=\"https:\/\/x.com\/lucxsronald\/status\/2095634487140872661?ref_src=twsrc%5Etfw\" rel=\"nofollow\">September 3, 2026<\/a><\/p>\n<p>&#8220;V prvi etapi dirke\u00a0Sauerlandrundfahrt je pri\u0161lo do incidenta, ko sta dve vozili zapeljali na traso kronometra, \u010deprav so bile postavljene ograje. Na sre\u010do ni pri\u0161lo do nesre\u010de,&#8221; so v izjavi za javnost zapisali organizatorji, ki bodo zdaj v sodelovanju s policijo, redarji in prostovoljci \u0161e okrepili nadzor.<\/p>\n<p>Incident \u0161e preiskujejo.<\/p>\n<p>                                            <script async src=\"https:\/\/platform.twitter.com\/widgets.js\" charset=\"utf-8\"><\/script><\/p>\n","protected":false},"excerpt":{"rendered":"Voznik avtomobila se ni dal pretirano motiti. Pred slabimi tremi tedni je na dirki po Portugalski umrl nadarjeni&hellip;\n","protected":false},"author":2,"featured_media":215932,"comment_status":"","ping_status":"","sticky":false,"template":"","format":"standard","meta":{"footnotes":"","_share_on_mastodon":"0"},"categories":[20],"tags":[32,618,52676,35,31,34,36,37,38,33],"class_list":["post-215931","post","type-post","status-publish","format-standard","has-post-thumbnail","category-novice","tag-headlines","tag-kolesarstvo","tag-louis-leidert","tag-najpomembnejse-novice","tag-news","tag-novice","tag-osrednje-novice","tag-slovene","tag-slovenscina","tag-top-stories"],"share_on_mastodon":{"url":"https:\/\/pubeurope.com\/@si\/117214170637208553","error":""},"_links":{"self":[{"href":"https:\/\/www.europesays.com\/si\/wp-json\/wp\/v2\/posts\/215931","targetHints":{"allow":["GET"]}}],"collection":[{"href":"https:\/\/www.europesays.com\/si\/wp-json\/wp\/v2\/posts"}],"about":[{"href":"https:\/\/www.europesays.com\/si\/wp-json\/wp\/v2\/types\/post"}],"author":[{"embeddable":true,"href":"https:\/\/www.europesays.com\/si\/wp-json\/wp\/v2\/users\/2"}],"replies":[{"embeddable":true,"href":"https:\/\/www.europesays.com\/si\/wp-json\/wp\/v2\/comments?post=215931"}],"version-history":[{"count":0,"href":"https:\/\/www.europesays.com\/si\/wp-json\/wp\/v2\/posts\/215931\/revisions"}],"wp:featuredmedia":[{"embeddable":true,"href":"https:\/\/www.europesays.com\/si\/wp-json\/wp\/v2\/media\/215932"}],"wp:attachment":[{"href":"https:\/\/www.europesays.com\/si\/wp-json\/wp\/v2\/media?parent=215931"}],"wp:term":[{"taxonomy":"category","embeddable":true,"href":"https:\/\/www.europesays.com\/si\/wp-json\/wp\/v2\/categories?post=215931"},{"taxonomy":"post_tag","embeddable":true,"href":"https:\/\/www.europesays.com\/si\/wp-json\/wp\/v2\/tags?post=215931"}],"curies":[{"name":"wp","href":"https:\/\/api.w.org\/{rel}","templated":true}]}}