{"id":215933,"date":"2026-09-04T18:24:10","date_gmt":"2026-09-04T18:24:10","guid":{"rendered":"https:\/\/www.europesays.com\/si\/215933\/"},"modified":"2026-09-04T18:24:10","modified_gmt":"2026-09-04T18:24:10","slug":"galerija-stradivarius-citycenter-celje-siol-net","status":"publish","type":"post","link":"https:\/\/www.europesays.com\/si\/215933\/","title":{"rendered":"Galerija: Stradivarius Citycenter Celje &#8211; siol.net"},"content":{"rendered":"<p>    Galerija: Stradivarius Citycenter Celje &#8211; siol.net<\/p>\n<p>        <a href=\"https:\/\/siol.net\/\" class=\"gallery__close_btn js_backToArticleBtn\" rel=\"nofollow noopener\" target=\"_blank\"><\/a><\/p>\n<p>\n            Foto:&amp;nbspMediaspeed\n        <\/p>\n<p>        <img decoding=\"async\" src=\"https:\/\/www.europesays.com\/si\/wp-content\/uploads\/2026\/09\/8edcc3d789733f6428f4-sara-vrecko-stradivarius-citycenter-celje.jpeg\" alt=\"Sara Vre\u010dko Stradivarius Citycenter Celje\"\/><\/p>\n<p>\n            Foto:&amp;nbspMediaspeed\n        <\/p>\n<p>        <img decoding=\"async\" src=\"https:\/\/www.europesays.com\/si\/wp-content\/uploads\/2026\/09\/acc95423f6882565a321-rebeka-gliha-sabina-vidovic-in-hajdi-korosec-jazbinsek-stradivarius-citycenter-.jpeg\" alt=\"Rebeka Gliha_Sabina Vidovi\u010d in Hajdi Koro\u0161ec Jazbin\u0161ek_Stradivarius Citycenter Celje\"\/><\/p>\n<p>\n            Foto:&amp;nbspMediaspeed\n        <\/p>\n<p>        <img decoding=\"async\" src=\"https:\/\/www.europesays.com\/si\/wp-content\/uploads\/2026\/09\/2be55ffb89d100dc3a57-sabina-vidovic-na-otvoritvi-stradivarius-citycenter-celje.jpeg\" alt=\"Sabina Vidovi\u010d na otvoritvi Stradivarius Citycenter Celje\"\/><\/p>\n<p>\n            Foto:&amp;nbspMediaspeed\n        <\/p>\n<p>        <img decoding=\"async\" src=\"https:\/\/www.europesays.com\/si\/wp-content\/uploads\/2026\/09\/31ceb3d14017dda61c47-sara-vrecko-in-dejan-tamse-na-otvoritvi-stradivarius-citycenter-celje.jpeg\" alt=\"Sara Vre\u010dko in Dejan Tam\u0161e na otvoritvi Stradivarius Citycenter Celje\"\/><\/p>\n<p>\n            Foto:&amp;nbspMediaspeed\n        <\/p>\n<p>        <img decoding=\"async\" src=\"https:\/\/www.europesays.com\/si\/wp-content\/uploads\/2026\/09\/ca964dd61aad12f29c88-stradivarius-citycenter-celje.jpeg\" alt=\"Stradivarius Citycenter Celje\"\/><\/p>\n<p>\n            Foto:&amp;nbspMediaspeed\n        <\/p>\n<p>        <img decoding=\"async\" src=\"https:\/\/www.europesays.com\/si\/wp-content\/uploads\/2026\/09\/9f5224a47684652c6137-stradivarius-citycenter-celje.jpeg\" alt=\"Stradivarius Citycenter Celje\"\/><\/p>\n","protected":false},"excerpt":{"rendered":"Galerija: Stradivarius Citycenter Celje &#8211; siol.net Foto:&amp;nbspMediaspeed Foto:&amp;nbspMediaspeed Foto:&amp;nbspMediaspeed Foto:&amp;nbspMediaspeed Foto:&amp;nbspMediaspeed Foto:&amp;nbspMediaspeed\n","protected":false},"author":2,"featured_media":215934,"comment_status":"","ping_status":"","sticky":false,"template":"","format":"standard","meta":{"footnotes":"","_share_on_mastodon":"0"},"categories":[23],"tags":[3122,4303,162,2149,1412,3447,1128,276,173,116,4301,1074,1061,4300,34,4102,4306,2072,794,62,37,58,60,38,94,4299,64,90,4057,4302,374,115,4304,4305],"class_list":["post-215933","post","type-post","status-publish","format-standard","has-post-thumbnail","category-celje","tag-avtomobili","tag-avtomoto","tag-celje","tag-ceste","tag-crna-kronika","tag-digisvet","tag-film","tag-glasba","tag-gospodarstvo","tag-horoskop","tag-kolumne","tag-kultura","tag-moda","tag-nova-sluzba","tag-novice","tag-ocene-gostiln","tag-potovanja","tag-pravni-nasvet","tag-recepti","tag-si","tag-slovene","tag-slovenia","tag-slovenija","tag-slovenscina","tag-sport","tag-sportal","tag-svet","tag-tehnologija","tag-trendi","tag-tv-spored","tag-vreme","tag-zabava","tag-zanimivosti","tag-zgodbe"],"share_on_mastodon":{"url":"https:\/\/pubeurope.com\/@si\/117214174888439732","error":""},"_links":{"self":[{"href":"https:\/\/www.europesays.com\/si\/wp-json\/wp\/v2\/posts\/215933","targetHints":{"allow":["GET"]}}],"collection":[{"href":"https:\/\/www.europesays.com\/si\/wp-json\/wp\/v2\/posts"}],"about":[{"href":"https:\/\/www.europesays.com\/si\/wp-json\/wp\/v2\/types\/post"}],"author":[{"embeddable":true,"href":"https:\/\/www.europesays.com\/si\/wp-json\/wp\/v2\/users\/2"}],"replies":[{"embeddable":true,"href":"https:\/\/www.europesays.com\/si\/wp-json\/wp\/v2\/comments?post=215933"}],"version-history":[{"count":0,"href":"https:\/\/www.europesays.com\/si\/wp-json\/wp\/v2\/posts\/215933\/revisions"}],"wp:featuredmedia":[{"embeddable":true,"href":"https:\/\/www.europesays.com\/si\/wp-json\/wp\/v2\/media\/215934"}],"wp:attachment":[{"href":"https:\/\/www.europesays.com\/si\/wp-json\/wp\/v2\/media?parent=215933"}],"wp:term":[{"taxonomy":"category","embeddable":true,"href":"https:\/\/www.europesays.com\/si\/wp-json\/wp\/v2\/categories?post=215933"},{"taxonomy":"post_tag","embeddable":true,"href":"https:\/\/www.europesays.com\/si\/wp-json\/wp\/v2\/tags?post=215933"}],"curies":[{"name":"wp","href":"https:\/\/api.w.org\/{rel}","templated":true}]}}