{"id":215937,"date":"2026-09-04T18:30:08","date_gmt":"2026-09-04T18:30:08","guid":{"rendered":"https:\/\/www.europesays.com\/si\/215937\/"},"modified":"2026-09-04T18:30:08","modified_gmt":"2026-09-04T18:30:08","slug":"trideset-let-zgodbe-o-uspehu-ali-kako-je-slovenija-postala-plezalna-velesila","status":"publish","type":"post","link":"https:\/\/www.europesays.com\/si\/215937\/","title":{"rendered":"Trideset let zgodbe o uspehu ali kako je Slovenija postala plezalna velesila"},"content":{"rendered":"<p>Ko \u010dlovek dopolni 30 let, se obi\u010dajno umiri, zresni, postavi na svoje;\u00a0postane samozavesten in pogosto najbolj produktiven v \u017eivljenju. To v nekem smislu velja za<a href=\"https:\/\/www.delo.si\/tag\/sportno-plezanje\" target=\"_blank\" rel=\"nofollow noopener\"> doma\u010do tekmo svetovnega pokala v \u0161portnem plezanju<\/a>. Porodni kr\u010di so bili bole\u010di, za\u010detki so vsebovali veliko zanesenja\u0161tva in improvizacije, bilo je veliko preprek in dvomov\u00a0&#8230;\u00a0Zdaj vse poteka na najvi\u0161ji ravni, v vsakem trenutku se ve, kako in kaj. <a href=\"https:\/\/www.delo.si\/sport\/drugi-sporti\/sesterica-slovencev-v-lovu-na-finale-vedno-je-noro-tukaj-v-kopru\" target=\"_blank\" rel=\"nofollow noopener\">Postal je spektakel najvi\u0161je ravni<\/a>.<\/p>\n<p>Prvih 25 let je vrhunec sezone na Slovenskem gostil Kranj, v soboto zve\u010der bo peti\u010d zapored finale v Kopru, na zunanji steni PC Plus\u00a0Climbing na Bonifiki, pod katero se bo zbralo ve\u010d tiso\u010d navija\u010dev, pa tudi ugledni gostje, ki bodo obele\u017eili \u010dastitljivo obletnico ter upali na slovensko zmago.<\/p>\n","protected":false},"excerpt":{"rendered":"Ko \u010dlovek dopolni 30 let, se obi\u010dajno umiri, zresni, postavi na svoje;\u00a0postane samozavesten in pogosto najbolj produktiven v&hellip;\n","protected":false},"author":2,"featured_media":215938,"comment_status":"","ping_status":"","sticky":false,"template":"","format":"standard","meta":{"footnotes":"","_share_on_mastodon":"0"},"categories":[25],"tags":[52678,21519,4905,51617,161,45548,52677,14622,4906,62,37,58,60,38,5678,52616,23457,24316,52679],"class_list":["post-215937","post","type-post","status-publish","format-standard","has-post-thumbnail","category-koper","tag-domen-skofic","tag-gorazd-hren","tag-janja-garnbret","tag-klemen-becan","tag-koper","tag-martina-cufar-potard","tag-mina-markovic","tag-planinska-zveza-slovenije","tag-plezanje","tag-si","tag-slovene","tag-slovenia","tag-slovenija","tag-slovenscina","tag-sportno-plezanje","tag-svetovni-pokal-v-sportnem-plezanju","tag-te","tag-tezavnostno-plezanje","tag-tomo-cesen"],"share_on_mastodon":{"url":"https:\/\/pubeurope.com\/@si\/117214198065942102","error":""},"_links":{"self":[{"href":"https:\/\/www.europesays.com\/si\/wp-json\/wp\/v2\/posts\/215937","targetHints":{"allow":["GET"]}}],"collection":[{"href":"https:\/\/www.europesays.com\/si\/wp-json\/wp\/v2\/posts"}],"about":[{"href":"https:\/\/www.europesays.com\/si\/wp-json\/wp\/v2\/types\/post"}],"author":[{"embeddable":true,"href":"https:\/\/www.europesays.com\/si\/wp-json\/wp\/v2\/users\/2"}],"replies":[{"embeddable":true,"href":"https:\/\/www.europesays.com\/si\/wp-json\/wp\/v2\/comments?post=215937"}],"version-history":[{"count":0,"href":"https:\/\/www.europesays.com\/si\/wp-json\/wp\/v2\/posts\/215937\/revisions"}],"wp:featuredmedia":[{"embeddable":true,"href":"https:\/\/www.europesays.com\/si\/wp-json\/wp\/v2\/media\/215938"}],"wp:attachment":[{"href":"https:\/\/www.europesays.com\/si\/wp-json\/wp\/v2\/media?parent=215937"}],"wp:term":[{"taxonomy":"category","embeddable":true,"href":"https:\/\/www.europesays.com\/si\/wp-json\/wp\/v2\/categories?post=215937"},{"taxonomy":"post_tag","embeddable":true,"href":"https:\/\/www.europesays.com\/si\/wp-json\/wp\/v2\/tags?post=215937"}],"curies":[{"name":"wp","href":"https:\/\/api.w.org\/{rel}","templated":true}]}}