{"id":215969,"date":"2026-09-04T18:58:07","date_gmt":"2026-09-04T18:58:07","guid":{"rendered":"https:\/\/www.europesays.com\/si\/215969\/"},"modified":"2026-09-04T18:58:07","modified_gmt":"2026-09-04T18:58:07","slug":"izredno-stanje-pri-sibeniku-v-zraku-vec-letal-za-gasenje-video","status":"publish","type":"post","link":"https:\/\/www.europesays.com\/si\/215969\/","title":{"rendered":"Izredno stanje pri \u0160ibeniku, v zraku ve\u010d letal za ga\u0161enje #video"},"content":{"rendered":"<p>V Dalmaciji je popoldne izbruhnilo ve\u010d po\u017earov. Iz Hrva\u0161ke gasilske zveze so sporo\u010dili, da gasilci trenutno posredujejo pri po\u017earu pri Perkovi\u0107u v \u0160ibensko-kninski \u017eupaniji, natan\u010dneje na obmo\u010dju Slivna, ter na obmo\u010dju Mali Maglaj\u2013Vrdovo v Splitsko-dalmatinski \u017eupaniji.<\/p>\n<p>Pri Perkovi\u0107u so na terenu gasilci iz \u0160ibensko-kninske \u017eupanije in intervencijske gasilske enote iz \u0160ibenika.<\/p>\n<p>Pri ga\u0161enju iz zraka sodeluje pet\u00a0letal \u2013 tri letala canadair CL-415 in dve letali air tractor AT-802.<\/p>\n<p>Gori tudi na Dinari<\/p>\n<p>Po\u017ear je aktiven tudi na obmo\u010dju Mali Maglaj\u2013Vrdovo na Dinari. Pri ga\u0161enju poleg gasilcev operativnega obmo\u010dja Sinj sodeluje \u0161e eno letalo Canadair.<\/p>\n<p>Hrva\u0161ka gasilska zveza opozarja, da nastanek in \u0161irjenje po\u017earov trenutno spodbujajo vremenske razmere.\u00a0<\/p>\n<p>Ob\u010dane in obiskovalce so zato pozvali k dodatni previdnosti.<\/p>\n","protected":false},"excerpt":{"rendered":"V Dalmaciji je popoldne izbruhnilo ve\u010d po\u017earov. Iz Hrva\u0161ke gasilske zveze so sporo\u010dili, da gasilci trenutno posredujejo pri&hellip;\n","protected":false},"author":2,"featured_media":215970,"comment_status":"","ping_status":"","sticky":false,"template":"","format":"standard","meta":{"footnotes":"","_share_on_mastodon":"0"},"categories":[6],"tags":[21586,725,585,5752,760,59,61,62,37,58,60,38,4921,374],"class_list":["post-215969","post","type-post","status-publish","format-standard","has-post-thumbnail","category-slovenija","tag-gasenje","tag-gasilci","tag-hrvaska","tag-nevarnost","tag-pozar","tag-republic-of-slovenia","tag-republika-slovenija","tag-si","tag-slovene","tag-slovenia","tag-slovenija","tag-slovenscina","tag-veter","tag-vreme"],"share_on_mastodon":{"url":"https:\/\/pubeurope.com\/@si\/117214308499290653","error":""},"_links":{"self":[{"href":"https:\/\/www.europesays.com\/si\/wp-json\/wp\/v2\/posts\/215969","targetHints":{"allow":["GET"]}}],"collection":[{"href":"https:\/\/www.europesays.com\/si\/wp-json\/wp\/v2\/posts"}],"about":[{"href":"https:\/\/www.europesays.com\/si\/wp-json\/wp\/v2\/types\/post"}],"author":[{"embeddable":true,"href":"https:\/\/www.europesays.com\/si\/wp-json\/wp\/v2\/users\/2"}],"replies":[{"embeddable":true,"href":"https:\/\/www.europesays.com\/si\/wp-json\/wp\/v2\/comments?post=215969"}],"version-history":[{"count":0,"href":"https:\/\/www.europesays.com\/si\/wp-json\/wp\/v2\/posts\/215969\/revisions"}],"wp:featuredmedia":[{"embeddable":true,"href":"https:\/\/www.europesays.com\/si\/wp-json\/wp\/v2\/media\/215970"}],"wp:attachment":[{"href":"https:\/\/www.europesays.com\/si\/wp-json\/wp\/v2\/media?parent=215969"}],"wp:term":[{"taxonomy":"category","embeddable":true,"href":"https:\/\/www.europesays.com\/si\/wp-json\/wp\/v2\/categories?post=215969"},{"taxonomy":"post_tag","embeddable":true,"href":"https:\/\/www.europesays.com\/si\/wp-json\/wp\/v2\/tags?post=215969"}],"curies":[{"name":"wp","href":"https:\/\/api.w.org\/{rel}","templated":true}]}}