{"id":216001,"date":"2026-09-04T19:36:09","date_gmt":"2026-09-04T19:36:09","guid":{"rendered":"https:\/\/www.europesays.com\/si\/216001\/"},"modified":"2026-09-04T19:36:09","modified_gmt":"2026-09-04T19:36:09","slug":"ukinitev-prispevka-rtv-evropske-institucije-z-resnim-opozorilom-za-slovence-tole-pravijo","status":"publish","type":"post","link":"https:\/\/www.europesays.com\/si\/216001\/","title":{"rendered":"Ukinitev prispevka RTV? Evropske institucije z resnim opozorilom za Slovence, tole pravijo"},"content":{"rendered":"<p>Evropska radiotelevizijska zveza (EBU), Novinarji brez meja, Evropska zveza novinarjev in druge organizacije so po objavi predloga novele zakona o Radioteleviziji Slovenija (RTVS) pozvale k za\u0161\u010diti neodvisnosti zavoda. Sprememba, po kateri bi skoraj vse \u010dlane nadzornega sveta imenovala vlada, vzbuja pomisleke o za\u0161\u010diti pred politi\u010dnim vplivom.\u00a0\u00bbZaskrbljeni smo tudi nad tem, da bi se mandati sedanjega sveta, finan\u010dnega odbora in uprave RTVS samodejno kon\u010dali z uveljavitvijo zakona. Stalni mandat \u0161\u010diti neodvisnost upravljanja javnih medijev,\u00ab\u00a0so pri EBU zapisali v sporo\u010dilu za javnost.<\/p>\n<p><a href=\"https:\/\/slovenskenovice.delo.si\/novice\/slovenija\/toliko-slovencev-se-vedno-gleda-rtv-slovenija-podatki-ki-presenetijo\" target=\"_blank\" rel=\"nofollow noopener\">Pred kratkim smo poro\u010dali, da so na\u00a0RTVS<\/a>\u00a0letos dosegli kar 93,3 odstotka prebivalcev Slovenije.\u00a0To pomeni, da si je vsaj del programa prvega ali drugega programa TV Slovenija ogledalo skoraj 1,8 milijona razli\u010dnih gledalcev.<\/p>\n<p>Ob tem so spomnili, da je ustavno sodi\u0161\u010de julija ugotovilo, da bi zakonska prekinitev teh mandatov lahko ogrozila institucionalno in programsko avtonomijo radiotelevizije, ter s tem posegla v svobodo izra\u017eanja. Prekinitev iz leta 2022 je sodi\u0161\u010de potrdilo le zato, ker so jo upravi\u010devale izjemne okoli\u0161\u010dine.\u00a0Poudarili so, da Evropski akt o svobodi medijev od dr\u017eav \u010dlanic zahteva, da zagotovijo neodvisnost javnih medijev. Postopki imenovanja morajo biti odprti, u\u010dinkoviti in nediskriminatorni, temeljiti pa morajo na vnaprej dolo\u010denih objektivnih merilih. Temu pritrjujejo tudi priporo\u010dila Sveta Evrope.<\/p>\n<p><img decoding=\"async\" class=\"article__img-tag-visible\" src=\"https:\/\/www.europesays.com\/si\/wp-content\/uploads\/2026\/09\/3717601.width-660.format-webp.webp\" alt=\"Obveznost dr\u017eave je zagotavljati zadostna in pravo\u010dasna sredstva javnim medijem pod preglednimi, objektivnimi in predvidljivimi pogoji.\u00a0FOTO: Bla\u017e\u00a0Samec\/DELO\" img_id=\"11790281\" data-img-id=\"11790281\"\/><\/p>\n<p>Obveznost dr\u017eave je zagotavljati zadostna in pravo\u010dasna sredstva javnim medijem pod preglednimi, objektivnimi in predvidljivimi pogoji.\u00a0FOTO: Bla\u017e\u00a0Samec\/DELO<\/p>\n<p>Predlog novele zakona o RTVS spreminja tudi ureditev financiranja narodnostnih programov in glasbene produkcije. Pri EBU so v sporo\u010dilu za javnost opozorili, da je obveznost dr\u017eave zagotavljati zadostna in pravo\u010dasna sredstva javnim medijem pod preglednimi, objektivnimi in predvidljivimi pogoji.\u00a0To je zdaj \u0161e toliko bolj pomembno, saj je DZ avgusta razpisal posvetovalni referendum o odpravi obveznega RTV-prispevka. Evropski predpisi sicer ne dolo\u010dajo enega samega financiranja, vendar vsaka sprememba \u00bbzahteva najprej jasno, verodostojno in trajnostno alternativo\u00ab.\u00a0Evropski akt o svobodi medijev tudi pri financiranju javnih medijev zahteva, da so postopki dolo\u010deni po vnaprej dolo\u010denih preglednih in objektivnih merilih ter da dr\u017eava zagotavlja ustrezna, trajnostna in predvidljiva finan\u010dna sredstva. \u00bbOpustitev naro\u010dnine brez takega okvira tvega finan\u010dno negotovost in ve\u010djo odvisnost od letnih politi\u010dnih in prora\u010dunskih odlo\u010ditev,\u00ab\u00a0so navedli.<\/p>\n<p>Opozorili so \u0161e, da je ministrstvo za kulturo dolo\u010dilo kratko javno razpravo, torej le do 9. septembra. Oblast so pozvali, naj omogo\u010dijo dovolj \u010dasa za smiselno izmenjavo mnenj in zagotovijo, da bo kon\u010dna razli\u010dica zakona nudila mo\u010dna jamstva za neodvisnost RTVS ter zagotovila financiranje za njeno celotno delovanje.\u00a0Podpisniki izjave so tudi Evropska zveza novinarjev (EFJ), Novinarji brez meja (RSF) in javni mediji ve\u010d kot deset evropskih dr\u017eav.<\/p>\n","protected":false},"excerpt":{"rendered":"Evropska radiotelevizijska zveza (EBU), Novinarji brez meja, Evropska zveza novinarjev in druge organizacije so po objavi predloga novele&hellip;\n","protected":false},"author":2,"featured_media":216002,"comment_status":"","ping_status":"","sticky":false,"template":"","format":"standard","meta":{"footnotes":"","_share_on_mastodon":"0"},"categories":[20],"tags":[15739,32,2404,35,31,34,4034,35777,36,25131,1641,7800,37,38,33,1306,1123],"class_list":["post-216001","post","type-post","status-publish","format-standard","has-post-thumbnail","category-novice","tag-ebu","tag-headlines","tag-mediji","tag-najpomembnejse-novice","tag-news","tag-novice","tag-novinarji","tag-novinarji-brez-meja","tag-osrednje-novice","tag-razprava","tag-rtv-slovenija","tag-rtv-prispevek","tag-slovene","tag-slovenscina","tag-top-stories","tag-vlada","tag-zakon"],"share_on_mastodon":{"url":"https:\/\/pubeurope.com\/@si\/117214457874278230","error":""},"_links":{"self":[{"href":"https:\/\/www.europesays.com\/si\/wp-json\/wp\/v2\/posts\/216001","targetHints":{"allow":["GET"]}}],"collection":[{"href":"https:\/\/www.europesays.com\/si\/wp-json\/wp\/v2\/posts"}],"about":[{"href":"https:\/\/www.europesays.com\/si\/wp-json\/wp\/v2\/types\/post"}],"author":[{"embeddable":true,"href":"https:\/\/www.europesays.com\/si\/wp-json\/wp\/v2\/users\/2"}],"replies":[{"embeddable":true,"href":"https:\/\/www.europesays.com\/si\/wp-json\/wp\/v2\/comments?post=216001"}],"version-history":[{"count":0,"href":"https:\/\/www.europesays.com\/si\/wp-json\/wp\/v2\/posts\/216001\/revisions"}],"wp:featuredmedia":[{"embeddable":true,"href":"https:\/\/www.europesays.com\/si\/wp-json\/wp\/v2\/media\/216002"}],"wp:attachment":[{"href":"https:\/\/www.europesays.com\/si\/wp-json\/wp\/v2\/media?parent=216001"}],"wp:term":[{"taxonomy":"category","embeddable":true,"href":"https:\/\/www.europesays.com\/si\/wp-json\/wp\/v2\/categories?post=216001"},{"taxonomy":"post_tag","embeddable":true,"href":"https:\/\/www.europesays.com\/si\/wp-json\/wp\/v2\/tags?post=216001"}],"curies":[{"name":"wp","href":"https:\/\/api.w.org\/{rel}","templated":true}]}}