{"id":216013,"date":"2026-09-04T19:52:09","date_gmt":"2026-09-04T19:52:09","guid":{"rendered":"https:\/\/www.europesays.com\/si\/216013\/"},"modified":"2026-09-04T19:52:09","modified_gmt":"2026-09-04T19:52:09","slug":"kri-v-soli-deklica-z-nozem-poskodovala-dve-vrstnici","status":"publish","type":"post","link":"https:\/\/www.europesays.com\/si\/216013\/","title":{"rendered":"Kri v \u0161oli: deklica z no\u017eem po\u0161kodovala dve vrstnici"},"content":{"rendered":"<p>Grozljiv dogodek je pretresel sosednjo Bosno in Hercegovino. V \u0161oli v Gornji Tuzli je deklica z no\u017eem po\u0161kodovala dve drugi deklici.\u00a0Dogodek so potrdili na ministrstvu za notranje zadeve Tuzelskega kantona.<\/p>\n<p>Okoli 9.25 je Policijska uprava Tuzla oziroma policijska postaja Istok prejela prijavo, da se z dvori\u0161\u010da ene od \u0161ol na obmo\u010dju mesta Tuzla sli\u0161i hrup. Policisti, ki so od\u0161li na kraj dogodka, so ugotovili, da je deklica, rojena leta 2011, s hladnim oro\u017ejem po\u0161kodovala dve deklici, rojeni leta 2012, poro\u010da Dnevni Avaz.<\/p>\n<p>Obe deklici odpeljali v bolni\u0161nico<\/p>\n<p>Po\u0161kodovani deklici so z re\u0161evalnim vozilom odpeljali v bolni\u0161nico v Tuzli, kjer so jima nudili zdravni\u0161ko pomo\u010d. Trenutno ugotavljajo te\u017eo njunih po\u0161kodb. Po dosedanjih informacijah deklici nista \u017eivljenjsko ogro\u017eeni, deklica, ki ju je napadla, pa je pod nadzorom policije.<\/p>\n<p>Primer preiskuje policija pod nadzorom to\u017eilca<\/p>\n<p>O dogodku so obvestili de\u017eurnega to\u017eilca Kantonalnega to\u017eilstva Tuzelskega kantona, ki bo vodil ogled kraja dogodka. Ogled in druga potrebna dejanja bodo opravili policisti, so sporo\u010dili z ministrstva za notranje zadeve Bosne in Hercegovine.<\/p>\n<p>Policija zaradi zakonskih dolo\u010db, ki urejajo za\u0161\u010dito otrok in mladoletnikov v kazenskem postopku, ter Konvencije o otrokovih pravicah o primeru za zdaj ne more posredovati ve\u010d informacij, poro\u010da Dnevnik.hr.<\/p>\n","protected":false},"excerpt":{"rendered":"Grozljiv dogodek je pretresel sosednjo Bosno in Hercegovino. V \u0161oli v Gornji Tuzli je deklica z no\u017eem po\u0161kodovala&hellip;\n","protected":false},"author":2,"featured_media":216014,"comment_status":"","ping_status":"","sticky":false,"template":"","format":"standard","meta":{"footnotes":"","_share_on_mastodon":"0"},"categories":[8],"tags":[5808,2631,52705,813,529,779,4230,9256,503,817,326,76,37,38,64,43154,52706,63],"class_list":["post-216013","post","type-post","status-publish","format-standard","has-post-thumbnail","category-svet","tag-bih","tag-deklica","tag-gornja-tuzla","tag-incident","tag-napad","tag-nasilje","tag-noz","tag-osnovna-sola","tag-otroci","tag-otrok","tag-policija","tag-preiskava","tag-slovene","tag-slovenscina","tag-svet","tag-tuzla","tag-tuzlanski-kanton","tag-world"],"share_on_mastodon":{"url":"https:\/\/pubeurope.com\/@si\/117214520781836113","error":""},"_links":{"self":[{"href":"https:\/\/www.europesays.com\/si\/wp-json\/wp\/v2\/posts\/216013","targetHints":{"allow":["GET"]}}],"collection":[{"href":"https:\/\/www.europesays.com\/si\/wp-json\/wp\/v2\/posts"}],"about":[{"href":"https:\/\/www.europesays.com\/si\/wp-json\/wp\/v2\/types\/post"}],"author":[{"embeddable":true,"href":"https:\/\/www.europesays.com\/si\/wp-json\/wp\/v2\/users\/2"}],"replies":[{"embeddable":true,"href":"https:\/\/www.europesays.com\/si\/wp-json\/wp\/v2\/comments?post=216013"}],"version-history":[{"count":0,"href":"https:\/\/www.europesays.com\/si\/wp-json\/wp\/v2\/posts\/216013\/revisions"}],"wp:featuredmedia":[{"embeddable":true,"href":"https:\/\/www.europesays.com\/si\/wp-json\/wp\/v2\/media\/216014"}],"wp:attachment":[{"href":"https:\/\/www.europesays.com\/si\/wp-json\/wp\/v2\/media?parent=216013"}],"wp:term":[{"taxonomy":"category","embeddable":true,"href":"https:\/\/www.europesays.com\/si\/wp-json\/wp\/v2\/categories?post=216013"},{"taxonomy":"post_tag","embeddable":true,"href":"https:\/\/www.europesays.com\/si\/wp-json\/wp\/v2\/tags?post=216013"}],"curies":[{"name":"wp","href":"https:\/\/api.w.org\/{rel}","templated":true}]}}