{"id":216019,"date":"2026-09-04T20:02:14","date_gmt":"2026-09-04T20:02:14","guid":{"rendered":"https:\/\/www.europesays.com\/si\/216019\/"},"modified":"2026-09-04T20:02:14","modified_gmt":"2026-09-04T20:02:14","slug":"disco-na-jostu-dogodki-v-obcini-kranj-2","status":"publish","type":"post","link":"https:\/\/www.europesays.com\/si\/216019\/","title":{"rendered":"Disco na Jo\u0161tu &#8211; dogodki v ob\u010dini Kranj"},"content":{"rendered":"<p>Tradicionalni Disco na Jo\u0161tu se vra\u010da &#8211; a letos v&#13;<br \/>\n        prav posebni izdaji!<\/p>\n<p>&#13;<br \/>\n&#13;<\/p>\n<p>LESTVICA SLOVENSKIH DISKOTEK &#8211; RELOADED&#13;<br \/>\n        EDITION &#8211; prvi\u010d po 40. letih ponovno v \u017eivo!<\/p>\n<p>&#13;<br \/>\n&#13;<\/p>\n<p>Se spomnite kultne oddaje LSD &#8211; Lestvica&#13;<br \/>\n        Slovenskih Diskotek, ki je bila na Radiu Ljubljana-2, (dana\u0161njemu Valu 202), na&#13;<br \/>\n        sporedu vsak ponedeljek zve\u010der in je od leta 1986, do za\u010detka 90h let gostovala&#13;<br \/>\n        po diskotekah v vsej Sloveniji? Zdaj se vra\u010da &#8211; in to V \u017dIVO na Jo\u0161tu!<\/p>\n<p>&#13;<br \/>\n&#13;<\/p>\n<p>\u010caka nas prava eksplozija nostalgije,&#13;<br \/>\n        glasbe in energije &#8211; najve\u010dji disco hiti ter nepozabne uspe\u0161nice 80. in 90.&#13;<br \/>\n        let, ob tem pa tudi posebni gostje in legendarni obrazi tistega \u010dasa. Z nami&#13;<br \/>\n        bodo DJ-ji, ki so soustvarjali zlato dobo slovenskih diskotek neko\u010d:<\/p>\n<p>&#13;<br \/>\n&#13;<\/p>\n<p>&#13;<br \/>\n        \u00a0DJ Silvo&#13;<br \/>\nFortuna<br \/>\u00a0DJ&#13;<br \/>\nStanny Abram<br \/>\u00a0DJ&#13;<br \/>\nSamo Satler<br \/>\u00a0DJ&#13;<br \/>\nGrega Dol\u017ean<br \/>\u00a0DJ&#13;<br \/>\nDavid Tupy<\/p>\n<p>&#13;<br \/>\n&#13;<\/p>\n<p class=\"MsoNormal\">V \u017eivo se nam bodo tudi oglasili, nas&#13;<br \/>\npozdravili in z nami obujali spomine zvezdniki takratne radijske in&#13;<br \/>\ntelevizijske scene. P.S.: Nekateri pridejo tudi osebno!\u00a0<\/p>\n<p>&#13;<br \/>\n&#13;<br \/>\n&#13;<br \/>\n&#13;<\/p>\n<p class=\"MsoNormal\">To je vrnitev v zlato dobo slovenskih&#13;<br \/>\ndiskotek. V \u010das kaset, vinilk, radijskih lestvic, polnih plesi\u0161\u010d in vesele&#13;<br \/>\nglasbe, ki jo \u0161e danes znamo zapeti na pamet.<\/p>\n<p>&#13;<br \/>\n&#13;<br \/>\n&#13;<br \/>\n&#13;<\/p>\n<p class=\"MsoNormal\">Za hrano, pija\u010do in zabavo bo&#13;<br \/>\nposkrbljeno, VSTOPNINE NI!<\/p>\n<p>&#13;<br \/>\n&#13;<\/p>\n<p class=\"MsoNormal\">Povabite svojo ekipo. Oblecite disco&#13;<br \/>\nnasmeh in pridite podo\u017eivet \u010das, ko je bila vsaka diskoteka svoj svet. Se&#13;<br \/>\nvidimo na plesi\u0161\u010du!\u00a0<\/p>\n","protected":false},"excerpt":{"rendered":"Tradicionalni Disco na Jo\u0161tu se vra\u010da &#8211; a letos v&#13; prav posebni izdaji! &#13; &#13; LESTVICA SLOVENSKIH DISKOTEK&hellip;\n","protected":false},"author":2,"featured_media":216020,"comment_status":"","ping_status":"","sticky":false,"template":"","format":"standard","meta":{"footnotes":"","_share_on_mastodon":"0"},"categories":[24],"tags":[162,52619,157,163,166,164,161,151,124,159,150,154,155,153,34,158,156,62,37,58,60,38,160,165],"class_list":["post-216019","post","type-post","status-publish","format-standard","has-post-thumbnail","category-kranj","tag-celje","tag-disco-na-jostu","tag-dogodki","tag-domzale","tag-gorenjska","tag-kamnik","tag-koper","tag-kranj","tag-ljubljana","tag-lokalno","tag-maribor","tag-moja-obcina","tag-mojaobcina","tag-mojaobcina-si","tag-novice","tag-obcina","tag-prireditve","tag-si","tag-slovene","tag-slovenia","tag-slovenija","tag-slovenscina","tag-upravna-enota","tag-velenje"],"share_on_mastodon":{"url":"https:\/\/pubeurope.com\/@si\/117214559849364693","error":""},"_links":{"self":[{"href":"https:\/\/www.europesays.com\/si\/wp-json\/wp\/v2\/posts\/216019","targetHints":{"allow":["GET"]}}],"collection":[{"href":"https:\/\/www.europesays.com\/si\/wp-json\/wp\/v2\/posts"}],"about":[{"href":"https:\/\/www.europesays.com\/si\/wp-json\/wp\/v2\/types\/post"}],"author":[{"embeddable":true,"href":"https:\/\/www.europesays.com\/si\/wp-json\/wp\/v2\/users\/2"}],"replies":[{"embeddable":true,"href":"https:\/\/www.europesays.com\/si\/wp-json\/wp\/v2\/comments?post=216019"}],"version-history":[{"count":0,"href":"https:\/\/www.europesays.com\/si\/wp-json\/wp\/v2\/posts\/216019\/revisions"}],"wp:featuredmedia":[{"embeddable":true,"href":"https:\/\/www.europesays.com\/si\/wp-json\/wp\/v2\/media\/216020"}],"wp:attachment":[{"href":"https:\/\/www.europesays.com\/si\/wp-json\/wp\/v2\/media?parent=216019"}],"wp:term":[{"taxonomy":"category","embeddable":true,"href":"https:\/\/www.europesays.com\/si\/wp-json\/wp\/v2\/categories?post=216019"},{"taxonomy":"post_tag","embeddable":true,"href":"https:\/\/www.europesays.com\/si\/wp-json\/wp\/v2\/tags?post=216019"}],"curies":[{"name":"wp","href":"https:\/\/api.w.org\/{rel}","templated":true}]}}