{"id":216027,"date":"2026-09-04T20:11:10","date_gmt":"2026-09-04T20:11:10","guid":{"rendered":"https:\/\/www.europesays.com\/si\/216027\/"},"modified":"2026-09-04T20:11:10","modified_gmt":"2026-09-04T20:11:10","slug":"priljubljeni-slovenski-ucitelj-presenetil-z-razkritjem-z-martinom-golobom-sta-bila-sodelavca-video","status":"publish","type":"post","link":"https:\/\/www.europesays.com\/si\/216027\/","title":{"rendered":"Priljubljeni slovenski u\u010ditelj presenetil z razkritjem: z Martinom Golobom sta bila sodelavca (VIDEO)"},"content":{"rendered":"<p>Dr. Uro\u0161 Ocepek, eden bolj prepoznavnih slovenskih profesorjev, ima poleg pou\u010devanja in umetne inteligence \u0161e eno precej manj znano strast \u2013 glasbo. Pred pribli\u017eno desetimi oziroma enajstimi leti je igral orgle v zagorski cerkvi, prav v \u010dasu, ko je tam kot kaplan slu\u017eboval danes dobro znani duhovnik Martin Golob. \u00bbBila sva tudi eno leto sodelavca z Martinom Golobom, ki je bil kaplan v Zagorju,\u00ab je razkril Ocepek in dodal, da ima na tisto obdobje zelo lepe spomine. A tudi za orglami o\u010ditno ni mogel povsem iz svoje ko\u017ee. Med ma\u0161ami je namre\u010d v\u010dasih zaigral celo Avsenikove melodije, le da jih je nekoliko druga\u010de harmoniziral, zato verniki spodaj niso nujno vedeli, kaj pravzaprav poslu\u0161ajo. \u00bbMed ma\u0161ami sem v\u010dasih igral Avsenike, pa spodaj niso vedeli, da gre za Avsenika, ker sem ga malo druga\u010de poharmoniziral,\u00ab se je nasmejal. Posebej ustvarjalen je bil tudi na porokah. Za\u010del je s prvim delom Poro\u010dne kora\u010dnice, nato pa neopazno pre\u0161el v Slakovo pesem Po dekle. \u00bbVeliko sem komponiral. Zdi se mi, da sem bil vedno malenkost upornika tudi na tak\u0161en na\u010din,\u00ab je priznal.<\/p>\n<p>\u00bb\u010ce je Bog vse ustvaril, potem je tudi Avsenik bo\u017eji\u00ab<\/p>\n<p>Ocepek je imel pripravljen celo odgovor za primer, \u010de bi ga kdo od duhovnikov vpra\u0161al, kaj vendar igra med ma\u0161o. \u00bb\u010ce je Bog vse ustvaril, potem je tudi to bo\u017eje. Tudi Avsenik,\u00ab je povedal v svojem zna\u010dilno hudomu\u0161nem slogu. Njegova povezanost s cerkvijo pa se ni za\u010dela pri orglah. Kot otrok je bil ministrant, ob nedeljah je bral pri ma\u0161i, pomagal pa je tudi pri \u0161tevilnih pogrebih. \u00bbBil sem skoraj pe\u010den v cerkvi,\u00ab se je po\u0161alil. Prav zato morda niti ni presenetljivo, da je v mladosti nekaj \u010dasa razmi\u0161ljal tudi o duhovni\u0161kem poklicu. Kasneje je svojo pot vendarle na\u0161el v u\u010diteljstvu, a glasba in cerkev sta o\u010ditno ostali pomemben del njegovih spominov. Ob tem je zanimivo, da sta se z Martinom Golobom, ki je prav tako znan po spro\u0161\u010denem pristopu in smislu za humor, \u017ee pred leti zna\u0161la pod isto streho v Zagorju. Ocepkova zgodba pa ka\u017ee \u0161e eno njegovo plat: profesor, ki danes mladim govori o znanju, tehnologiji in umetni inteligenci, je neko\u010d za orglami skrbel tudi za precej nepri\u010dakovane glasbene preobrate.<\/p>\n","protected":false},"excerpt":{"rendered":"Dr. Uro\u0161 Ocepek, eden bolj prepoznavnih slovenskih profesorjev, ima poleg pou\u010devanja in umetne inteligence \u0161e eno precej manj&hellip;\n","protected":false},"author":2,"featured_media":216028,"comment_status":"","ping_status":"","sticky":false,"template":"","format":"standard","meta":{"footnotes":"","_share_on_mastodon":"0"},"categories":[6],"tags":[41639,234,7927,14359,33565,20617,59,61,62,37,58,60,38,23678],"class_list":["post-216027","post","type-post","status-publish","format-standard","has-post-thumbnail","category-slovenija","tag-avseniki","tag-cerkev","tag-duhovnik","tag-martin-golob","tag-masa","tag-orgle","tag-republic-of-slovenia","tag-republika-slovenija","tag-si","tag-slovene","tag-slovenia","tag-slovenija","tag-slovenscina","tag-uros-ocepek"],"share_on_mastodon":{"url":"https:\/\/pubeurope.com\/@si\/117214595271528555","error":""},"_links":{"self":[{"href":"https:\/\/www.europesays.com\/si\/wp-json\/wp\/v2\/posts\/216027","targetHints":{"allow":["GET"]}}],"collection":[{"href":"https:\/\/www.europesays.com\/si\/wp-json\/wp\/v2\/posts"}],"about":[{"href":"https:\/\/www.europesays.com\/si\/wp-json\/wp\/v2\/types\/post"}],"author":[{"embeddable":true,"href":"https:\/\/www.europesays.com\/si\/wp-json\/wp\/v2\/users\/2"}],"replies":[{"embeddable":true,"href":"https:\/\/www.europesays.com\/si\/wp-json\/wp\/v2\/comments?post=216027"}],"version-history":[{"count":0,"href":"https:\/\/www.europesays.com\/si\/wp-json\/wp\/v2\/posts\/216027\/revisions"}],"wp:featuredmedia":[{"embeddable":true,"href":"https:\/\/www.europesays.com\/si\/wp-json\/wp\/v2\/media\/216028"}],"wp:attachment":[{"href":"https:\/\/www.europesays.com\/si\/wp-json\/wp\/v2\/media?parent=216027"}],"wp:term":[{"taxonomy":"category","embeddable":true,"href":"https:\/\/www.europesays.com\/si\/wp-json\/wp\/v2\/categories?post=216027"},{"taxonomy":"post_tag","embeddable":true,"href":"https:\/\/www.europesays.com\/si\/wp-json\/wp\/v2\/tags?post=216027"}],"curies":[{"name":"wp","href":"https:\/\/api.w.org\/{rel}","templated":true}]}}