{"id":216057,"date":"2026-09-04T20:49:13","date_gmt":"2026-09-04T20:49:13","guid":{"rendered":"https:\/\/www.europesays.com\/si\/216057\/"},"modified":"2026-09-04T20:49:13","modified_gmt":"2026-09-04T20:49:13","slug":"logar-slovenijo-in-srbijo-povezujejo-tesne-gospodarske-vezi-ki-jih-zelimo-poglobiti","status":"publish","type":"post","link":"https:\/\/www.europesays.com\/si\/216057\/","title":{"rendered":"Logar: Slovenijo in Srbijo povezujejo tesne gospodarske vezi, ki jih \u017eelimo poglobiti"},"content":{"rendered":"<p>\t\t\t\t\t\t\t\t<a href=\"https:\/\/www.europesays.com\/si\/wp-content\/uploads\/2026\/09\/67093260.jpg\" itemprop=\"contentUrl\" data-size=\"1200x800\" data-large=\"https:\/\/www.europesays.com\/si\/wp-content\/uploads\/2026\/09\/67093260.jpg\"><br \/>\n\t\t\t\t\t\t\t\t\t<img decoding=\"async\" src=\"https:\/\/www.europesays.com\/si\/wp-content\/uploads\/2026\/09\/67093260.jpg\" title=\"An\u017ee Logar na obisku v Srbiji. Foto: Ministrstvo za gospodarstvo\" alt=\"An\u017ee Logar na obisku v Srbiji. Foto: Ministrstvo za gospodarstvo\"\/><br \/>\n\t\t\t\t\t\t\t\t<\/a><\/p>\n<p>\t\t\t\t\t\t\t\t\tAn\u017ee Logar na obisku v Srbiji. Foto: Ministrstvo za gospodarstvo<\/p>\n<p>\t\t\t\t\t\t\t<a id=\"preferredSourceBanner\" href=\"https:\/\/www.rtvslo.si\/gospodarstvo\/logar-slovenijo-in-srbijo-povezujejo-tesne-gospodarske-vezi-ki-jih-zelimo-poglobiti\/javascript:void(0)\" target=\"_blank\" class=\"d-none align-items-center justify-content-between rounded my-3\" style=\"padding: 10px 15px;\" rel=\"nofollow noopener\"><br \/>\n\t\t\t\t\t\t<img decoding=\"async\" src=\"https:\/\/img.rtvslo.si\/_static\/novi\/img\/ico-google.svg\" class=\"flex-shrink-0 mr-3\" aria-hidden=\"true\"\/><br \/>\n\t\t\t\t\t\tSpremljajte RTVSLO.si kot prednostni vir na Google<\/p>\n<p>\t\t\t\t\t<\/a><\/p>\n<p>S srbsko ministrico za notranjo in zunanjo trgovino Jagodo Lazarevi\u0107, ministrico za delo, zaposlovanje, veterane in socialne zadeve Milico \u0110ur\u0111evi\u0107 Stamenkovski ter ministrom za \u0161port Zoranom Gaji\u0107em so izmenjali poglede na aktualna vpra\u0161anja na podro\u010djih gospodarskega sodelovanja, trga dela in \u0161porta. Ob tem so potrdili interes za nadaljnjo krepitev dvostranskih odnosov med Slovenijo in Srbijo, so sporo\u010dili z ministrstva.<\/p>\n<p>Oglas<\/p>\n<p>\t\t\t\t\t\t\t\t<a href=\"https:\/\/www.europesays.com\/si\/wp-content\/uploads\/2026\/09\/67092956.jpg\" itemprop=\"contentUrl\" data-size=\"1200x800\" data-large=\"https:\/\/www.europesays.com\/si\/wp-content\/uploads\/2026\/09\/67092956.jpg\"><br \/>\n\t\t\t\t\t\t\t\t\t<img decoding=\"async\" src=\"https:\/\/www.europesays.com\/si\/wp-content\/uploads\/2026\/09\/67092956.jpg\" title=\"An\u017ee Logar s srbskim predsednikom vlade \u0110urom Macutom na gradbi\u0161\u010du specializirane svetovne razstave Expo 2027 v Beogradu. Foto: Sa\u0161a Banjanac Lubej\" alt=\"An\u017ee Logar s srbskim predsednikom vlade \u0110urom Macutom na gradbi\u0161\u010du specializirane svetovne razstave Expo 2027 v Beogradu. Foto: Sa\u0161a Banjanac Lubej\"\/><br \/>\n\t\t\t\t\t\t\t\t<\/a><\/p>\n<p>\t\t\t\t\t\t\t\t\tAn\u017ee Logar s srbskim predsednikom vlade \u0110urom Macutom na gradbi\u0161\u010du specializirane svetovne razstave Expo 2027 v Beogradu. Foto: Sa\u0161a Banjanac Lubej<\/p>\n<p>&#8220;Slovenijo in Srbijo povezujejo tesne gospodarske vezi, ki jih \u017eelimo poglobiti. Ob \u0161tevilnih prilo\u017enostih za \u0161iritev trgovinske menjave in investicij vidimo velik potencial tudi v tesnej\u0161em sodelovanju podjetij pri nastopih na tretjih trgih. Hkrati \u017eelimo spodbuditi ve\u010d srbskih nalo\u017eb v Sloveniji, predvsem na podro\u010djih z vi\u0161jo dodano vrednostjo,&#8221; so Logarjeve besede povzeli na ministrstvu.<\/p>\n<p>Logar: Obstaja \u0161e kar nekaj mo\u017enosti za nadaljnjo rast dvostranskega sodelovanja<\/p>\n<p>Kot je minister v telefonskem pogovoru dejal za STA, je Srbija za Slovenijo 12. najpomembnej\u0161a trgovinska oz. gospodarska partnerica ter drugi najpomembnej\u0161i trg neposrednih slovenskih nalo\u017eb. &#8220;Obstaja \u0161e kar nekaj mo\u017enosti za nadaljnjo rast bilateralnega sodelovanja, predvsem na podro\u010dju storitev, pa tudi na podro\u010dju informacijskih tehnologij in farmacije,&#8221; je povedal.<\/p>\n<p>Pomemben del obiska so bile priprave na slovensko udele\u017ebo na svetovni razstavi Expo 2027 v Beogradu. To bo prilo\u017enost za predstavitev Slovenije in krepitev njene mednarodne prepoznavnosti ter sodelovanje na gospodarskem, znanstvenem in institucionalnem podro\u010dju. V okviru obiska je na uradni slovesnosti potekal podpis pogodbe o sodelovanju Slovenije na Expu, podpisala jo je generalna komisarka Slovenije za Expo 2027 Sa\u0161a Lavri\u010d.<\/p>\n<p>Logar si je v spremstvu Jagode Lazarevi\u0107, ki je tudi generalna komisarka Srbije za Expo 2027, ogledal gradbi\u0161\u010de prihodnjega prizori\u0161\u010da in se seznanil s potekom priprav na enega najve\u010djih mednarodnih dogodkov v Srbiji. Slovensko delegacijo je tam pozdravil predsednik srbske vlade \u0110uro Macut in se ji zahvalil za obisk in za potrditev udele\u017ebe na Expu.<\/p>\n<p>\t\t\t\t\t\t\t\t<a href=\"https:\/\/www.europesays.com\/si\/wp-content\/uploads\/2026\/09\/67093259.jpg\" itemprop=\"contentUrl\" data-size=\"1200x800\" data-large=\"https:\/\/www.europesays.com\/si\/wp-content\/uploads\/2026\/09\/67093259.jpg\"><br \/>\n\t\t\t\t\t\t\t\t\t<img decoding=\"async\" src=\"https:\/\/www.europesays.com\/si\/wp-content\/uploads\/2026\/09\/67093259.jpg\" title=\"Na obisku so potrdili \u017eeljo za nadaljnjo krepitev dvostranskih odnosov med Slovenijo in Srbijo, so sporo\u010dili z ministrstva. Foto: Ministrstvo za gospodarstvo\" alt=\"Na obisku so potrdili \u017eeljo za nadaljnjo krepitev dvostranskih odnosov med Slovenijo in Srbijo, so sporo\u010dili z ministrstva. Foto: Ministrstvo za gospodarstvo\"\/><br \/>\n\t\t\t\t\t\t\t\t<\/a><\/p>\n<p>\t\t\t\t\t\t\t\t\tNa obisku so potrdili \u017eeljo za nadaljnjo krepitev dvostranskih odnosov med Slovenijo in Srbijo, so sporo\u010dili z ministrstva. Foto: Ministrstvo za gospodarstvo<\/p>\n<p>&#8220;Expo 2027 Beograd ima za Slovenijo poseben strate\u0161ki pomen, saj geografska bli\u017eina prina\u0161a pomembne logisti\u010dne in organizacijske prednosti. Razstava hkrati ponuja prilo\u017enost za krepitev gospodarskega sodelovanja v regiji Zahodnega Balkana, s katero Slovenijo povezujejo dolgoletne zgodovinske, poslovne in kulturne vezi,&#8221; so poudarili na ministrstvu.<\/p>\n<p>Logar je obiskal tudi sede\u017e dru\u017ebe Kolektor Etra v bli\u017eini Beograda, ki predstavlja enega izmed vidnej\u0161ih primerov uspe\u0161nega delovanja slovenskih podjetij na srbskem trgu. Med drugim si je ogledal najnovej\u0161o nalo\u017ebo tega podjetja, in sicer odprtje proizvodne hale. &#8220;V tem pogledu je to eden od teh dejavnikov, kjer si lahko slovensko podjetje z nalo\u017ebo v tujini odpre potem tudi nekatere druge trge, do katerih iz Slovenije ne more dostopati,&#8221; je povedal za STA.<\/p>\n<p>\t\t\t\tSlovenija bo sodelovala na razstavi Expo v Beogradu<\/p>\n<p>\t\t\t\t\t\t\t<a href=\"https:\/\/img.rtvcdn.si\/_up\/upload\/2026\/09\/04\/67092939.jpg\" data-size=\"1200x800\" rel=\"nofollow noopener\" target=\"_blank\"><br \/>\n\t\t\t\t\t\t\t\t<img decoding=\"async\" src=\"https:\/\/www.europesays.com\/si\/wp-content\/uploads\/2026\/09\/67092939_fp1.jpg\" alt=\" Foto: Sa\u0161a Banjanac Lubej\" class=\"lazy\"\/><br \/>\n\t\t\t\t\t\t\t<\/a><br \/>\n\t\t\t\t\t\t\t Foto: Sa\u0161a Banjanac Lubej<\/p>\n<p>\t\t\t\t\t\t\t<a href=\"https:\/\/img.rtvcdn.si\/_up\/upload\/2026\/09\/04\/67092945.jpg\" data-size=\"1200x800\" rel=\"nofollow noopener\" target=\"_blank\"><br \/>\n\t\t\t\t\t\t\t\t<img decoding=\"async\" src=\"https:\/\/www.europesays.com\/si\/wp-content\/uploads\/2026\/09\/67092945_fp1.jpg\" alt=\" Foto: Sa\u0161a Banjanac Lubej\" class=\"lazy\"\/><br \/>\n\t\t\t\t\t\t\t<\/a><br \/>\n\t\t\t\t\t\t\t Foto: Sa\u0161a Banjanac Lubej<\/p>\n<p>\t\t\t\t\t\t\t<a href=\"https:\/\/img.rtvcdn.si\/_up\/upload\/2026\/09\/04\/67092950.jpg\" data-size=\"1200x800\" rel=\"nofollow noopener\" target=\"_blank\"><br \/>\n\t\t\t\t\t\t\t\t<img decoding=\"async\" src=\"https:\/\/www.europesays.com\/si\/wp-content\/uploads\/2026\/09\/67092950_fp1.jpg\" alt=\" Foto: Sa\u0161a Banjanac Lubej\" class=\"lazy\"\/><br \/>\n\t\t\t\t\t\t\t<\/a><br \/>\n\t\t\t\t\t\t\t Foto: Sa\u0161a Banjanac Lubej<\/p>\n<p>Oglas<\/p>\n","protected":false},"excerpt":{"rendered":"An\u017ee Logar na obisku v Srbiji. Foto: Ministrstvo za gospodarstvo Spremljajte RTVSLO.si kot prednostni vir na Google S&hellip;\n","protected":false},"author":2,"featured_media":216058,"comment_status":"","ping_status":"","sticky":false,"template":"","format":"standard","meta":{"footnotes":"","_share_on_mastodon":"0"},"categories":[6],"tags":[52715,40889,15789,2216,59,61,62,37,58,60,38,780],"class_list":["post-216057","post","type-post","status-publish","format-standard","has-post-thumbnail","category-slovenija","tag-digitalne-tehnologije","tag-expo-2027","tag-gospodarsko-sodelovanje","tag-investicije","tag-republic-of-slovenia","tag-republika-slovenija","tag-si","tag-slovene","tag-slovenia","tag-slovenija","tag-slovenscina","tag-srbija"],"share_on_mastodon":{"url":"https:\/\/pubeurope.com\/@si\/117214745084186004","error":""},"_links":{"self":[{"href":"https:\/\/www.europesays.com\/si\/wp-json\/wp\/v2\/posts\/216057","targetHints":{"allow":["GET"]}}],"collection":[{"href":"https:\/\/www.europesays.com\/si\/wp-json\/wp\/v2\/posts"}],"about":[{"href":"https:\/\/www.europesays.com\/si\/wp-json\/wp\/v2\/types\/post"}],"author":[{"embeddable":true,"href":"https:\/\/www.europesays.com\/si\/wp-json\/wp\/v2\/users\/2"}],"replies":[{"embeddable":true,"href":"https:\/\/www.europesays.com\/si\/wp-json\/wp\/v2\/comments?post=216057"}],"version-history":[{"count":0,"href":"https:\/\/www.europesays.com\/si\/wp-json\/wp\/v2\/posts\/216057\/revisions"}],"wp:featuredmedia":[{"embeddable":true,"href":"https:\/\/www.europesays.com\/si\/wp-json\/wp\/v2\/media\/216058"}],"wp:attachment":[{"href":"https:\/\/www.europesays.com\/si\/wp-json\/wp\/v2\/media?parent=216057"}],"wp:term":[{"taxonomy":"category","embeddable":true,"href":"https:\/\/www.europesays.com\/si\/wp-json\/wp\/v2\/categories?post=216057"},{"taxonomy":"post_tag","embeddable":true,"href":"https:\/\/www.europesays.com\/si\/wp-json\/wp\/v2\/tags?post=216057"}],"curies":[{"name":"wp","href":"https:\/\/api.w.org\/{rel}","templated":true}]}}