{"id":216071,"date":"2026-09-04T21:08:10","date_gmt":"2026-09-04T21:08:10","guid":{"rendered":"https:\/\/www.europesays.com\/si\/216071\/"},"modified":"2026-09-04T21:08:10","modified_gmt":"2026-09-04T21:08:10","slug":"van-aert-v-velikem-slogu-skjelmose-napadel-omrzela-a-je-glavnina-odgovorila-2","status":"publish","type":"post","link":"https:\/\/www.europesays.com\/si\/216071\/","title":{"rendered":"Van Aert v velikem slogu, Skjelmose napadel Omrzela, a je glavnina odgovorila"},"content":{"rendered":"<p>Dirka po \u0160paniji, 13. etapa, podrobneje<br \/>\nWout van Aert do etapne zmage!<\/p>\n<p>CILJ \u2013 Wout van Aert (Visma-Lease a Bike) je po napadu v zaklju\u010dku dobil 13. etapo Dirke po \u0160paniji. Valentin\u00a0Paret Peintre v ciljnem \u0161printu ni mogel parirati Belgijcu.<\/p>\n<p dir=\"ltr\" lang=\"en\">WOOOWWWT \ud83d\udd25\ud83d\udd25<a href=\"https:\/\/x.com\/hashtag\/LaVuelta26?src=hash&amp;ref_src=twsrc%5Etfw\" rel=\"nofollow\">#LaVuelta26<\/a> <a href=\"https:\/\/t.co\/x0vBpBuMDq\" rel=\"nofollow\">pic.twitter.com\/x0vBpBuMDq<\/a><\/p>\n<p>\u2014 La Vuelta (@lavuelta) <a href=\"https:\/\/x.com\/lavuelta\/status\/2095894448966168816?ref_src=twsrc%5Etfw\" rel=\"nofollow\">September 4, 2026<\/a><\/p>\n<p>V ozadju se je razpletel zanimiv boj za skupni se\u0161tevek. Mattias Skjelmose (Lidl-Trek) je bil med etapo virtualno \u017ee pred Jakobom Omrzelom in zelo blizu zmagovalnemu odru, toda glavnina je v zaklju\u010dku mo\u010dno zmanj\u0161ala zaostanek. Danec je na koncu pridobil minuto in deset sekund, a Omrzela v skupnem se\u0161tevku ni prehitel in ostaja na \u0161estem mestu. Vodilni je \u0161e naprej Enric Mas, na drugem mestu ima Primo\u017e Rogli\u010d 1:45 zaostanka.<\/p>\n<p>Rezultati 13. etape<\/p>\n<p>Mesto<br \/>\nKolesar<br \/>\nEkipa<br \/>\n\u010cas \/ zaostanek<\/p>\n<p>1.<br \/>\nWout van Aert<br \/>\nVisma-Lease a Bike<br \/>\n4:34:00<\/p>\n<p>2.<br \/>\nValentin Paret-Peintre<br \/>\nSoudal Quick-Step<br \/>\nisti \u010das<\/p>\n<p>3.<br \/>\nMatthew Brennan<br \/>\nVisma-Lease a Bike<br \/>\n+0:24<\/p>\n<p>4.<br \/>\nJarno Widar<br \/>\nLotto Intermarch\u00e9<br \/>\n+0:24<\/p>\n<p>5.<br \/>\nVincenzo Albanese<br \/>\nEF Education-EasyPost<br \/>\n+0:24<\/p>\n<p>6.<br \/>\nFinn Fisher-Black<br \/>\nRed Bull-BORA-hansgrohe<br \/>\n+0:24<\/p>\n<p>7.<br \/>\nKevin Vermaerke<br \/>\nUAE Emirates XRG<br \/>\n+0:24<\/p>\n<p>8.<br \/>\nL\u00e9o Bisiaux<br \/>\nDecathlon CMA CGM<br \/>\n+0:28<\/p>\n<p>9.<br \/>\nSimon Dalby<br \/>\nUno-X Mobility<br \/>\n+0:32<\/p>\n<p>10.<br \/>\nFilippo Zana<br \/>\nSoudal Quick-Step<br \/>\n+0:45<\/p>\n<p>Skupni vrstni red po 13. etapi<\/p>\n<p>Mesto<br \/>\nKolesar<br \/>\nEkipa<br \/>\nZaostanek<\/p>\n<p>1.<br \/>\nEnric Mas<br \/>\nMovistar<br \/>\n45:08:51<\/p>\n<p>2.<br \/>\nPrimo\u017e Rogli\u010d<br \/>\nRed Bull-BORA-hansgrohe<br \/>\n+1:45<\/p>\n<p>3.<br \/>\nFelix Gall<br \/>\nDecathlon CMA CGM<br \/>\n+2:06<\/p>\n<p>4.<br \/>\nRichard Carapaz<br \/>\nEF Education-EasyPost<br \/>\n+3:53<\/p>\n<p>5.<br \/>\nOscar Onley<br \/>\nNetcompany Ineos<br \/>\n+4:29<\/p>\n<p>6.<br \/>\nJakob Omrzel<br \/>\nBahrain Victorious<br \/>\n+4:59<\/p>\n<p>7.<br \/>\nMattias Skjelmose<br \/>\nLidl-Trek<br \/>\n+5:32<\/p>\n<p>8.<br \/>\nSepp Kuss<br \/>\nVisma-Lease a Bike<br \/>\n+7:58<\/p>\n<p>9.<br \/>\nHarold Tejada<br \/>\nXDS Astana<br \/>\n+8:33<\/p>\n<p>10.<br \/>\nCl\u00e9ment Berthet<br \/>\nGroupama-FDJ United<br \/>\n+11:06<\/p>\n<p>3,5 km do cilja &#8211; Wout van Aert je sko\u010dil.\u00a0Paret-Peintre je edini, ki mu je lahko sledil.<\/p>\n<p>5 km do cilja &#8211; V ube\u017eni skupini spremljamo napete boje, saj kolesarji \u017eelijo odsko\u010diti in se odpeljati do etapnega uspeha.<\/p>\n<p>6 km do cilja &#8211; Glavnina je zmanj\u0161ala zaostanek na 3:31, druga ube\u017ena skupina pa zaostaja 47 sekund.<\/p>\n<p>11 km do cilja &#8211;\u00a0Ekipa\u00a0Decathlon CMA CGM navija tempo v glavnini, saj ne \u017eeli, da bi ube\u017enik Mattias Skjelmose ogro\u017eal Felicxa Galla na skupnem tretjem mestu. Danec je medtem virtualno peti. Njegova skupina za osrednjimi ube\u017eniki zaostaja 1:16, glavnina pa ima za vodilnimi zaostanek 4:33.<\/p>\n<p>21 km do cilja &#8211; Ube\u017eniki so se razbili v dve skupini.\u00a0V ospredju je deveterica:\u00a0Wout van Aert (Visma-Lease a Bike), Valentin Paret-Peintre (Soudal Quick-Step), Vincenzo Albanese (EF Education-EasyPost), Kevin Vermaerke (UAE Emirates XRG), Simon Dalby (Uno-X Mobility), Finn Fisher-Black (Red Bull-BORA-hansgrohe),\u00a0Matthew Brennan (Visma-Lease a Bike), L\u00e9o Bisiaux (Decathlon CMA CGM) in\u00a0Jarno Widar (Lotto Intermarch\u00e9).\u00a0<\/p>\n<p>Naslednja skupina zaostaja 55 sekund in v tej je tudi Mattias Skjelmose, ki pa o\u010ditno izgublja ponujeno dnevno prilo\u017enost. Glavnina pa ima pribitek 5:05.<\/p>\n<p><img decoding=\"async\" alt=\"Dirka po \u0160paniji 13. etapa | Foto: \" class=\"article_content__inline_image js_imageLightbox is-clickable\" data-author=\"\" data-caption=\"\" data-height=\"490\" data-href=\"https:\/\/siol.net\/media\/images\/2026-35\/unnamed-1.png\" data-width=\"967\" loading=\"lazy\" src=\"\/media\/img\/6e\/f1\/8e96093ea2d1728636f3-dirka-po-spaniji-13-etapa.png\" title=\"Dirka po \u0160paniji 13. etapa\"\/><\/p>\n<p>23 km do cilja &#8211; Prednost ube\u017enikov je narasla na 5:02.<\/p>\n<p>28 km do cilja &#8211; Glavnina zaostaja 4:53, kar pomeni, da je ube\u017enik\u00a0Mattias Skjelmose\u00a0virtualno le \u0161e 2 minuti in 49 sekund za rde\u010do majico. V tem trenutku bi to pomenilo \u010detrto mesto in vsega minuto in 4 sekunde za drugim Primo\u017eem Rogli\u010dem.\u00a0Jakob Omrzel, junak \u010detrtkovega dne,\u00a0bi ob tak\u0161nem razpletu izgubil mesto in bil skupno sedmi.<\/p>\n<p>37,4 km do cilja &#8211; Wout van Aert je naredil izjemno delo in priklj\u010dil drugo skupino z osrednjimi ube\u017eniki. Skupaj imajo 4:28 prednosti pred glavnino. Najve\u010d je pri tem manevru pridobil Mattias Skjelmose (Lidl-Trek), ki v skupnem se\u0161tevku za rde\u010do majico zaostaja za\u00a07:42. V tem trenutku je virtualno v skupnem se\u0161tevku na \u010detrtem mestu.<\/p>\n<p dir=\"ltr\" lang=\"en\">\ud83c\udfc1- 39 km | Stage 1\ufe0f\u20e33\ufe0f\u20e3 &#8211; Etapa 1\ufe0f\u20e33\ufe0f\u20e3 | <a href=\"https:\/\/x.com\/hashtag\/LaVuelta26?src=hash&amp;ref_src=twsrc%5Etfw\" rel=\"nofollow\">#LaVuelta26<\/a><\/p>\n<p>\u26a1\ufe0f The chasing group is creeping closer, but Leknessund isn&#8217;t having it and goes solo<\/p>\n<p>\ud83d\udd2a El grupo perseguidor se acerca&#8230; pero Leknessund no quiere esperar y se va en solitario <a href=\"https:\/\/t.co\/8B4PJKJ94g\" rel=\"nofollow\">pic.twitter.com\/8B4PJKJ94g<\/a><\/p>\n<p>\u2014 La Vuelta (@lavuelta) <a href=\"https:\/\/x.com\/lavuelta\/status\/2095882077493146044?ref_src=twsrc%5Etfw\" rel=\"nofollow\">September 4, 2026<\/a><\/p>\n<p>45 km do cilja &#8211;\u00a0Pred kolesarji je \u0161e zadnji kategorizirani vzpon dneva, Puerto de Granada, ki je druge kategorije. Dolg je sedem kilometrov s povpre\u010dnim naklonom 5,6 odstotka. Po pre\u010dkanju vrha bo do cilja ostalo \u0161e 37,4 km do cilja. Dodatno te\u017eavo predstavlja velika vro\u010dina, saj temperatura dosega skoraj 35 stopinj Celzija.<\/p>\n<p>48 km do cilja &#8211; Deset ube\u017enikov ima zdaj pred najbli\u017ejimi zasledovalci 58 sekund prednosti, glavnina, na \u010delu katere so kolesarji Movistarja,\u00a0zaostaja 4:46.\u00a0<\/p>\n<p>Nov padec za ekipo Decathlon Felixa Galla<\/p>\n<p>59 km do cilja &#8211; Nov udarec za Felixa Galla in njegovo ekipo\u00a0(Decathlon CMA CGM Team). Padel je\u00a0Sander de Pestel, a nadaljuje. Danes je ekipa \u017ee izgubila\u00a0Gregorja M\u00fchlbergerja<\/p>\n<p>60 km do cilja &#8211;\u00a0V ospredju je deset kolesarjev: Kevin Vermaerke, Matthew Brennan, L\u00e9o Bisiaux, Cl\u00e9ment Berthet, Guillaume Martin-Guyonnet, Andreas Kron, Andreas Leknessund, Vincenzo Albanese, Cristian Rodriguez in Lars Craps.<\/p>\n<p>Pred zasledovalno skupino imajo minuto in 30 sekund prednosti, glavnina pa zaostaja \u017ee \u0161tiri minute in 40 sekund.<\/p>\n<p>70 km do cilja &#8211; Deset ube\u017enikov ima 1:13 prednosti pred 31 kolesarji in 4:19 pred glavnino z rde\u010do majico na \u010delu.<\/p>\n<p>81 km do cilja &#8211; Povpre\u010dna hitrost zna\u0161a 39,9 km\/h, temperatura ozra\u010dja pa je kar 34,9 stopinj Celzija.<\/p>\n<p>90 km do cilja &#8211;\u00a0Wout van Aert (Visma-Lease a Bike) je pred za\u010detkom etape poudaril, da mu dana\u0161nja trasa ustreza in da si \u017eeli biti med glavnimi akterji. &#8220;To bi pomenilo, da imam dobre noge in da sem lahko v ospredju. Teren je zahteven, \u0161e vedno je veliko vzpenjanja, toda drugi del etape bi mi moral ustrezati. Upam, da bom danes zraven. Zelo rad bi dal prednost boju za etapno zmago,&#8221; je dejal Belgijec.\u00a0<\/p>\n<p>Trenutno skupaj s 27 kolesarji zaostaja 1:30 za vodilno desetetico, medtem ko ima pred glavnino dve minuti in pol prednosti.<\/p>\n<p>97 km do cilja &#8211; V glavnini je pri spu\u0161\u010danju padel\u00a0Axel Laurance (Netcompany Ineos). V ospredju je zdaj 10 kolesarjev, ki ima pred zasledovalno skupino 1:10 prednosti, glavnina pa zaostaja 4:05.<\/p>\n<p dir=\"ltr\" lang=\"en\"><a href=\"https:\/\/x.com\/hashtag\/LaVuelta26?src=hash&amp;ref_src=twsrc%5Etfw\" rel=\"nofollow\">#LaVuelta26<\/a> &#8211; Laurance crashed in P1 <a href=\"https:\/\/t.co\/99KmNQMuuA\" rel=\"nofollow\">pic.twitter.com\/99KmNQMuuA<\/a><\/p>\n<p>\u2014 La Flamme Rouge (@laflammerouge16) <a href=\"https:\/\/x.com\/laflammerouge16\/status\/2095859674922815733?ref_src=twsrc%5Etfw\" rel=\"nofollow\">September 4, 2026<\/a><\/p>\n<p>109 km do cilja &#8211;\u00a0Rezultati gorskega cilja Alto del Legionario (II.\u00a0kategorija, 83,4 km):<\/p>\n<p>Vincenzo Albanese \u2013 5 to\u010dk<br \/>\nGuillaume Martin-Guyonnet \u2013 3 to\u010dke<br \/>\nAndreas Kron \u2013 1 to\u010dka<\/p>\n<p>Konec Vuelte za Sivakova<\/p>\n<p>110 km do cilja &#8211;\u00a0Vuelte je konec tudi za Pavla Sivakova (UAE Emirates XRG). Rusko-francoski kolesar je \u017ee pred tem v etapi poklical zdravni\u0161ki avtomobil, zdaj pa je moral odstopiti. To je \u017ee \u010detrti odstop dana\u0161njega dne.<\/p>\n<p>Pred njim so dirko zapustili \u0161e Gregor M\u00fchlberger (Decathlon CMA CGM), Francesco Busatto\u00a0in Sente Sentjens (oba Alpecin-Premier Tech).<\/p>\n<p>111 km do cilja &#8211;\u00a0V ospredju je zdaj enajsterica, v kateri so z vidika skupnega se\u0161tevka najnevarnej\u0161i Cl\u00e9ment Berthet (Groupama-FDJ United), Cristian Rodriguez (XDS Astana) in L\u00e9o Bisiaux (Decathlon CMA CGM). Berthet je skupno 11. in za rde\u010do majico zaostaja 13:21, Rodriguez je 12. z zaostankom 13:29, Bisiaux pa 13. pri 16:08.<\/p>\n<p>Z njimi so \u0161e Guillaume Martin-Guyonnet (Groupama-FDJ United), Axel Laurance (Netcompany Ineos), Vincenzo Albanese (EF Education-EasyPost), Andreas Kron (Uno-X Mobility), Kevin Vermaerke (UAE Emirates XRG), Andreas Leknessund (Uno-X Mobility), Lars Craps (Lotto Intermarch\u00e9) in Matthew Brennan (Visma-Lease a Bike).<\/p>\n<p>Skupina z Mattiasom Skjelmosejem\u00a0(7:42 za rde\u010do majico )za vodilnimi zaostaja 35 sekund, glavnina z rde\u010do majico na \u010delu pa 3:40.<\/p>\n<p>118 km do cilja &#8211;\u00a0V ospredju vztraja deveterica: Kevin Vermaerke (UAE Emirates XRG), Matthew Brennan (Visma-Lease a Bike), Axel Laurance (Netcompany Ineos), Cl\u00e9ment Berthet, Guillaume Martin-Guyonnet (Groupama-FDJ United), Andreas Kron, Andreas Leknessund (Uno-X Mobility), Vincenzo Albanese (EF Education-EasyPost) in Cristian Rodriguez (XDS Astana). Reuben Thompson (Lotto Intermarch\u00e9) za vodilnimi zaostaja 25, zasledovalna skupina 48 sekund, glavnina pa \u017ee 3:35.<\/p>\n<p dir=\"ltr\" lang=\"es\">El pelot\u00f3n ya rueda por tierras granadinas \ud83d\ude0d\ud83d\udeb4<\/p>\n<p>Almu\u00f1\u00e9car ha dado la salida a la etapa 13 de La Vuelta con Loja esperando al final del camino \ud83c\udfc1\u26f0\ufe0f<\/p>\n<p>\u00bfQui\u00e9n es tu favorito para llevarse la victoria hoy? \ud83d\udc40<a href=\"https:\/\/x.com\/hashtag\/LaVuelta26?src=hash&amp;ref_src=twsrc%5Etfw\" rel=\"nofollow\">#LaVuelta26<\/a> <a href=\"https:\/\/x.com\/hashtag\/Granada?src=hash&amp;ref_src=twsrc%5Etfw\" rel=\"nofollow\">#Granada<\/a><\/p>\n<p>\ud83d\ude0a <a href=\"https:\/\/x.com\/dipgra?ref_src=twsrc%5Etfw\" rel=\"nofollow\">@dipgra<\/a> <a href=\"https:\/\/t.co\/3zPDfppkSy\" rel=\"nofollow\">pic.twitter.com\/3zPDfppkSy<\/a><\/p>\n<p>\u2014 La Vuelta (@lavuelta) <a href=\"https:\/\/x.com\/lavuelta\/status\/2095848295927107740?ref_src=twsrc%5Etfw\" rel=\"nofollow\">September 4, 2026<\/a><\/p>\n<p>124\u00a0km do cilja &#8211; Kolesarji se vzpenjajo proti drugemu gorskemu cilju dneva, Alto del Legionario ima predznak III. kategorije. Vzpon je dolg kar 15 kilometrov, vendar s povpre\u010dnim naklonom 3,1 odstotka ne spada med najzahtevnej\u0161e. Temperatura je medtem \u017ee skoraj 32 stopinj Celzija, zato svoje dodaja tudi vro\u010dina.<\/p>\n<p>125 km do cilja &#8211;\u00a0V ospredju se je izoblikovala peterica, v kateri je z vidika skupnega se\u0161tevka najnevarnej\u0161i CristianRodr\u00edguez. \u0160panec je trenutno 12. in za rde\u010do majico zaostaja 13 minut in 29 sekund. Skupaj z Guillaumom Martinom Guyonnetom, Kevinom Vermaerkejem, Christophejem Laportom in Matthewom Brennanom ima pred glavnino \u017ee 3:10 prednosti. Pribli\u017eno 40 sekund za vodilno peterico je ve\u010dja skupina, v kateri je tudi Mattias Skjelmose &#8211; Danec je imel pred dana\u0161njo etapo za rde\u010do majico zaostanek 7:42.<\/p>\n<p>141 km do cilja &#8211;\u00a0Andreas Kron (Uno-X Mobility), Cristian Rodriguez (XDS Astana) in I\u00f1igo Elosegui (Kern Pharma) so napadli iz ube\u017ene skupine.<\/p>\n<p>143 km do cilja \u2013 Beg je dobil \u0161e ve\u010dje razse\u017enosti. V ospredju je zdaj kar 43 kolesarjev, ki so si ustvarili 1:26 prednosti pred glavnino. V skupnem se\u0161tevku je najbli\u017eje rde\u010di majici vodilnega Danec Mattias Skjelomse (Lidl-Trek), ki je pred dana\u0161anjo etapo zaostajal 7:42 za rde\u010do majico Enriceja Masa.<\/p>\n<p>148 km do cilja &#8211; Skupina 29 kolesarjev ima pred glavnino 35 sekund prednosti.<\/p>\n<p>Felix Gall izgubil pomembnega pomo\u010dnika<\/p>\n<p>152 km do cilja \u2013 Felix Gall, trenutno tretji v skupnem se\u0161tevku, je ostal brez izjemno pomembnega pomo\u010dnika za gorske izzive v nadaljevanju Vuelte. Posledice padca so bile za Gregorja M\u00fchlbergerja (Decathlon CMA CGM) prehude, da bi lahko nadaljeval dirko.<\/p>\n<p>154 km do cilja &#8211; Kar 28 kolesarjev poizku\u0161a priti v beg, ki pa \u0161e ni dokon\u010den, saj glavnina zaostaja vsega 20 sekund.<\/p>\n<p>159 km do cilja &#8211; Kolesarji so opravili s prvim od treh gorskih ciljev. V ospredju se je naredila velika skupina ube\u017enikov. Kar 27 naj bi jih bilo.<\/p>\n<p>160 km do cilja &#8211;\u00a0Po padcu se je glavnina razdelila na dva dela. Radio Vuelta poro\u010da, da je na tleh pristal Gregor M\u00fchlberger (Decathlon CMA CGM), ki pa je lahko nadaljeval dirko.<\/p>\n<p>164 km do cilja &#8211;\u00a0Dolen Novak (UAE Emirates), Enzo Paleni (Groupama-FDJ United), Fabio Van Den Bossche (Soudal Quick-Step) in Asbjorn Hellemose (Jayco AlUla) os bili ujeti.<\/p>\n<p>Mas in Omrzel sta bila po \u010detrtkovi etapi finan\u010dno in to\u010dkovno kaznovana<\/p>\n<p>169 km do cilja &#8211; Domen Novak in dru\u0161\u010dina imajo le \u0161e 23 sekund prednosti pred glavnino.<\/p>\n<p>180 km do cilja &#8211; Prednost ube\u017ene \u010detverice je narasla 42 sekund. Kmalu se bo za\u010del prvi gorski cilj. Vzpon na Venta de la Cebada ima predznak I. kategorije. Dolg je 14 kilometrov, povpre\u010dni naklon pa zna\u0161a 5,1 odstotka. Vrh le\u017ei na 820 metrih nadmorske vi\u0161ine. Razmere so \u017ee precej vro\u010de, saj temperatura presega 30 stopinj Celzija, piha pa jugozahodni veter s hitrostjo okoli 11 kilometrov na uro.<\/p>\n<p dir=\"ltr\" lang=\"es\">\ud83d\udd25 A hot day ahead for our red-hot race leader<\/p>\n<p>\u2668\ufe0f Otro d\u00eda de calor con la carrera al rojo vivo\u2026 aunque eso no es un problema para Enric<a href=\"https:\/\/x.com\/hashtag\/LaVuelta26?src=hash&amp;ref_src=twsrc%5Etfw\" rel=\"nofollow\">#LaVuelta26<\/a> | <a href=\"https:\/\/x.com\/hashtag\/Operaci%C3%B3nEstufa?src=hash&amp;ref_src=twsrc%5Etfw\" rel=\"nofollow\">#Operaci\u00f3nEstufa<\/a> <a href=\"https:\/\/t.co\/ZAHseKPZp5\" rel=\"nofollow\">pic.twitter.com\/ZAHseKPZp5<\/a><\/p>\n<p>\u2014 La Vuelta (@lavuelta) <a href=\"https:\/\/x.com\/lavuelta\/status\/2095831739889226188?ref_src=twsrc%5Etfw\" rel=\"nofollow\">September 4, 2026<\/a><\/p>\n<p>189 km do cilja &#8211; Dolen Novak (UAE Emirates), Enzo Paleni (Groupama-FDJ United), Fabio Van Den Bossche (Soudal Quick-Step) in Asbjorn Hellemose (Jayco AlUla) so prvi ube\u017eniki, ki so si uspeli prikolesariti nekaj prednosti pred glavnino.<\/p>\n<p>192 km do cilja &#8211; Takoj po \u0161tartu so \u0161tirje kolesarji \u017ee sko\u010dili. Ali jim bo uspelo dejansko priti v beg, bomo kmalu videli.<\/p>\n<p>192,8 km do cilja \u2013 Dana\u0161nja trasa bo dolga skoraj 193 kilometrov in bo imela najte\u017eji del kmalu po \u0161tartu, ko bosta sledila dva gorska cilja \u2013 I. in II. kategorije. Vrh zadnjega vzpona v 13. etapi bo pribli\u017eno 40 kilometrov do cilja, ko bo v ve\u010dini sledil \u0161e spust in nekaj ravninske vo\u017enje. Bodo danes dobili prilo\u017enost ube\u017eniki?<\/p>\n<p dir=\"ltr\" lang=\"ro\">\ud83d\udccd\ud835\udc00\ud835\udc25\ud835\udc26\ud835\udc2e\ud835\udc27\u0303\ud835\udc1e\u0301\ud835\udc1c\ud835\udc1a\ud835\udc2b<\/p>\n<p>\ud83d\udcaa Stage 1\ufe0f\u20e33\ufe0f\u20e3 neutral start!<\/p>\n<p>\ud83d\ude4c \u00a1Salida neutralizada de la etapa 1\ufe0f\u20e33\ufe0f\u20e3! <a href=\"https:\/\/x.com\/hashtag\/LaVuelta26?src=hash&amp;ref_src=twsrc%5Etfw\" rel=\"nofollow\">#LaVuelta26<\/a> <a href=\"https:\/\/t.co\/IK476ojO3z\" rel=\"nofollow\">pic.twitter.com\/IK476ojO3z<\/a><\/p>\n<p>\u2014 La Vuelta (@lavuelta) <a href=\"https:\/\/x.com\/lavuelta\/status\/2095820659775475909?ref_src=twsrc%5Etfw\" rel=\"nofollow\">September 4, 2026<\/a><\/p>\n<p>12.20 &#8211; Pozdravljeni ljubiteljice in ljubitelji kolesarstva. Po veli\u010dastni predstavi Jakoba Omrzela, ki je v \u010detrtek prikolesaril do velike etapne zmage na Dirki po \u0160paniji in se je povzpel v skupnem se\u0161tevku na \u0161esto mesto, je danes nekoliko druga\u010den dan na Vuelti. Lahko bi rekli zati\u0161je pred neurjem, saj bo \u017ee v soboto sledila nova izjemno te\u017eka gorska preizku\u0161nja. Oba s Primo\u017eem Rogli\u010dem, ki na drugem mestu za Enricom Masom zaostaja 1:45, bosta morala biti tudi danes zelo previdna, saj je etapa razgibana in in so na trasi tudi pasti, na katere morajo kolesarji vselej pre\u017eati.<\/p>\n<p>Kolesarje dan po etapi, na\u00a0kateri je z etapno zmago in pogumno vo\u017enjo v begu navdu\u0161il Jakob Omrzel (Bahrain-Victorious), najmlaj\u0161i kolesar na leto\u0161nji Vuelti, \u010daka nov razgiban dan. Dvajsetletni Slovenec je z zmago na Calar Altu naredil tudi velik korak v skupnem se\u0161tevku in se z zaostankom\u00a0\u0161tirih\u00a0minut in 59 sekund za vodilnim Masom povzpel na \u0161esto mesto.<\/p>\n<p>\u0160e precej bli\u017eje rde\u010di majici ostaja Primo\u017e Rogli\u010d, ki je po 12. etapi drugi in za Masom zaostaja minuto in 45 sekund. Trinajsta etapa na papirju ne spada med dneve, ko bi pri\u010dakovali velike razlike med favoriti za kon\u010dno zmago, vendar zaradi nepredvidljivega prvega dela in \u0161tevilnih vzponov tudi povsem mirnega dne ni mogo\u010de pri\u010dakovati.<\/p>\n<p>Ve\u010dina vzponov bo zgo\u0161\u010dena v prvih 84 kilometrih. Nato se bo cesta proti Loji ve\u010dinoma spu\u0161\u010dala oziroma valovila, zaklju\u010dek pa bo precej bolj raven. Prav zato se ponuja lepa prilo\u017enost za uspeh pobega, ob nekoliko bolj nadzorovani dirki pa tudi za katerega od hitrej\u0161ih kolesarjev, ki se dobro znajdejo na razgibanem terenu.<\/p>\n<p>Prvi resnej\u0161i preizkus bo Alto de la Venta de la Cebada, dolg 14,5 kilometra s povpre\u010dnim naklonom 5,3 odstotka. Po spustu bo sledil kraj\u0161i vzpon proti naselju Pinos del Valle, nato pa precej zahtevnej\u0161i Puerto Las Albu\u00f1uelas, 2,4 kilometra dolg klanec s povpre\u010dnim naklonom 9,2 odstotka. Na najstrmej\u0161ih odsekih se cesta postavi tudi do 16 odstotkov.<\/p>\n<p>Po \u0161e enem nekoliko polo\u017enej\u0161em vzponu bo karavana po razgibanem terenu nadaljevala proti Padulu, kjer se\u00a0bo za\u010del Alto del Legionario, 15 kilometrov dolg vzpon s povpre\u010dnim naklonom 3,1 odstotka. Gre za dolg, a precej polo\u017een klanec, na katerem ekstremnih naklonov ne bo.<\/p>\n<p>Po pribli\u017eno 84 kilometrih bo najzahtevnej\u0161i del etape za kolesarji. Sledil bo dolg spust proti akumulacijskemu jezeru Los Bermejales,\u00a0nato bo \u0161e nekaj valovitega terena.<\/p>\n<p>Zadnji kategorizirani vzpon dneva bo Puerto de Granada, sedem kilometrov dolg klanec s povpre\u010dnim naklonom tik pod \u0161estimi odstotki. Njegov vrh bo 37 kilometrov pred ciljem, zato bi se lahko prav tam zgodila zadnja ve\u010dja selekcija med ube\u017eniki. V zadnjem delu se bo\u00a0cesta spu\u0161\u010dala, od kraja Hu\u00e9tor-T\u00e1jar, pribli\u017eno 11,5 kilometra pred ciljem, pa bo trasa vse do zadnjih dveh kilometrov prakti\u010dno povsem ravna.<\/p>\n<p>Pribli\u017eno 1.200 metrov pred ciljem se bo cesta znova nekoliko dvignila, naklon bo od\u00a0tri do \u0161tiri odstotke, kar bi lahko ote\u017eilo delo izrazitim sprinterjem.<\/p>\n<p><img decoding=\"async\" alt=\"Bo Wout van Aert kon\u010dno do\u010dakal etapno zmago na leto\u0161nji Vuelti? | Foto: A.S.O-Cxcling-Toni Baixauli\" class=\"article_content__inline_image js_imageLightbox is-clickable\" data-author=\"A.S.O-Cxcling-Toni Baixauli\" data-caption=\"Bo Wout van Aert kon\u010dno do\u010dakal etapno zmago na leto\u0161nji Vuelti?\" data-height=\"5504\" data-href=\"https:\/\/siol.net\/media\/img\/a1\/98\/2df1603f2820e0254bf9-wout-van-aert-vuelta-2026.jpeg\" data-width=\"8256\" loading=\"lazy\" src=\"\/media\/img\/a9\/a2\/c3563f3166fc0f85cc14-wout-van-aert-vuelta-2026.jpeg\" title=\"Wout van Aert, Vuelta 2026\"\/><\/p>\n<p> Bo Wout van Aert kon\u010dno do\u010dakal etapno zmago na leto\u0161nji Vuelti?<br \/>\n Foto: A.S.O-Cxcling-Toni Baixauli <\/p>\n<p>Med glavnimi kandidati za etapno zmago bo znova Wout van Aert, ki je na leto\u0161nji Vuelti \u017ee ve\u010dkrat pokazal, kako nevaren je na razgibanih trasah, a zmage \u0161e nima, obenem pa vse bolj utrjuje vodstvo v razvrstitvi po to\u010dkah.<\/p>\n<p>Start etape bo ob 12.41, prihod najbolj\u0161ih v cilj pa organizatorji pri\u010dakujejo med 17.16 in 17.45.<\/p>\n<p><script async src=\"https:\/\/platform.twitter.com\/widgets.js\" charset=\"utf-8\"><\/script><\/p>\n","protected":false},"excerpt":{"rendered":"Dirka po \u0160paniji, 13. etapa, podrobneje Wout van Aert do etapne zmage! CILJ \u2013 Wout van Aert (Visma-Lease&hellip;\n","protected":false},"author":2,"featured_media":216072,"comment_status":"","ping_status":"","sticky":false,"template":"","format":"standard","meta":{"footnotes":"","_share_on_mastodon":"0"},"categories":[20],"tags":[24180,47596,32,4592,35,31,34,36,4557,37,38,33,24726],"class_list":["post-216071","post","type-post","status-publish","format-standard","has-post-thumbnail","category-novice","tag-dirka-po-spaniji","tag-enric-mas","tag-headlines","tag-jakob-omrzel","tag-najpomembnejse-novice","tag-news","tag-novice","tag-osrednje-novice","tag-primoz-roglic","tag-slovene","tag-slovenscina","tag-top-stories","tag-vuelta"],"share_on_mastodon":{"url":"https:\/\/pubeurope.com\/@si\/117214819837072789","error":""},"_links":{"self":[{"href":"https:\/\/www.europesays.com\/si\/wp-json\/wp\/v2\/posts\/216071","targetHints":{"allow":["GET"]}}],"collection":[{"href":"https:\/\/www.europesays.com\/si\/wp-json\/wp\/v2\/posts"}],"about":[{"href":"https:\/\/www.europesays.com\/si\/wp-json\/wp\/v2\/types\/post"}],"author":[{"embeddable":true,"href":"https:\/\/www.europesays.com\/si\/wp-json\/wp\/v2\/users\/2"}],"replies":[{"embeddable":true,"href":"https:\/\/www.europesays.com\/si\/wp-json\/wp\/v2\/comments?post=216071"}],"version-history":[{"count":0,"href":"https:\/\/www.europesays.com\/si\/wp-json\/wp\/v2\/posts\/216071\/revisions"}],"wp:featuredmedia":[{"embeddable":true,"href":"https:\/\/www.europesays.com\/si\/wp-json\/wp\/v2\/media\/216072"}],"wp:attachment":[{"href":"https:\/\/www.europesays.com\/si\/wp-json\/wp\/v2\/media?parent=216071"}],"wp:term":[{"taxonomy":"category","embeddable":true,"href":"https:\/\/www.europesays.com\/si\/wp-json\/wp\/v2\/categories?post=216071"},{"taxonomy":"post_tag","embeddable":true,"href":"https:\/\/www.europesays.com\/si\/wp-json\/wp\/v2\/tags?post=216071"}],"curies":[{"name":"wp","href":"https:\/\/api.w.org\/{rel}","templated":true}]}}