{"id":216081,"date":"2026-09-04T21:24:19","date_gmt":"2026-09-04T21:24:19","guid":{"rendered":"https:\/\/www.europesays.com\/si\/216081\/"},"modified":"2026-09-04T21:24:19","modified_gmt":"2026-09-04T21:24:19","slug":"alarm-v-drzavi-eu-smo-nova-zrtev-moskve","status":"publish","type":"post","link":"https:\/\/www.europesays.com\/si\/216081\/","title":{"rendered":"Alarm v dr\u017eavi EU: &#8220;Smo nova \u017ertev Moskve&#8221;"},"content":{"rendered":"<p>Nova \u017ertev hibridne vojne, ki jo Moskva bije proti Evropi, je Italija, opozarja italijanski zunanji minister Antonio Tajani.<\/p>\n<p>&#8220;Ne izklju\u010dujem poskusov Ruske federacije, da bi se vme\u0161avala v demokrati\u010dno \u017eivljenje dr\u017eav Evropske unije, v svobodne demokrati\u010dne volitve, ki potekajo v na\u0161ih dr\u017eavah, in da bi s to zavr\u017eno dejavnostjo posku\u0161ala vplivati \u200b\u200bna voljo ljudi. Moramo biti previdni in prepre\u010diti tak\u0161na dejanja dr\u017eave, s katero nismo v vojni,&#8221; je Tajani dejal pred neformalnim sre\u010danjem zunanjih ministrov EU.\u00a0<\/p>\n<p>Tajani je opozoril, da ima Italija od 1. januarja novo glavno upravo, odgovorno za varnost, tako na politi\u010dni kot operativni ravni, ter operativno sobo, ki je pristojna za boj proti kibernetskim napadom, vklju\u010dno s tistimi iz Rusije.<\/p>\n<p>Tajani navedel dva incidenta\u00a0<\/p>\n<p>V tem kontekstu je minister omenil kibernetski incident, ki se je zgodil med obiskom ukrajinskega predsednika Volodimirja Zelenskega v Rimu. &#8220;Spomnim se, da sem bil med prvim obiskom Zelenskega na letali\u0161\u010du,\u00a0da bi pozdravil ukrajinskega predsednika. Takrat se je zgodil napad na spletno stran ministrstva za zunanje zadeve,&#8221; je spomnil Tajani.<\/p>\n<p><img decoding=\"async\" alt=\"Roberto Vannacci nasprotuje dobavi oro\u017eja Ukrajini in sankcijam zoper Rusijo. V Italiji dobiva vse ve\u010d podpore.  | Foto: Reuters\" class=\"article_content__inline_image js_imageLightbox is-clickable\" data-author=\"Reuters\" data-caption=\"Roberto Vannacci nasprotuje dobavi oro\u017eja Ukrajini in sankcijam zoper Rusijo. V Italiji dobiva vse ve\u010d podpore. \" data-height=\"2469\" data-href=\"https:\/\/siol.net\/media\/img\/86\/de\/9df26d669477e495e8d1-roberto-vannacci.jpeg\" data-width=\"3703\" loading=\"lazy\" src=\"\/media\/img\/fa\/33\/b5ffe42b0af4065ed1b3-roberto-vannacci.jpeg\" title=\"Roberto Vannacci\"\/><\/p>\n<p> Roberto Vannacci nasprotuje dobavi oro\u017eja Ukrajini in sankcijam zoper Rusijo. V Italiji dobiva vse ve\u010d podpore.<br \/>\n Foto: Reuters <\/p>\n<p>Minister se je skliceval tudi na \u010dlanek v Financial Timesu, v katerem je bil vodja nove italijanske desni\u010darske stranke Nacionalna prihodnost Roberto Vannacci ozna\u010den za &#8220;trojanskega konja Rusije&#8221;. Italijanski zunanji minister je tak\u0161ne obto\u017ebe zavrnil, vendar ni povsem izklju\u010dil mo\u017enosti, da zanje\u00a0obstaja neka podlaga. &#8220;Financial Times lahko pi\u0161e, kar ho\u010de. Vedno mora\u0161 dokazati, kar govori\u0161. Upam, da je ta trditev popolnoma napa\u010dna,&#8221;\u00a0je dejal Tajani.<\/p>\n<p>Rusija in Ukrajina bosta med klju\u010dnimi vpra\u0161anji v italijanski volilni kampanji prihodnje leto, saj si premierka Giorgia Meloni prizadeva za drugi mandat. Meloni je bila odlo\u010dna zagovornica podpore Ukrajini, vendar se spoprijema z vse ve\u010djim izzivom zaradi vzpona Roberta Vannaccija, nekdanjega generala specialnih sil in voja\u0161kega ata\u0161eja v Moskvi, ki poziva k prenehanju voja\u0161ke pomo\u010di Kijevu in odpravi sankcij proti Rusiji.<\/p>\n<p>Vannaccij\u00a0pridobiva podporo dela italijanskih volivcev, tako na desnem kot na levem polu. Podpirajo ga vsi tisti, ki so naklonjeni bolj\u0161im odnosom z Rusijo in prekinitvi dobavljanja oro\u017eja Ukrajini.\u00a0<\/p>\n","protected":false},"excerpt":{"rendered":"Nova \u017ertev hibridne vojne, ki jo Moskva bije proti Evropi, je Italija, opozarja italijanski zunanji minister Antonio Tajani.&hellip;\n","protected":false},"author":2,"featured_media":216082,"comment_status":"","ping_status":"","sticky":false,"template":"","format":"standard","meta":{"footnotes":"","_share_on_mastodon":"0"},"categories":[8],"tags":[41174,45477,1018,421,37,38,64,63],"class_list":["post-216081","post","type-post","status-publish","format-standard","has-post-thumbnail","category-svet","tag-antonio-tajani","tag-hibridna-vojna","tag-italija","tag-rusija","tag-slovene","tag-slovenscina","tag-svet","tag-world"],"share_on_mastodon":{"url":"https:\/\/pubeurope.com\/@si\/117214882674440545","error":""},"_links":{"self":[{"href":"https:\/\/www.europesays.com\/si\/wp-json\/wp\/v2\/posts\/216081","targetHints":{"allow":["GET"]}}],"collection":[{"href":"https:\/\/www.europesays.com\/si\/wp-json\/wp\/v2\/posts"}],"about":[{"href":"https:\/\/www.europesays.com\/si\/wp-json\/wp\/v2\/types\/post"}],"author":[{"embeddable":true,"href":"https:\/\/www.europesays.com\/si\/wp-json\/wp\/v2\/users\/2"}],"replies":[{"embeddable":true,"href":"https:\/\/www.europesays.com\/si\/wp-json\/wp\/v2\/comments?post=216081"}],"version-history":[{"count":0,"href":"https:\/\/www.europesays.com\/si\/wp-json\/wp\/v2\/posts\/216081\/revisions"}],"wp:featuredmedia":[{"embeddable":true,"href":"https:\/\/www.europesays.com\/si\/wp-json\/wp\/v2\/media\/216082"}],"wp:attachment":[{"href":"https:\/\/www.europesays.com\/si\/wp-json\/wp\/v2\/media?parent=216081"}],"wp:term":[{"taxonomy":"category","embeddable":true,"href":"https:\/\/www.europesays.com\/si\/wp-json\/wp\/v2\/categories?post=216081"},{"taxonomy":"post_tag","embeddable":true,"href":"https:\/\/www.europesays.com\/si\/wp-json\/wp\/v2\/tags?post=216081"}],"curies":[{"name":"wp","href":"https:\/\/api.w.org\/{rel}","templated":true}]}}