{"id":216093,"date":"2026-09-04T21:42:21","date_gmt":"2026-09-04T21:42:21","guid":{"rendered":"https:\/\/www.europesays.com\/si\/216093\/"},"modified":"2026-09-04T21:42:21","modified_gmt":"2026-09-04T21:42:21","slug":"sok-v-rusiji-pomembnega-generala-ustrelili-v-obraz","status":"publish","type":"post","link":"https:\/\/www.europesays.com\/si\/216093\/","title":{"rendered":"\u0160ok v Rusiji: pomembnega generala ustrelili v obraz"},"content":{"rendered":"<p>Danes zjutraj je neznani storilec v bli\u017eini mesta Engels v Rusiji v obraz in trup ustrelil generala Nikolaja Varpakovi\u010da, poveljnika 22. gardijske divizije te\u017ekega bombni\u0161kega letalstva, ki je name\u0161\u010dena v voja\u0161ki bazi Engels in v katero so vklju\u010deni te\u017eki bombniki, kot sta Tupoljev Tu-95 in Tu-160. General naj bi bil v kriti\u010dnem stanju.<\/p>\n<p>O napadu na generala Varpakovi\u010da je prek komunikacijske aplikacije Telegram poro\u010dalo ve\u010d ruskih medijskih virov, med drugim Mash in Dosje vohunov (dosye_shpiona).\u00a0<\/p>\n<p>Generala naj bi v obraz in trup v vasi\u00a0Probuzhdenie v bli\u017eini Engelsa pred doma\u010do hi\u0161o ustrelil neznani storilec, ki se je pripeljal z motorjem. Nosil je \u010delado, zato njegovega obraza niso videli.\u00a0<\/p>\n<p>Ranjen je bil tudi generalov voznik<\/p>\n<p>Storilec je streljal tudi na generalovega voznika, ki je bil v napadu prav tako ranjen, a mu je uspelo pobegniti in poklicati na pomo\u010d. Kasneje se je vrnil in skupaj s huje ranjenim generalom po\u010dakal na re\u0161ilca.<\/p>\n<p>Varpakovi\u010da so odpeljali v bolni\u0161nico v Engelsu, od tam pa naj bi ga s helikopterjem prepeljali v eno od bolni\u0161nic v Moskvi. Kot navaja kanal Dosje vohunov, je general v kriti\u010dnem stanju.<\/p>\n<p class=\"lightbluebox\">Odlo\u010dal je o raketnih napadih na Ukrajino<\/p>\n<p>56-letni Nikolaj Varpakovi\u010d je sicer poveljnik tako imenovane ruske jedrske letalske flote v voja\u0161ki bazi Engels, v katero so vklju\u010deni te\u017eki bombniki, kot sta Tupoljev Tu-95 in Tu-160. Ta letala lahko nosijo rakete z jedrskimi bojnimi glavami ali pa konvencionalno strelivo.\u00a0<\/p>\n<p>22. letalska divizija, ki ji poveljuje Varpakovi\u010d, je bila odgovorna za ve\u010d napadov na Ukrajino z raketami Kh-101. Ena od njih je julija 2024 v odmevnem incidentu zadela otro\u0161ko bolni\u0161nico v Kijevu. Rusija je odgovornost za napad zanikala in zanj okrivila Ukrajino oziroma ukrajinsko protizra\u010dno raketo, preiskava Zdru\u017eenih narodov pa je kasneje pokazala, da je obstajala zelo velika verjetnost, da je bolni\u0161nico zadela ruska raketa. V bolni\u0161nici so namre\u010d na\u0161li tudi ostanke prav tak\u0161ne rakete.<\/p>\n","protected":false},"excerpt":{"rendered":"Danes zjutraj je neznani storilec v bli\u017eini mesta Engels v Rusiji v obraz in trup ustrelil generala Nikolaja&hellip;\n","protected":false},"author":2,"featured_media":216094,"comment_status":"","ping_status":"","sticky":false,"template":"","format":"standard","meta":{"footnotes":"","_share_on_mastodon":"0"},"categories":[8],"tags":[6608,421,37,38,64,929,63],"class_list":["post-216093","post","type-post","status-publish","format-standard","has-post-thumbnail","category-svet","tag-atentat","tag-rusija","tag-slovene","tag-slovenscina","tag-svet","tag-vojna-v-ukrajini","tag-world"],"share_on_mastodon":{"url":"https:\/\/pubeurope.com\/@si\/117214953296707682","error":""},"_links":{"self":[{"href":"https:\/\/www.europesays.com\/si\/wp-json\/wp\/v2\/posts\/216093","targetHints":{"allow":["GET"]}}],"collection":[{"href":"https:\/\/www.europesays.com\/si\/wp-json\/wp\/v2\/posts"}],"about":[{"href":"https:\/\/www.europesays.com\/si\/wp-json\/wp\/v2\/types\/post"}],"author":[{"embeddable":true,"href":"https:\/\/www.europesays.com\/si\/wp-json\/wp\/v2\/users\/2"}],"replies":[{"embeddable":true,"href":"https:\/\/www.europesays.com\/si\/wp-json\/wp\/v2\/comments?post=216093"}],"version-history":[{"count":0,"href":"https:\/\/www.europesays.com\/si\/wp-json\/wp\/v2\/posts\/216093\/revisions"}],"wp:featuredmedia":[{"embeddable":true,"href":"https:\/\/www.europesays.com\/si\/wp-json\/wp\/v2\/media\/216094"}],"wp:attachment":[{"href":"https:\/\/www.europesays.com\/si\/wp-json\/wp\/v2\/media?parent=216093"}],"wp:term":[{"taxonomy":"category","embeddable":true,"href":"https:\/\/www.europesays.com\/si\/wp-json\/wp\/v2\/categories?post=216093"},{"taxonomy":"post_tag","embeddable":true,"href":"https:\/\/www.europesays.com\/si\/wp-json\/wp\/v2\/tags?post=216093"}],"curies":[{"name":"wp","href":"https:\/\/api.w.org\/{rel}","templated":true}]}}