{"id":216097,"date":"2026-09-04T21:44:13","date_gmt":"2026-09-04T21:44:13","guid":{"rendered":"https:\/\/www.europesays.com\/si\/216097\/"},"modified":"2026-09-04T21:44:13","modified_gmt":"2026-09-04T21:44:13","slug":"video-pretresljivi-posnetki-migranti-v-ceuti-ubili-delfinjega-mladicka","status":"publish","type":"post","link":"https:\/\/www.europesays.com\/si\/216097\/","title":{"rendered":"[Video] Pretresljivi posnetki: migranti v Ceuti ubili delfinjega mladi\u010dka"},"content":{"rendered":"<p>Pred migranti niso varne niti \u017eivali. Na Ceuti je skupina maro\u0161kih migrantov mladi\u010dka delfina potegnila iz morja, se z njim razkazovala in ga ubila. <\/p>\n<p style=\"text-align: justify;\">V \u0161panski enklavi Ceuta, ki se soo\u010da z navalom nezakonitih migrantov, pri\u0161lo do nove tragedije. Tokrat je bil \u017ertev podivjanih migrantov mlad delfin. Potegnili so ga iz vode in ga s palico udarili po glavi. Posnetek tega gnusnega dejanja je povzro\u010dil mno\u017ei\u010dno ogor\u010denje na dru\u017ebenih omre\u017ejih, okoljevarstvena organizacija je storilce ovadila.<\/p>\n<p>Preberite tudi: <a href=\"https:\/\/nova24tv.si\/saj-ni-res-pa-je-sirskemu-migrantu-ni-treba-delati-ker-ga-delo-prevec-razburja-in-postane-nevaren\/\" rel=\"nofollow noopener\" target=\"_blank\">Sirskemu migrantu ni treba delati, ker ga delo preve\u010d \u201crazburja\u201d in postane \u201cnevaren\u201d<\/a>\u00a0<\/p>\n<p style=\"text-align: justify;\">Po poro\u010danju lokalnega \u010dasopisa El Faro de Ceuta se je indicent zgodil v sredo na pla\u017ei Trampolin, kjer je skupina migrantov opazila mladi\u010da delfina plavati blizu obale. Nesre\u010dno \u017eival jim je uspelo potegniti iz vode. Ko se je delfin zna\u0161el na kopnem, ga je eden od migrantov po glavi udaril s palico, kar je bilo za mladi\u010dka usodno.<\/p>\n<p>Razkazovali so ga kot trofejo<\/p>\n<p style=\"text-align: justify;\">Grozljivemu dogodku je bil pri\u010da delavec podjetja Ecoservicios. Migrante je opozoril, da nehajo mu\u010diti delfina in pokli\u010dejo nujne slu\u017ebe za \u017eivali. Skupina ga je hotela vre\u010di nazaj v vodo, a je bilo \u017ee prepozno. Posnetek med drugim prikazuje migranta, ki \u017eival prena\u0161a kot trofejo.\u00a0 \u0160panska okoljevarstvena organizacija DAUBMA, ki se osredoto\u010da na za\u0161\u010dito biodiverzitete in okolja, je vlo\u017eila uradno prito\u017ebo pri \u0161panski civilni gardi, dogodek pa je opisala kot nasilno smrt \u017eivali. Policistom so predali tudi fotografije in posnetke incidenta. Po njihovih besedah je delfin zataval, zaradi \u010desar so ga migranti lahko zvlekli iz vode in napadli.<\/p>\n<p>\u00a0<\/p>\n<p dir=\"ltr\" lang=\"es\">As\u00ed han cazado una cr\u00eda de delf\u00edn los inmigrantes en Ceuta: <a href=\"https:\/\/t.co\/LtqwtWDyjN\" rel=\"nofollow\">pic.twitter.com\/LtqwtWDyjN<\/a><\/p>\n<p>\u2014 Wall Street Wolverine (@wallstwolverine) <a href=\"https:\/\/x.com\/wallstwolverine\/status\/2095595001577148622?ref_src=twsrc%5Etfw\" rel=\"nofollow\">September 3, 2026<\/a><\/p>\n<p style=\"text-align: justify;\">Delfini so stroko za\u0161\u010ditena vrsta po evropski zakonodaji, kar pomeni, da ima po\u0161kodovanje ali uboj delfina lahko resne posledice na podro\u010dju \u0160panije in Evropske unije. Na spletni strani change.org naj bi se posledi\u010dno pojavila peticija, ki zahteva identifikacijo in kaznovanje storilcev. Trpin\u010denje za\u0161\u010ditenih predstavlja namre\u010d resno kr\u0161enje veljavnih zakonov in nosi resno kazensko odgovornost.<\/p>\n<p style=\"text-align: justify;\">Tragi\u010den in grozljiv dogodek pa ni bil ta dan edini primer na Ceuti, ki odra\u017ea krute posledice nezakonitih migracij. Delavci \u017ee omenjenega podjetja Ecoservicios so namre\u010d morali ukrepati tudi blizu mestnega letovi\u0161\u010da, kjer je migrant ujel gosko, ki jo je hotel pojesti. K sre\u010di pa jo je gos odnesla bolje od delfina, saj je mimoido\u010di posredoval in pridr\u017eal migranta do prihoda policije.<\/p>\n<p dir=\"ltr\" lang=\"en\">After clubbing a baby dolphin to death yesterday, illegal migrants are now killing geese in Ceuta.<\/p>\n<p>This Spanish local arrived on the scene just in time to stop the migrant from returning to his camp with dinner <a href=\"https:\/\/t.co\/ePlgwJgmJv\" rel=\"nofollow\">pic.twitter.com\/ePlgwJgmJv<\/a><\/p>\n<p>\u2014 Visegr\u00e1d 24 (@visegrad24) <a href=\"https:\/\/x.com\/visegrad24\/status\/2095832958359720094?ref_src=twsrc%5Etfw\" rel=\"nofollow\">September 4, 2026<\/a><\/p>\n<p style=\"text-align: justify;\">Zadnji naval migrantov v Ceuto je sicer mo\u010dno obremenil mestno infrastrukturo in javne slu\u017ebe, spremlja pa ga ve\u010d tovrstnih napadov na lokalne divje \u017eivali.<\/p>\n<p>A. S.<\/p>\n<p><script async src=\"https:\/\/platform.twitter.com\/widgets.js\" charset=\"utf-8\"><\/script><\/p>\n","protected":false},"excerpt":{"rendered":"Pred migranti niso varne niti \u017eivali. Na Ceuti je skupina maro\u0161kih migrantov mladi\u010dka delfina potegnila iz morja, se&hellip;\n","protected":false},"author":2,"featured_media":216098,"comment_status":"","ping_status":"","sticky":false,"template":"","format":"standard","meta":{"footnotes":"","_share_on_mastodon":"0"},"categories":[20],"tags":[44900,38687,32,1012,35,31,34,36,37,60,38,1567,64,33],"class_list":["post-216097","post","type-post","status-publish","format-standard","has-post-thumbnail","category-novice","tag-ceuta","tag-delfin","tag-headlines","tag-migranti","tag-najpomembnejse-novice","tag-news","tag-novice","tag-osrednje-novice","tag-slovene","tag-slovenija","tag-slovenscina","tag-spanija","tag-svet","tag-top-stories"],"share_on_mastodon":{"url":"https:\/\/pubeurope.com\/@si\/117214960848687603","error":""},"_links":{"self":[{"href":"https:\/\/www.europesays.com\/si\/wp-json\/wp\/v2\/posts\/216097","targetHints":{"allow":["GET"]}}],"collection":[{"href":"https:\/\/www.europesays.com\/si\/wp-json\/wp\/v2\/posts"}],"about":[{"href":"https:\/\/www.europesays.com\/si\/wp-json\/wp\/v2\/types\/post"}],"author":[{"embeddable":true,"href":"https:\/\/www.europesays.com\/si\/wp-json\/wp\/v2\/users\/2"}],"replies":[{"embeddable":true,"href":"https:\/\/www.europesays.com\/si\/wp-json\/wp\/v2\/comments?post=216097"}],"version-history":[{"count":0,"href":"https:\/\/www.europesays.com\/si\/wp-json\/wp\/v2\/posts\/216097\/revisions"}],"wp:featuredmedia":[{"embeddable":true,"href":"https:\/\/www.europesays.com\/si\/wp-json\/wp\/v2\/media\/216098"}],"wp:attachment":[{"href":"https:\/\/www.europesays.com\/si\/wp-json\/wp\/v2\/media?parent=216097"}],"wp:term":[{"taxonomy":"category","embeddable":true,"href":"https:\/\/www.europesays.com\/si\/wp-json\/wp\/v2\/categories?post=216097"},{"taxonomy":"post_tag","embeddable":true,"href":"https:\/\/www.europesays.com\/si\/wp-json\/wp\/v2\/tags?post=216097"}],"curies":[{"name":"wp","href":"https:\/\/api.w.org\/{rel}","templated":true}]}}