{"id":216103,"date":"2026-09-04T22:00:12","date_gmt":"2026-09-04T22:00:12","guid":{"rendered":"https:\/\/www.europesays.com\/si\/216103\/"},"modified":"2026-09-04T22:00:12","modified_gmt":"2026-09-04T22:00:12","slug":"trump-pravi-da-witkoff-in-kushner-v-moskvo-in-kijev-prinasata-predlog-za-koncanje-vojne","status":"publish","type":"post","link":"https:\/\/www.europesays.com\/si\/216103\/","title":{"rendered":"Trump pravi, da Witkoff in Kushner v Moskvo in Kijev prina\u0161ata predlog za kon\u010danje vojne"},"content":{"rendered":"<p>\t\t\t\t\t\t\t\t<a href=\"https:\/\/www.europesays.com\/si\/wp-content\/uploads\/2026\/09\/67093482.jpg\" itemprop=\"contentUrl\" data-size=\"1200x800\" data-large=\"https:\/\/www.europesays.com\/si\/wp-content\/uploads\/2026\/09\/67093482.jpg\"><br \/>\n\t\t\t\t\t\t\t\t\t<img decoding=\"async\" src=\"https:\/\/www.europesays.com\/si\/wp-content\/uploads\/2026\/09\/67093482.jpg\" title=\"Donald Trump. Foto: EPA\" alt=\"Donald Trump. Foto: EPA\"\/><br \/>\n\t\t\t\t\t\t\t\t<\/a><\/p>\n<p>\t\t\t\t\t\t\t\t\tDonald Trump. Foto: EPA<\/p>\n<p>\t\t\t\t\t\t\t<a id=\"preferredSourceBanner\" href=\"https:\/\/www.rtvslo.si\/svet\/vojna-v-ukrajini\/trump-pravi-da-witkoff-in-kushner-v-moskvo-in-kijev-prinasata-predlog-za-koncanje-vojne\/javascript:void(0)\" target=\"_blank\" class=\"d-none align-items-center justify-content-between rounded my-3\" style=\"padding: 10px 15px;\" rel=\"nofollow noopener\"><br \/>\n\t\t\t\t\t\t<img decoding=\"async\" src=\"https:\/\/img.rtvslo.si\/_static\/novi\/img\/ico-google.svg\" class=\"flex-shrink-0 mr-3\" aria-hidden=\"true\"\/><br \/>\n\t\t\t\t\t\tSpremljajte RTVSLO.si kot prednostni vir na Google<\/p>\n<p>\t\t\t\t\t<\/a><\/p>\n<p>Odposlanca bosta predvidoma v soboto na obisku v Moskvi, v nedeljo pa v Kijevu.<\/p>\n<p>Oglas<\/p>\n<p>Witkoff in Kushner &#8220;jim prina\u0161ata predlog za kon\u010danje vojne&#8221;, je v izjavah za medije zatrdil Trump. &#8220;Tja smo ju poslali, da bi videli, ali lahko kaj storimo ali ne, in obstaja velika verjetnost, da nam bo to uspelo,&#8221; je dodal.<\/p>\n<p>Witkoff in Kushner, ki sta v imenu ZDA posredovala v dosedanjih diplomatskih prizadevanjih med Kijevom in Moskvo za kon\u010danje vojne v Ukrajini, sta bila v Moskvi nazadnje januarja, medtem ko doslej Kijeva \u0161e nista obiskala.<\/p>\n<p>Prizadevanja za kon\u010danje vojne v Ukrajini, ki traja \u017ee ve\u010d kot \u0161tiri leta in pol, pa so v zadnjih mesecih zastala, potem ko so ZDA z Izraelom za\u010dele agresijo nad Iranom.<\/p>\n<p>Trump je ob tem danes izjavil \u0161e, da ne verjame, da ruski predsednik Vladimir Putin namerava napasti ozemlje katere od \u010dlanic zveze Nato. &#8220;Z njim (Putinom) govorim. Zelo dobro ga poznam. Putin ne namerava napasti ozemlja Nata,&#8221; je Trump dejal v odgovoru na vpra\u0161anje novinarja francoske tiskovne agencije AFP o nem\u0161kih obto\u017ebah na ra\u010dun Moskve glede incidenta z letalnikom z eksplozivom na letali\u0161\u010du v Leipzigu.<\/p>\n<p>Zelenski predlaga premirje<\/p>\n<p>Ukrajinski predsednik Zelenski je potrdil obisk odposlancev v Kijevu in predlagal, da bi ta konec tedna med obiskoma veljalo premirje med Ukrajino in Rusijo.<\/p>\n<p>&#8220;Z na\u0161e strani ne bo nobenih zra\u010dnih napadov, Rusija pa mora v zameno prav tako zagotoviti premirje \u2013 brez zra\u010dnih napadov \u2013 za \u010das, ki bo potreben za izvedbo teh pogovorov,&#8221; je v svojem ve\u010dernem nagovoru dejal Zelenski.<\/p>\n<p>Rusija, ki doslej uradno ni potrdila sobotnega obiska ameri\u0161kih odposlancev, se za zdaj na poziv Zelenskega ni odzvala.<\/p>\n<p>Oglas<\/p>\n","protected":false},"excerpt":{"rendered":"Donald Trump. Foto: EPA Spremljajte RTVSLO.si kot prednostni vir na Google Odposlanca bosta predvidoma v soboto na obisku&hellip;\n","protected":false},"author":2,"featured_media":216104,"comment_status":"","ping_status":"","sticky":false,"template":"","format":"standard","meta":{"footnotes":"","_share_on_mastodon":"0"},"categories":[8],"tags":[22602,1512,421,37,38,2259,64,71,63,404],"class_list":["post-216103","post","type-post","status-publish","format-standard","has-post-thumbnail","category-svet","tag-jared-kushner","tag-premirje","tag-rusija","tag-slovene","tag-slovenscina","tag-steve-witkoff","tag-svet","tag-ukrajina","tag-world","tag-zda"],"share_on_mastodon":{"url":"https:\/\/pubeurope.com\/@si\/117215024275591800","error":""},"_links":{"self":[{"href":"https:\/\/www.europesays.com\/si\/wp-json\/wp\/v2\/posts\/216103","targetHints":{"allow":["GET"]}}],"collection":[{"href":"https:\/\/www.europesays.com\/si\/wp-json\/wp\/v2\/posts"}],"about":[{"href":"https:\/\/www.europesays.com\/si\/wp-json\/wp\/v2\/types\/post"}],"author":[{"embeddable":true,"href":"https:\/\/www.europesays.com\/si\/wp-json\/wp\/v2\/users\/2"}],"replies":[{"embeddable":true,"href":"https:\/\/www.europesays.com\/si\/wp-json\/wp\/v2\/comments?post=216103"}],"version-history":[{"count":0,"href":"https:\/\/www.europesays.com\/si\/wp-json\/wp\/v2\/posts\/216103\/revisions"}],"wp:featuredmedia":[{"embeddable":true,"href":"https:\/\/www.europesays.com\/si\/wp-json\/wp\/v2\/media\/216104"}],"wp:attachment":[{"href":"https:\/\/www.europesays.com\/si\/wp-json\/wp\/v2\/media?parent=216103"}],"wp:term":[{"taxonomy":"category","embeddable":true,"href":"https:\/\/www.europesays.com\/si\/wp-json\/wp\/v2\/categories?post=216103"},{"taxonomy":"post_tag","embeddable":true,"href":"https:\/\/www.europesays.com\/si\/wp-json\/wp\/v2\/tags?post=216103"}],"curies":[{"name":"wp","href":"https:\/\/api.w.org\/{rel}","templated":true}]}}