{"id":216177,"date":"2026-09-04T23:31:12","date_gmt":"2026-09-04T23:31:12","guid":{"rendered":"https:\/\/www.europesays.com\/si\/216177\/"},"modified":"2026-09-04T23:31:12","modified_gmt":"2026-09-04T23:31:12","slug":"policisti-na-gorickem-iscejo-oborozenega-roparja","status":"publish","type":"post","link":"https:\/\/www.europesays.com\/si\/216177\/","title":{"rendered":"Policisti na Gori\u010dkem i\u0161\u010dejo oboro\u017eenega roparja"},"content":{"rendered":"<p>\t\t\t\t\t\t\t\t<a href=\"https:\/\/www.europesays.com\/si\/wp-content\/uploads\/2026\/09\/66765855.jpg\" itemprop=\"contentUrl\" data-size=\"1200x800\" data-large=\"https:\/\/www.europesays.com\/si\/wp-content\/uploads\/2026\/09\/66765855.jpg\"><br \/>\n\t\t\t\t\t\t\t\t\t<img decoding=\"async\" src=\"https:\/\/www.europesays.com\/si\/wp-content\/uploads\/2026\/09\/66765855.jpg\" title=\"Fotografija je arhivska. Foto: BoBo\" alt=\"Fotografija je arhivska. Foto: BoBo\"\/><br \/>\n\t\t\t\t\t\t\t\t<\/a><\/p>\n<p>\t\t\t\t\t\t\t\t\tFotografija je arhivska. Foto: BoBo<\/p>\n<p>\t\t\t\t\t\t\t<a id=\"preferredSourceBanner\" href=\"https:\/\/www.rtvslo.si\/crna-kronika\/v-kuzmi-oborozen-moski-varnostniku-odvzel-dnevni-izkupicek\/javascript:void(0)\" target=\"_blank\" class=\"d-none align-items-center justify-content-between rounded my-3\" style=\"padding: 10px 15px;\" rel=\"nofollow noopener\"><br \/>\n\t\t\t\t\t\t<img decoding=\"async\" src=\"https:\/\/img.rtvslo.si\/_static\/novi\/img\/ico-google.svg\" class=\"flex-shrink-0 mr-3\" aria-hidden=\"true\"\/><br \/>\n\t\t\t\t\t\tSpremljajte RTVSLO.si kot prednostni vir na Google<\/p>\n<p>\t\t\t\t\t<\/a><\/p>\n<p>Malo pred 12. uro so bili policisti obve\u0161\u010deni o ropu pri obmejni trgovini v Kuzmi. Policisti so nemudoma zavarovali kraj dogodka in za\u010deli zbirati prva obvestila. Gre za mo\u0161kega, visokega pribli\u017eno 170 centimetrov. Oble\u010den je bil v \u010drna obla\u010dila, obraz pa je imel v celoti zakrit z masko z izrezom za o\u010di. Med ropom je govoril s \u0161tajerskim naglasom.<\/p>\n<p>Po doslej zbranih informacijah je oboro\u017een mo\u0161ki pristopil do varnostnika in ga oropal, nato pa pe\u0161 pobegnil proti gozdu. Ker gre za oboro\u017eeno osebo, policija ob\u010dane poziva k previdnosti. \u010ce bi storilca opazili, naj se mu ne pribli\u017eujejo in z njim ne posku\u0161ajo vzpostaviti stika.<\/p>\n<p>Vse, ki bi imeli kakr\u0161ne koli informacije o dogodku ali pobeglem storilcu, policija poziva, naj jih \u010dim prej sporo\u010dijo na interventno \u0161tevilko 113 ali anonimni telefon 080 1200.<\/p>\n<p>Ve\u010d informacij bo policija predvidoma posredovala po zaklju\u010denem ogledu kraja dogodka in zbranih obvestilih.<\/p>\n<p>Oglas<\/p>\n","protected":false},"excerpt":{"rendered":"Fotografija je arhivska. Foto: BoBo Spremljajte RTVSLO.si kot prednostni vir na Google Malo pred 12. uro so bili&hellip;\n","protected":false},"author":2,"featured_media":216178,"comment_status":"","ping_status":"","sticky":false,"template":"","format":"standard","meta":{"footnotes":"","_share_on_mastodon":"0"},"categories":[6],"tags":[52613,326,59,61,2482,62,37,58,60,38,18750,11925],"class_list":["post-216177","post","type-post","status-publish","format-standard","has-post-thumbnail","category-slovenija","tag-kuzma","tag-policija","tag-republic-of-slovenia","tag-republika-slovenija","tag-rop","tag-si","tag-slovene","tag-slovenia","tag-slovenija","tag-slovenscina","tag-storilec","tag-varnostnik"],"share_on_mastodon":{"url":"https:\/\/pubeurope.com\/@si\/117215382184873617","error":""},"_links":{"self":[{"href":"https:\/\/www.europesays.com\/si\/wp-json\/wp\/v2\/posts\/216177","targetHints":{"allow":["GET"]}}],"collection":[{"href":"https:\/\/www.europesays.com\/si\/wp-json\/wp\/v2\/posts"}],"about":[{"href":"https:\/\/www.europesays.com\/si\/wp-json\/wp\/v2\/types\/post"}],"author":[{"embeddable":true,"href":"https:\/\/www.europesays.com\/si\/wp-json\/wp\/v2\/users\/2"}],"replies":[{"embeddable":true,"href":"https:\/\/www.europesays.com\/si\/wp-json\/wp\/v2\/comments?post=216177"}],"version-history":[{"count":0,"href":"https:\/\/www.europesays.com\/si\/wp-json\/wp\/v2\/posts\/216177\/revisions"}],"wp:featuredmedia":[{"embeddable":true,"href":"https:\/\/www.europesays.com\/si\/wp-json\/wp\/v2\/media\/216178"}],"wp:attachment":[{"href":"https:\/\/www.europesays.com\/si\/wp-json\/wp\/v2\/media?parent=216177"}],"wp:term":[{"taxonomy":"category","embeddable":true,"href":"https:\/\/www.europesays.com\/si\/wp-json\/wp\/v2\/categories?post=216177"},{"taxonomy":"post_tag","embeddable":true,"href":"https:\/\/www.europesays.com\/si\/wp-json\/wp\/v2\/tags?post=216177"}],"curies":[{"name":"wp","href":"https:\/\/api.w.org\/{rel}","templated":true}]}}