{"id":216191,"date":"2026-09-04T23:49:12","date_gmt":"2026-09-04T23:49:12","guid":{"rendered":"https:\/\/www.europesays.com\/si\/216191\/"},"modified":"2026-09-04T23:49:12","modified_gmt":"2026-09-04T23:49:12","slug":"koalicija-predlaga-vrnitev-imen-praznikov-prekmurcev-in-primorcev-v-njuno-prvotno-obliko","status":"publish","type":"post","link":"https:\/\/www.europesays.com\/si\/216191\/","title":{"rendered":"Koalicija predlaga vrnitev imen praznikov Prekmurcev in Primorcev v njuno prvotno obliko"},"content":{"rendered":"<p style=\"text-align: justify;\">Odbor DZ za gospodarstvo, delo in \u0161port je na \u010detrtkovi seji opravil drugo obravnavo predloga novele zakona o praznikih, s katero bi 7. avgust razglasili za dan Triglava. Ob tem je koalicija predlagala tudi spremembo imen praznikov, povezanih s Prekmurjem in Primorsko.<\/p>\n<p style=\"text-align: justify;\">Po predlaganem dopolnilu bi se praznik, ki se trenutno imenuje dan priklju\u010ditve Prekmurja in zdru\u017eitve prekmurskih Slovencev z mati\u010dnim narodom, po novem imenoval dan zdru\u017eitve prekmurskih Slovencev z mati\u010dnim narodom. Iz imena bi tako izpadla besedna zveza \u201cpriklju\u010ditev Prekmurja\u201d.\u00a0<\/p>\n<p>Preberite tudi:<a href=\"https:\/\/nova24tv.si\/melonijeva-ob-zgodovinskem-dosezku-dobiva-cestitke-iz-celega-sveta-tudi-od-janse\/\" rel=\"nofollow noopener\" target=\"_blank\">Melonijeva ob zgodovinskem dose\u017eku dobiva \u010destitke iz celega sveta \u2013 tudi od Jan\u0161e <\/a><\/p>\n<p style=\"text-align: justify;\">Spremenilo bi se tudi ime praznika, ki se obele\u017euje 15. septembra. Dan priklju\u010ditve Primorske k mati\u010dni domovini bi se po novem imenoval dan vrnitve Primorske k mati\u010dni domovini. S predlaganima spremembama bi se poimenovanji praznikov vrnili v obliko, ki je veljala ob njuni uvedbi leta 2005. Takrat je Dr\u017eavni zbor dolo\u010dil 17. avgust kot dan zdru\u017eitve prekmurskih Slovencev z mati\u010dnim narodom, 15. september pa kot dan vrnitve Primorske k mati\u010dni domovini. Oba praznika nista dela prosta dneva.<\/p>\n<p style=\"text-align: justify;\">Odbor je dopolnilo o spremembi imen praznikov potrdil z devetimi glasovi za in nobenim proti. Novela sicer izhaja iz predloga, ki so ga konec lanskega leta v parlamentarni postopek vlo\u017eili poslanci prej\u0161nje vlade. Ta predvideva, da bi 7. avgust postal dan Triglava, pri \u010demer novi praznik ne bi bil dela prost dan. Datum je povezan s 7. avgustom 1895, ko je Jakob Alja\u017e na vrhu Triglava postavil Alja\u017eev stolp.<\/p>\n<p><img fetchpriority=\"high\" decoding=\"async\" class=\"wp-image-282912\" src=\"https:\/\/www.europesays.com\/si\/wp-content\/uploads\/2026\/09\/20150811-00626547-400x225.jpg.webp\" alt=\"\" width=\"1255\" height=\"706\"  \/>Foto: STA<\/p>\n<p>Praznika Prekmurcev in Primorcev sta bila kot dr\u017eavna praznika uvedena leta 2005. 17. avgust je povezan z dogodki leta 1919, ko je bilo Prekmurje po koncu prve svetovne vojne priklju\u010deno v Kraljevino SHS, 15. september pa zaznamuje za\u010detek veljavnosti mirovne pogodbe leta 1947, s katero je velik del Primorske pre\u0161el iz Italije v Jugoslavijo.<\/p>\n<p>A. S.<\/p>\n","protected":false},"excerpt":{"rendered":"Odbor DZ za gospodarstvo, delo in \u0161port je na \u010detrtkovi seji opravil drugo obravnavo predloga novele zakona o&hellip;\n","protected":false},"author":2,"featured_media":216192,"comment_status":"","ping_status":"","sticky":false,"template":"","format":"standard","meta":{"footnotes":"","_share_on_mastodon":"0"},"categories":[6],"tags":[8274,2584,59,61,62,37,58,60,38,7706],"class_list":["post-216191","post","type-post","status-publish","format-standard","has-post-thumbnail","category-slovenija","tag-prekmurje","tag-primorska","tag-republic-of-slovenia","tag-republika-slovenija","tag-si","tag-slovene","tag-slovenia","tag-slovenija","tag-slovenscina","tag-triglav"],"share_on_mastodon":{"url":"https:\/\/pubeurope.com\/@si\/117215453204771289","error":""},"_links":{"self":[{"href":"https:\/\/www.europesays.com\/si\/wp-json\/wp\/v2\/posts\/216191","targetHints":{"allow":["GET"]}}],"collection":[{"href":"https:\/\/www.europesays.com\/si\/wp-json\/wp\/v2\/posts"}],"about":[{"href":"https:\/\/www.europesays.com\/si\/wp-json\/wp\/v2\/types\/post"}],"author":[{"embeddable":true,"href":"https:\/\/www.europesays.com\/si\/wp-json\/wp\/v2\/users\/2"}],"replies":[{"embeddable":true,"href":"https:\/\/www.europesays.com\/si\/wp-json\/wp\/v2\/comments?post=216191"}],"version-history":[{"count":0,"href":"https:\/\/www.europesays.com\/si\/wp-json\/wp\/v2\/posts\/216191\/revisions"}],"wp:featuredmedia":[{"embeddable":true,"href":"https:\/\/www.europesays.com\/si\/wp-json\/wp\/v2\/media\/216192"}],"wp:attachment":[{"href":"https:\/\/www.europesays.com\/si\/wp-json\/wp\/v2\/media?parent=216191"}],"wp:term":[{"taxonomy":"category","embeddable":true,"href":"https:\/\/www.europesays.com\/si\/wp-json\/wp\/v2\/categories?post=216191"},{"taxonomy":"post_tag","embeddable":true,"href":"https:\/\/www.europesays.com\/si\/wp-json\/wp\/v2\/tags?post=216191"}],"curies":[{"name":"wp","href":"https:\/\/api.w.org\/{rel}","templated":true}]}}