{"id":216193,"date":"2026-09-04T23:50:15","date_gmt":"2026-09-04T23:50:15","guid":{"rendered":"https:\/\/www.europesays.com\/si\/216193\/"},"modified":"2026-09-04T23:50:15","modified_gmt":"2026-09-04T23:50:15","slug":"raval-zeli-tudi-brez-subvencije-dvigniti-prodajo-za-25-odstotkov","status":"publish","type":"post","link":"https:\/\/www.europesays.com\/si\/216193\/","title":{"rendered":"Raval \u017eeli tudi brez subvencije dvigniti prodajo za 25 odstotkov"},"content":{"rendered":"<p>Znamka Cupra v Sloveniji je dobila velikega aduta. K nam je uradno zapeljal novi raval, dinami\u010dni predstavnik B segmenta z veliko vsebine. Postsubvencijska cena starta pri 24.950 evrih.<\/p>\n<p>Raval je za Cupro izjemnega pomena in sami pravijo, da je po formentorju, ki je bil prvi povsem samostojen model znamke, raval zdaj tista druga prelomnica, ki bo znamko naredila \u0161e veliko bolj prepoznavno. Z ravalom so vstopili v segment B kombilimuzin, torej v enega najbolj prodajanih segmentov v Evropi. Da so z elektri\u010dnim ravalom glede oblike in vsebine zadeli v polno, govori knjiga naro\u010dil, ki je za evropske trge polna za ve\u010d mesecev vnaprej.\u00a0<\/p>\n<p>Pri nas so \u017ee v predprodaji (ve\u010dinoma \u0161e v \u010dasu veljavnosti dr\u017eavnih subvencij) podpisali okoli sto pogodb, 90 avtov pa nameravajo dobaviti \u0161e letos. Tudi brez subvencij in v ostri\u00a0daljnoazijski\u00a0konkurenci\u00a0pa pri uvozniku ne dvomijo v zanimanje za najmanj\u0161o elektri\u010dno\u00a0cupro. Prihodnje leto ra\u010dunajo na kakih 300 ravalov s slovenskimi tablicami, kar pomeni kar okoli \u010detrtinski dele\u017e v celotni prodaji znamke.\u00a0<\/p>\n<p><a class=\"related_article__link\" href=\"https:\/\/www.zurnal24.si\/avto\/dosje-avto\/brez-kompromisov-to-je-elektricni-avto-ki-ne-skriva-da-zeli-osvojiti-tudi-zenska-srca-459640\" rel=\"nofollow noopener\" target=\"_blank\"><\/p>\n<p><img loading=\"lazy\" decoding=\"async\" alt=\"Cupra raval\" class=\"related_article__image\" data-size=\"100x100\" height=\"100\" src=\"https:\/\/www.europesays.com\/si\/wp-content\/uploads\/2026\/09\/2fdaec47aa631d769638.jpeg\" width=\"100\"\/><\/p>\n<p><\/a><\/p>\n<p><a href=\"https:\/\/www.zurnal24.si\/avto\/dosje-avto\/brez-kompromisov-to-je-elektricni-avto-ki-ne-skriva-da-zeli-osvojiti-tudi-zenska-srca-459640\" rel=\"nofollow noopener\" target=\"_blank\"><br \/>\n                Iz prve roke<br \/>\n            <\/a><\/p>\n<p><a href=\"https:\/\/www.zurnal24.si\/avto\" rel=\"nofollow noopener\" target=\"_blank\"><br \/>\n                Avto<br \/>\n            <\/a><\/p>\n<p><a href=\"https:\/\/www.zurnal24.si\/avto\/dosje-avto\/brez-kompromisov-to-je-elektricni-avto-ki-ne-skriva-da-zeli-osvojiti-tudi-zenska-srca-459640\" rel=\"nofollow noopener\" target=\"_blank\"><\/p>\n<p>                Brez kompromisov: to je elektri\u010dni avto, ki ne skriva, da \u017eeli osvojiti (tudi) \u017eenska srca<\/p>\n<p>            <\/a><\/p>\n<p><img decoding=\"async\" alt=\"predstavitev Cupra Raval | Avtor: Sa\u0161a Despot\" class=\"rwd\" data-href=\"https:\/\/www.zurnal24.si\/media\/img\/69\/f9\/0d742772efb5efe5318e.jpeg\" itemprop=\"image\" src=\"\/media\/img\/60\/15\/fc5106d2c6b07d3b0dca.jpeg\"\/><\/p>\n<p>                Sa\u0161a Despot<\/p>\n<p>Kak\u0161en avto je raval?\u00a0<\/p>\n<p>Z ravalom smo se <a href=\"https:\/\/www.zurnal24.si\/avto\/prva-voznja-cupra-raval-ali-ko-elektrika-postane-zares-kraval-cena-elektricni-subvencija-459336\" target=\"_blank\" rel=\"nofollow noopener\">pobli\u017ee seznanili \u017ee na dinami\u010dni predstavitvi v njegovi rojstni Barceloni, <\/a>od koder prihaja tudi ime. Raval je namre\u010d ena\u00a0izmed najbolj pestrih in z idejami prekipevajo\u010dih \u010detrti katalonske prestolnice.\u00a0<\/p>\n<p>Na kratko ponovimo, da je tudi raval poln sve\u017eine in drznosti. Pri svojih dobrih \u0161tirih metrih oblika daje vtis \u0161portno-premijskega avta, pri tem pa si pomaga z ostrimi linijami, sodobno zunanjo osvetljavo in velikimi plati\u0161\u010di, ki odvisno od opreme merijo med 17 in 19 palci. Med sedmimi barvami\u00a0ni \u017eivih odtenkov, je pa zato med njimi premierno posebna prelivajo\u010da se barva,\u00a0kar je znamkin recept za zagotavljanje vtisa ekskluzivnosti.<\/p>\n<p><a class=\"related_article__link\" href=\"https:\/\/www.zurnal24.si\/avto\/prva-voznja-cupra-raval-ali-ko-elektrika-postane-zares-kraval-cena-elektricni-subvencija-459336\" rel=\"nofollow noopener\" target=\"_blank\"><\/p>\n<p><img loading=\"lazy\" decoding=\"async\" alt=\"Cupra raval\" class=\"related_article__image\" data-size=\"100x100\" height=\"100\" src=\"https:\/\/www.europesays.com\/si\/wp-content\/uploads\/2026\/09\/06ee23b3842a79ed5245.jpeg\" width=\"100\"\/><\/p>\n<p><\/a><\/p>\n<p><a href=\"https:\/\/www.zurnal24.si\/avto\/prva-voznja-cupra-raval-ali-ko-elektrika-postane-zares-kraval-cena-elektricni-subvencija-459336\" rel=\"nofollow noopener\" target=\"_blank\"><br \/>\n                Dobra bo tudi cena<br \/>\n            <\/a><\/p>\n<p><a href=\"https:\/\/www.zurnal24.si\/avto\" rel=\"nofollow noopener\" target=\"_blank\"><br \/>\n                Avto<br \/>\n            <\/a><\/p>\n<p><a href=\"https:\/\/www.zurnal24.si\/avto\/prva-voznja-cupra-raval-ali-ko-elektrika-postane-zares-kraval-cena-elektricni-subvencija-459336\" rel=\"nofollow noopener\" target=\"_blank\"><\/p>\n<p>                Prva vo\u017enja: cupra raval ali ko elektrika postane zares kraval<\/p>\n<p>            <\/a><\/p>\n<p><img decoding=\"async\" alt=\"predstavitev Cupra Raval | Avtor: Sa\u0161a Despot\" class=\"rwd\" data-href=\"https:\/\/www.zurnal24.si\/media\/img\/e1\/fe\/d1401a11bf0f6dedc0e6.jpeg\" itemprop=\"image\" src=\"\/media\/img\/a7\/3a\/797cd1c632dd22ff5a76.jpeg\"\/><\/p>\n<p>                Sa\u0161a Despot<\/p>\n<p><img decoding=\"async\" alt=\"predstavitev Cupra Raval | Avtor: Sa\u0161a Despot\" class=\"rwd\" data-href=\"https:\/\/www.zurnal24.si\/media\/img\/5f\/06\/7045cebdd9df4dff0d54.jpeg\" itemprop=\"image\" src=\"\/media\/img\/52\/3b\/17321682984f57b1a2f8.jpeg\"\/><\/p>\n<p>                Sa\u0161a Despot<\/p>\n<p>A zunanjost je samo en del\u00a0zgodbe, raval \u017eeli presenetiti tudi v notranjosti. Nova <a href=\"https:\/\/www.zurnal24.si\/avto\/na-strom\/id-polo-volkswagnov-novi-elektricni-adut-457828\" target=\"_blank\" rel=\"nofollow noopener\">MEB+ platforma,<\/a> ki si jo deli z VW polom, je in\u017eenirjem omogo\u010dila veliko svobode in nastala je nadpovpre\u010dno prostorna in uporabna kabina, s katero raval cilja tudi na tiste uporabnike, ki i\u0161\u010dejo menjavo za svoj prvi in edini avto pri hi\u0161i.<\/p>\n<p>Posebej velja opozoriti na kar 441 litrov velik prtlja\u017enik, ki presega celo povpre\u010dje razreda vi\u0161je. Oprema se stopnjuje in nadgrajuje glede na enega od \u0161tirih izbranih nivojev, potem pa je tu \u0161e mo\u017enost izbire dodatnih podpaketov. Zdaj \u017ee kar pri\u010dakovano glede na izvor imajo tudi v cupri raval svetlobni u\u010dinki v potni\u0161ki kabini prav posebno mesto.<\/p>\n<p>Raval je seveda v duhu \u010dasa zelo digitaliziran, podobe in menije na obeh zaslonih po novem poganja Androidni programski jezik, pripravljen na aplikacije tretjih ponudnikov in na pri\u010dakovane prihodnje posodobitve.\u00a0Poleg ob\u0161irne zasnove asisten\u010dnih sistemov je lahko napolnjen tudi z raznovrstnimi pripomo\u010dki za udobje, med drugim pri dra\u017ejih dveh opremah digitalnim klju\u010dem, ki ga je mogo\u010de deliti med ve\u010d osebami.\u00a0<\/p>\n<p>Vo\u017enja je naslednja kategorija, pri kateri \u017eeli biti raval zvest \u0161portnim genom znamke. Obljubljajo zelo suvereno dr\u017eo na cesti in <a href=\"https:\/\/www.zurnal24.si\/avto\/prva-voznja-cupra-raval-ali-ko-elektrika-postane-zares-kraval-cena-elektricni-subvencija-459336\" target=\"_blank\" rel=\"nofollow noopener\">zelo vozni\u0161ko izku\u0161njo,<\/a> pri kateri pomaga tudi &#8216;one box&#8217; elektronski zavorni sistem, ki brez\u010dutno kombinira delovanje regenerativnega in pravega zaviranja.\u00a0<\/p>\n<p><img decoding=\"async\" alt=\"predstavitev Cupra Raval | Avtor: Sa\u0161a Despot\" class=\"rwd\" data-href=\"https:\/\/www.zurnal24.si\/media\/img\/ae\/40\/b967657c6a63beee4dae.jpeg\" itemprop=\"image\" src=\"\/media\/img\/fe\/d8\/336aa1db9f5190e18aa1.jpeg\"\/><\/p>\n<p>                Sa\u0161a Despot<\/p>\n<p>2 bateriji, 4 mo\u010di<\/p>\n<p>Pri elektri\u010dnem\u00a0pogonu je glavna lo\u010dnica velikost baterije. Dve razli\u010dici imata 37 kWh LFP baterijo, dra\u017eji dve pa zmogljivej\u0161o 52 kWh NMC baterijo. Vstopna verzija za osnovnih 24.950 evrov sicer \u0161e ni v prodaji, njen elektromotor bo zmogel 85 kW (116 KM), DC polnjenje bo omejeno na 50 kW.\u00a0<\/p>\n<p>Pri razli\u010dici\u00a0&#8216;plus&#8217; za dodatnega tiso\u010daka je mo\u010d motorja pove\u010dana na 99 kW (135 kW), polnjenje pa ima vrh pri 88 kW. V ta dodatni denar je vklju\u010dene\u00a0kar nekaj dodatne tehni\u010dne in druge opreme.\u00a0<\/p>\n<p>Zelo prodajana bo po pri\u010dakovanjih verzija endurance s 155 kW (211 KM) motorjem, ki omogo\u010da do okoli 450 km poti z enim polnjenjem. Njena cena je postavljena na 31.730 evrov.<\/p>\n<p>\u017depna raketa VZ\u00a0<\/p>\n<p>\u010cisto na vrhu ponudbe pa je raval VZ, pri kateri lahko govorimo \u017ee o \u0161portnosti naslednje stopnje, ki stane 35.650 evrov. Za ta cenovni pribitek ima namre\u010d mo\u010d motorja pove\u010dano na 166 kW (226 KM), \u0161e pomembnej\u0161i za brezkompromisno obvladovanje ovinkov pa so ni\u017eje podvozje z negativnim naklonom koles, 235 mm \u0161iroka obutev, elektronska delna zapora diferenciala in v 15-stopnjah prilagodljivo DCC vzmetenje. Delovanje pogona je mogo\u010de hitro prilagajati prek namenske &#8216;cupra&#8217; tipke na volanu, precej bolj \u0161portno ukrojena je tudi notranjost z opcijo posebnih \u0161koljkastih sede\u017eev.<\/p>\n<p>Na vse zapisane cene pri uvozniku nudijo \u0161e bon za 1.000 evrov popusta s financiranjem. Jamstvo traja \u0161tiri leta ali 160.000 kilometrov.<\/p>\n<p><img decoding=\"async\" alt=\"predstavitev Cupra Raval | Avtor: Sa\u0161a Despot\" class=\"rwd\" data-href=\"https:\/\/www.zurnal24.si\/media\/img\/f7\/94\/b80c13c7cfee8e083d6f.jpeg\" itemprop=\"image\" src=\"\/media\/img\/38\/35\/42eef604b897f77dae92.jpeg\"\/><\/p>\n<p>                Sa\u0161a Despot<\/p>\n<p><img decoding=\"async\" alt=\"predstavitev Cupra Raval | Avtor: Sa\u0161a Despot\" class=\"rwd\" data-href=\"https:\/\/www.zurnal24.si\/media\/img\/38\/72\/c6bb1c7973331784094b.jpeg\" itemprop=\"image\" src=\"\/media\/img\/31\/8a\/faf5ea14e2ac61502b93.jpeg\"\/><\/p>\n<p>                Sa\u0161a Despot<\/p>\n<p><img decoding=\"async\" alt=\"predstavitev Cupra Raval | Avtor: Sa\u0161a Despot\" class=\"rwd\" data-href=\"https:\/\/www.zurnal24.si\/media\/img\/a6\/04\/32aaf35146b32684b9eb.jpeg\" itemprop=\"image\" src=\"\/media\/img\/45\/a7\/33d604490dbf8e680bc7.jpeg\"\/><\/p>\n<p>                Sa\u0161a Despot<\/p>\n<p><img decoding=\"async\" alt=\"predstavitev Cupra Raval | Avtor: Sa\u0161a Despot\" class=\"rwd\" data-href=\"https:\/\/www.zurnal24.si\/media\/img\/e4\/00\/42a5ac05aa65acf8e9e1.jpeg\" itemprop=\"image\" src=\"\/media\/img\/11\/b0\/aed3de3965445a088788.jpeg\"\/><\/p>\n<p>                Sa\u0161a Despot<\/p>\n<p><img decoding=\"async\" alt=\"predstavitev Cupra Raval | Avtor: Sa\u0161a Despot\" class=\"rwd\" data-href=\"https:\/\/www.zurnal24.si\/media\/img\/d5\/ea\/f95b3d4bcb10f7bba90d.jpeg\" itemprop=\"image\" src=\"\/media\/img\/12\/13\/405d90320782ac83d91f.jpeg\"\/><\/p>\n<p>                Sa\u0161a Despot<\/p>\n<p><img decoding=\"async\" alt=\"predstavitev Cupra Raval | Avtor: Sa\u0161a Despot\" class=\"rwd\" data-href=\"https:\/\/www.zurnal24.si\/media\/img\/bc\/ba\/0c2606631e99ea633384.jpeg\" itemprop=\"image\" src=\"\/media\/img\/59\/d5\/52b753f75c6aafabf6b7.jpeg\"\/><\/p>\n<p>                Sa\u0161a Despot<\/p>\n<p><a href=\"https:\/\/www.zurnal24.si\/avto\/mailto:andrej.leban@styria-media.si\" rel=\"nofollow noopener\" target=\"_blank\">andrej.leban@styria-media.si<\/a><\/p>\n","protected":false},"excerpt":{"rendered":"Znamka Cupra v Sloveniji je dobila velikega aduta. K nam je uradno zapeljal novi raval, dinami\u010dni predstavnik B&hellip;\n","protected":false},"author":2,"featured_media":216194,"comment_status":"","ping_status":"","sticky":false,"template":"","format":"standard","meta":{"footnotes":"","_share_on_mastodon":"0"},"categories":[20],"tags":[7401,7355,29249,29251,3228,32,35,31,34,36,37,38,17565,33],"class_list":["post-216193","post","type-post","status-publish","format-standard","has-post-thumbnail","category-novice","tag-cupra","tag-cupra-raval","tag-cupra-raval-cena","tag-cupra-raval-cenik","tag-elektricni-avto","tag-headlines","tag-najpomembnejse-novice","tag-news","tag-novice","tag-osrednje-novice","tag-slovene","tag-slovenscina","tag-subvencija-za-elektricne-avtomobile","tag-top-stories"],"share_on_mastodon":{"url":"https:\/\/pubeurope.com\/@si\/117215456759141501","error":""},"_links":{"self":[{"href":"https:\/\/www.europesays.com\/si\/wp-json\/wp\/v2\/posts\/216193","targetHints":{"allow":["GET"]}}],"collection":[{"href":"https:\/\/www.europesays.com\/si\/wp-json\/wp\/v2\/posts"}],"about":[{"href":"https:\/\/www.europesays.com\/si\/wp-json\/wp\/v2\/types\/post"}],"author":[{"embeddable":true,"href":"https:\/\/www.europesays.com\/si\/wp-json\/wp\/v2\/users\/2"}],"replies":[{"embeddable":true,"href":"https:\/\/www.europesays.com\/si\/wp-json\/wp\/v2\/comments?post=216193"}],"version-history":[{"count":0,"href":"https:\/\/www.europesays.com\/si\/wp-json\/wp\/v2\/posts\/216193\/revisions"}],"wp:featuredmedia":[{"embeddable":true,"href":"https:\/\/www.europesays.com\/si\/wp-json\/wp\/v2\/media\/216194"}],"wp:attachment":[{"href":"https:\/\/www.europesays.com\/si\/wp-json\/wp\/v2\/media?parent=216193"}],"wp:term":[{"taxonomy":"category","embeddable":true,"href":"https:\/\/www.europesays.com\/si\/wp-json\/wp\/v2\/categories?post=216193"},{"taxonomy":"post_tag","embeddable":true,"href":"https:\/\/www.europesays.com\/si\/wp-json\/wp\/v2\/tags?post=216193"}],"curies":[{"name":"wp","href":"https:\/\/api.w.org\/{rel}","templated":true}]}}