{"id":216199,"date":"2026-09-05T00:02:11","date_gmt":"2026-09-05T00:02:11","guid":{"rendered":"https:\/\/www.europesays.com\/si\/216199\/"},"modified":"2026-09-05T00:02:11","modified_gmt":"2026-09-05T00:02:11","slug":"v-zireh-zacenjajo-gradnjo-novega-nogometnega-igrisca-z-umetno-travo","status":"publish","type":"post","link":"https:\/\/www.europesays.com\/si\/216199\/","title":{"rendered":"V \u017direh za\u010denjajo gradnjo novega nogometnega igri\u0161\u010da z umetno travo"},"content":{"rendered":"<p>V \u017direh se za\u010denja gradnja novega nogometnega igri\u0161\u010da z umetno travo. Investicija je vredna 617 tiso\u010d evrov, ve\u010d kot 60 odstotkov sredstev pa bodo zagotovili dr\u017eava, Fundacija za \u0161port in Nogometna zveza Slovenije. Celoten projekt bo predvidoma zaklju\u010den spomladi prihodnje leto.<\/p>\n<p>Uradni za\u010detek projekta so na dana\u0161nji novinarski konferenci predstavili \u017eupan ob\u010dine \u017diri Franci Kranjc, poslanec SDS\u00a0\u017dan Mahni\u010d in predsednik Nogometnega kluba \u017diri Drago Kramper\u0161ek.<\/p>\n<p>Novo igri\u0161\u010de bo poleg umetne travnate povr\u0161ine dobilo tudi tribuno, klopi za rezervne igralce in urejene dostopne poti. Skupna vrednost projekta zna\u0161a 617 tiso\u010d evrov. Ministrstvo za gospodarstvo, turizem in \u0161port bo prispevalo 250 tiso\u010d evrov, Fundacija za \u0161port 80 tiso\u010d evrov, Nogometna zveza Slovenije pa 40 tiso\u010d evrov. Preostanek bo zagotovila Ob\u010dina \u017diri.<\/p>\n<p><img decoding=\"async\" alt=\"Uradni za\u010detek gradnje novega nogometnega igri\u0161\u010da z umetno travo v \u017direh | Foto: Tina Dokl\/Gorenjski glas\" class=\"article_content__inline_image js_imageLightbox is-clickable\" data-author=\"Tina Dokl\/Gorenjski glas\" data-caption=\"\" data-height=\"1200\" data-href=\"https:\/\/siol.net\/media\/img\/98\/85\/cf401cbe0c317309f2de-uradni-zacetek-gradnje-novega-nogometnega-igrisca-z-umetno-travo-v-zireh.jpeg\" data-width=\"1600\" loading=\"lazy\" src=\"\/media\/img\/05\/15\/a28204181575fa1f37f0-uradni-zacetek-gradnje-novega-nogometnega-igrisca-z-umetno-travo-v-zireh.jpeg\" title=\"Uradni za\u010detek gradnje novega nogometnega igri\u0161\u010da z umetno travo v \u017direh\"\/><\/p>\n<p> Foto: Tina Dokl\/Gorenjski glas <\/p>\n<p>Za izvajalca del je bilo izbrano podjetje VBT iz Meng\u0161a. Gradnja se bo za\u010dela takoj, saj mora ob\u010dina zaradi pogojev sofinanciranja 250 tiso\u010d evrov dr\u017eavnih sredstev upravi\u010diti oziroma porabiti do konca leto\u0161njega leta. Celotna investicija bo predvidoma zaklju\u010dena spomladi 2027.<\/p>\n<p>Ve\u010d kot sto otrok pozimi brez ustreznih pogojev<\/p>\n<p>\u017dupan Kranjc je ob za\u010detku projekta poudaril, da so se na ob\u010dini na investicijo pripravljali tri leta, od odkupa zemlji\u0161\u010d do priprave potrebne dokumentacije. &#8220;NK \u017diri, v kraju poznan tudi po tradiciji NK Alpina, je na\u0161 naj\u0161tevil\u010dnej\u0161i klub z ve\u010d kot 150 \u010dlani. Ve\u010d kot sto otrok je bilo do zdaj v zimskem \u010dasu prikraj\u0161anih za ustrezno vadbo, kar se s to investicijo kon\u010dno spreminja,&#8221; je dejal.<\/p>\n<p>Do dr\u017eavnega sofinanciranja ob\u010dina sicer ni pri\u0161la brez zapletov. Njena vloga je bila sprva zavrnjena, po prito\u017ebenem postopku in predlo\u017eitvi dodatnih dokazil pa je bila uspe\u0161na.<\/p>\n<p>Kranjc je pri tem izpostavil tudi pomo\u010d poslanca Mahni\u010da. &#8220;Brez teh sredstev investicije v tak\u0161nem obsegu ne bi mogli izpeljati,&#8221; je povedal.<\/p>\n<p>Mahni\u010d: Pot do sredstev je bila polna administrativnih ovir<\/p>\n<p>Mahni\u010d je dejal, da je novo igri\u0161\u010de njegova prva izpolnjena predvolilna obljuba v tem mandatu.\u00a0Razkril je, da je bila pot do sredstev polna administrativnih ovir, ki so mejile na politi\u010dno motivirano zavrnitev.<\/p>\n<p><img decoding=\"async\" alt=\"Uradni za\u010detek gradnje novega nogometnega igri\u0161\u010da z umetno travo v \u017direh | Foto: Tina Dokl\/Gorenjski glas\" class=\"article_content__inline_image js_imageLightbox is-clickable\" data-author=\"Tina Dokl\/Gorenjski glas\" data-caption=\"\" data-height=\"320\" data-href=\"https:\/\/www.europesays.com\/si\/wp-content\/uploads\/2026\/09\/ziri5.jpeg\" data-width=\"480\" loading=\"lazy\" src=\"https:\/\/www.europesays.com\/si\/wp-content\/uploads\/2026\/09\/ziri5.jpeg\" title=\"Uradni za\u010detek gradnje novega nogometnega igri\u0161\u010da z umetno travo v \u017direh\"\/><\/p>\n<p> Foto: Tina Dokl\/Gorenjski glas <\/p>\n<p>&#8220;Ko sem izvedel za zavrnitev zaradi tehni\u010dnih podrobnosti, sem stopil v stik z ministrom An\u017eetom Logarjem in dr\u017eavno sekretarko Katjo Koren, ki je velika podpornica \u0161porta in si je stadion tudi osebno ogledala.\u00a0Skupaj smo dosegli, da se na razpisih ne gleda ve\u010d dlakocepsko, temve\u010d se prepozna kakovost projektov. Dr\u017eava mora biti servis ob\u010dinam, kot so te v \u0161kofjelo\u0161kem koncu, ki delajo izjemno u\u010dinkovito. Denar za tak\u0161ne projekte nikoli ni vr\u017een stran, saj gre neposredno za razvoj na\u0161ih ob\u010dank in ob\u010danov,&#8221; \u00a0je dejal Mahni\u010d.<\/p>\n<p>Nogometa\u0161em ne bo ve\u010d treba trenirati v Logatcu in \u0160kofji Loki<\/p>\n<p>Novo igri\u0161\u010de bo pomembno predvsem za Nogometni klub \u017diri, ki ima ve\u010d kot 150 aktivnih \u010dlanov, njegova \u010dlanska ekipa pa nastopa v 3. slovenski nogometni ligi.<\/p>\n<p>Predsednik kluba Kramper\u0161ek je pojasnil, da so bili nogometa\u0161i v de\u017eevnih in zimskih mesecih do zdaj\u00a0prisiljeni najemati igri\u0161\u010da v Logatcu in \u0160kofji Loki. &#8220;To je bila za klub in star\u0161e ogromna logisti\u010dna ter finan\u010dna obremenitev,&#8221; je dejal.<\/p>\n<p><img decoding=\"async\" alt=\"Uradni za\u010detek gradnje novega nogometnega igri\u0161\u010da z umetno travo v \u017direh | Foto: Tina Dokl\/Gorenjski glas\" class=\"article_content__inline_image js_imageLightbox is-clickable\" data-author=\"Tina Dokl\/Gorenjski glas\" data-caption=\"\" data-height=\"1600\" data-href=\"https:\/\/siol.net\/media\/images\/2026-35\/ziri2.jpeg\" data-width=\"1200\" loading=\"lazy\" src=\"\/media\/img\/4b\/d5\/82d1f70a52c2fad91f3a-uradni-zacetek-gradnje-novega-nogometnega-igrisca-z-umetno-travo-v-zireh.jpeg\" title=\"Uradni za\u010detek gradnje novega nogometnega igri\u0161\u010da z umetno travo v \u017direh\"\/><\/p>\n<p> Foto: Tina Dokl\/Gorenjski glas <\/p>\n<p>Po njegovih besedah bodo z novim igri\u0161\u010dem, tribunami in urejenimi dostopi v \u017direh dobili celovitej\u0161o \u0161portno infrastrukturo, ki bo omogo\u010dala vadbo tudi v delu leta, ko so razmere na naravni travi slab\u0161e. &#8220;To je zmaga za na\u0161o mladino in za prihodnost nogometa v na\u0161em kraju,&#8221; je \u0161e poudaril Kramper\u0161ek.<\/p>\n","protected":false},"excerpt":{"rendered":"V \u017direh se za\u010denja gradnja novega nogometnega igri\u0161\u010da z umetno travo. Investicija je vredna 617 tiso\u010d evrov, ve\u010d&hellip;\n","protected":false},"author":2,"featured_media":216200,"comment_status":"","ping_status":"","sticky":false,"template":"","format":"standard","meta":{"footnotes":"","_share_on_mastodon":"0"},"categories":[16],"tags":[264,49080,54,62,37,58,60,38,94,93,50481,14744,52739],"class_list":["post-216199","post","type-post","status-publish","format-standard","has-post-thumbnail","category-sport","tag-nogomet","tag-nogometno-igrisce","tag-sds","tag-si","tag-slovene","tag-slovenia","tag-slovenija","tag-slovenscina","tag-sport","tag-sports","tag-umetna-trava","tag-zan-mahnic","tag-ziri"],"share_on_mastodon":{"url":"https:\/\/pubeurope.com\/@si\/117215503957193639","error":""},"_links":{"self":[{"href":"https:\/\/www.europesays.com\/si\/wp-json\/wp\/v2\/posts\/216199","targetHints":{"allow":["GET"]}}],"collection":[{"href":"https:\/\/www.europesays.com\/si\/wp-json\/wp\/v2\/posts"}],"about":[{"href":"https:\/\/www.europesays.com\/si\/wp-json\/wp\/v2\/types\/post"}],"author":[{"embeddable":true,"href":"https:\/\/www.europesays.com\/si\/wp-json\/wp\/v2\/users\/2"}],"replies":[{"embeddable":true,"href":"https:\/\/www.europesays.com\/si\/wp-json\/wp\/v2\/comments?post=216199"}],"version-history":[{"count":0,"href":"https:\/\/www.europesays.com\/si\/wp-json\/wp\/v2\/posts\/216199\/revisions"}],"wp:featuredmedia":[{"embeddable":true,"href":"https:\/\/www.europesays.com\/si\/wp-json\/wp\/v2\/media\/216200"}],"wp:attachment":[{"href":"https:\/\/www.europesays.com\/si\/wp-json\/wp\/v2\/media?parent=216199"}],"wp:term":[{"taxonomy":"category","embeddable":true,"href":"https:\/\/www.europesays.com\/si\/wp-json\/wp\/v2\/categories?post=216199"},{"taxonomy":"post_tag","embeddable":true,"href":"https:\/\/www.europesays.com\/si\/wp-json\/wp\/v2\/tags?post=216199"}],"curies":[{"name":"wp","href":"https:\/\/api.w.org\/{rel}","templated":true}]}}