{"id":216209,"date":"2026-09-05T00:26:16","date_gmt":"2026-09-05T00:26:16","guid":{"rendered":"https:\/\/www.europesays.com\/si\/216209\/"},"modified":"2026-09-05T00:26:16","modified_gmt":"2026-09-05T00:26:16","slug":"letalnik-zadel-sedez-ukrajinske-varnostne-sluzbe-sbu-uniceno-skladisce-who-ja-3","status":"publish","type":"post","link":"https:\/\/www.europesays.com\/si\/216209\/","title":{"rendered":"Letalnik zadel sede\u017e ukrajinske varnostne slu\u017ebe SBU. Uni\u010deno skladi\u0161\u010de WHO-ja."},"content":{"rendered":"<p>\t\t\t\t\t\t\t\t<a href=\"https:\/\/www.europesays.com\/si\/wp-content\/uploads\/2026\/09\/1788567974_655_67093193.jpg\" itemprop=\"contentUrl\" data-size=\"1200x800\" data-large=\"https:\/\/www.europesays.com\/si\/wp-content\/uploads\/2026\/09\/1788567974_655_67093193.jpg\"><br \/>\n\t\t\t\t\t\t\t\t\t<img decoding=\"async\" src=\"https:\/\/www.europesays.com\/si\/wp-content\/uploads\/2026\/09\/1788567974_655_67093193.jpg\" title=\"Sede\u017e SBU-ja v Kijevu. Foto: Reuters\" alt=\"Sede\u017e SBU-ja v Kijevu. Foto: Reuters\"\/><br \/>\n\t\t\t\t\t\t\t\t<\/a><\/p>\n<p>\t\t\t\t\t\t\t\t\tSede\u017e SBU-ja v Kijevu. Foto: Reuters<\/p>\n<p>\t\t\t\t\t\t\t<a id=\"preferredSourceBanner\" href=\"https:\/\/www.rtvslo.si\/svet\/ruski-letalnik-zadel-sedez-ukrajinske-varnostne-sluzbe-sbu-uniceno-skladisce-who-ja\/javascript:void(0)\" target=\"_blank\" class=\"d-none align-items-center justify-content-between rounded my-3\" style=\"padding: 10px 15px;\" rel=\"nofollow noopener\"><br \/>\n\t\t\t\t\t\t<img decoding=\"async\" src=\"https:\/\/img.rtvslo.si\/_static\/novi\/img\/ico-google.svg\" class=\"flex-shrink-0 mr-3\" aria-hidden=\"true\"\/><br \/>\n\t\t\t\t\t\tSpremljajte RTVSLO.si kot prednostni vir na Google<\/p>\n<p>\t\t\t\t\t<\/a><\/p>\n<p>Kijevski \u017eupan Vitalij Kli\u010dko je po poro\u010danju Guardiana dejal, da je bilo v napadu na sede\u017e SBU-ja ranjenih 12 ljudi. Ukrajinski predsednik Volodimir Zelenski je na dru\u017ebenem omre\u017eju X zapisal, da bodo vsi po\u0161kodovani prejeli potrebno oskrbo.<\/p>\n<p>Oglas<\/p>\n<p>Zelenski je dejal, da je letalnik ciljal neposredno pisarno vodje SBU-ja Oleksandra Poklada v stavbi. Dobro obve\u0161\u010deni vir je za francosko tiskovno agencijo AFP povedal, da Poklad v \u010dasu napada sicer ni bil v pisarni. Ve\u010d ulic v okolici kraja napada, od koder se je dvigal dim, je bilo po napadu zaprtih za promet.<\/p>\n<p>V napadu je bila po\u0161kodovana tudi katedrala Svete Sofije, ki stoji nasproti sede\u017ea SBU-ja in je uvr\u0161\u010dena na Unescov seznam svetovne kulturne dedi\u0161\u010dine, je poro\u010dala italijanska tiskovna agencija Ansa. V udarnem valu so bili razbiti \u0161tevilna okna in zastekljena avla v notranjosti.<\/p>\n<p>Zapisal je, da je Pokladu naro\u010dil, naj pripravi odziv, ki bo &#8220;zrcalna slika tega napada&#8221;, kar bi lahko bila napoved napada na sede\u017e ruske varnostno-obve\u0161\u010devalne slu\u017ebe FSB. Lokacijo napada so \u017ee dolo\u010dili, je dodal Zelenski.<\/p>\n<p>Ukrajinski zunanji minister Andrij Sibiga je napad na sede\u017e SBU-ja v zgodovinskem sredi\u0161\u010du Kijeva ozna\u010dil za &#8220;resno stopnjevanje, ki zahteva odlo\u010dne odzive&#8221;. V izjavi na dru\u017ebenih omre\u017ejih je izpostavil, da je Moskva napad izvedla med vnovi\u010dnimi prizadevanji za mir in s tem &#8220;razkrila, da dejansko zavra\u010da diplomacijo&#8221;.<\/p>\n<p>Napad se je namre\u010d zgodil, dva dni preden naj bi v Kijev prvi\u010d prispela posebni odposlanec ameri\u0161kega predsednika Donalda Trumpa Steve Witkoff in Trumpov zet Jared Kushner.<\/p>\n<p>Uni\u010deno skladi\u0161\u010de WHO-ja<\/p>\n<p>V zra\u010dnem napadu na Kijevsko oblast pa je bilo pono\u010di uni\u010deno eno glavnih skladi\u0161\u010d Svetovne zdravstvene organizacije (WHO) v Ukrajini, je v \u017denevi sporo\u010dil tiskovni predstavnik organizacije Christian Lindmeier.<\/p>\n<p>Izpostavil je, da so bile v uni\u010denem skladi\u0161\u010du shranjene humanitarne medicinske potreb\u0161\u010dine in zaloge. Po njegovih besedah dostop do lokacije ostaja omejen zaradi gostega dima in varnostnih razlogov, medtem ko ocenjujejo morebitno \u0161kodo in izgubo zalog. V napadu osebje WHO-ja ni bilo po\u0161kodovano, poro\u010da francoska tiskovna agencija AFP.<\/p>\n<p>Lindmeier je \u0161e dejal, da so tovrstni napadi del \u0161ir\u0161ega vzorca, ki vpliva na humanitarne operacije po vsej dr\u017eavi. Samo letos je bilo namre\u010d po dr\u017eavi izvedenih &#8220;najmanj 20 napadov na skladi\u0161\u010da s humanitarnimi zalogami, od tega 15 na skladi\u0161\u010da WHO-ja z zdravstvenimi humanitarnimi zalogami&#8221;, je opozoril.<\/p>\n<p>WHO, ki zaznava in preverja napade, sicer ne navaja, kdo je izvedel napade.<\/p>\n<p>V treh mesecih uni\u010dena tri skladi\u0161\u010da<\/p>\n<p>Lindmeier je \u0161e poudaril, da so bila v zadnjih treh mesecih v zra\u010dnih napadih uni\u010dena tri skladi\u0161\u010da, ki jih je na razli\u010dnih ukrajinskih obmo\u010djih uporabljal WHO. Pri tem je bila uni\u010dena nujna medicinska oprema, namenjena obmo\u010djem na frontni \u010drti in te\u017eko dostopnim obmo\u010djem.<\/p>\n<p>Pred dvema tednoma je bilo uni\u010deno skladi\u0161\u010de v mestu Dnipro, z njim pa tudi polovica medicinskih zalog in opreme za okoli 225.000 ljudi. \u0160e eno skladi\u0161\u010de WHO-ja pa je bilo po\u0161kodovano med julijskimi obse\u017enimi napadi v Kijevski oblasti, je dodal.<\/p>\n<p>Izpostavil je \u0161e, da &#8220;lokacije Zdru\u017eenih narodov in WHO-ja niso vpletene v spore&#8221;, kar pomeni, da so s tem, kje so, seznanjene vse sprte strani.<\/p>\n<p>WHO je ob tem v sporo\u010dilu za javnost izpostavil, da bodo kljub tem izzivom \u0161e naprej na podro\u010dju zdravstva sodelovali z ministrstvom za zdravje in drugimi partnerji v Ukrajini, da bo nujna medicinska oskrba prispela do zdravstvenih ustanov in skupnosti, ki jo potrebujejo. Dodali so, da so po zadnjih incidentih \u017ee dolo\u010dili alternativne re\u0161itve za skladi\u0161\u010denje.<\/p>\n<p>Letos je WHO dobavil opremo in medicinske pripomo\u010dke ve\u010d kot 300 zdravstvenim ustanovam po vsej dr\u017eavi, med drugim tudi bolni\u0161nicam in laboratorijem, in tako pomagal pribli\u017eno trem milijonom ljudi, so \u0161e sporo\u010dili iz WHO-ja.<\/p>\n<p>Oglas<\/p>\n","protected":false},"excerpt":{"rendered":"Sede\u017e SBU-ja v Kijevu. Foto: Reuters Spremljajte RTVSLO.si kot prednostni vir na Google Kijevski \u017eupan Vitalij Kli\u010dko je&hellip;\n","protected":false},"author":2,"featured_media":216210,"comment_status":"","ping_status":"","sticky":false,"template":"","format":"standard","meta":{"footnotes":"","_share_on_mastodon":"0"},"categories":[20],"tags":[32,35,31,34,36,421,52061,37,38,33,71,4278],"class_list":["post-216209","post","type-post","status-publish","format-standard","has-post-thumbnail","category-novice","tag-headlines","tag-najpomembnejse-novice","tag-news","tag-novice","tag-osrednje-novice","tag-rusija","tag-sbu","tag-slovene","tag-slovenscina","tag-top-stories","tag-ukrajina","tag-who"],"share_on_mastodon":{"url":"https:\/\/pubeurope.com\/@si\/117215598475248370","error":""},"_links":{"self":[{"href":"https:\/\/www.europesays.com\/si\/wp-json\/wp\/v2\/posts\/216209","targetHints":{"allow":["GET"]}}],"collection":[{"href":"https:\/\/www.europesays.com\/si\/wp-json\/wp\/v2\/posts"}],"about":[{"href":"https:\/\/www.europesays.com\/si\/wp-json\/wp\/v2\/types\/post"}],"author":[{"embeddable":true,"href":"https:\/\/www.europesays.com\/si\/wp-json\/wp\/v2\/users\/2"}],"replies":[{"embeddable":true,"href":"https:\/\/www.europesays.com\/si\/wp-json\/wp\/v2\/comments?post=216209"}],"version-history":[{"count":0,"href":"https:\/\/www.europesays.com\/si\/wp-json\/wp\/v2\/posts\/216209\/revisions"}],"wp:featuredmedia":[{"embeddable":true,"href":"https:\/\/www.europesays.com\/si\/wp-json\/wp\/v2\/media\/216210"}],"wp:attachment":[{"href":"https:\/\/www.europesays.com\/si\/wp-json\/wp\/v2\/media?parent=216209"}],"wp:term":[{"taxonomy":"category","embeddable":true,"href":"https:\/\/www.europesays.com\/si\/wp-json\/wp\/v2\/categories?post=216209"},{"taxonomy":"post_tag","embeddable":true,"href":"https:\/\/www.europesays.com\/si\/wp-json\/wp\/v2\/tags?post=216209"}],"curies":[{"name":"wp","href":"https:\/\/api.w.org\/{rel}","templated":true}]}}