{"id":216221,"date":"2026-09-05T00:44:11","date_gmt":"2026-09-05T00:44:11","guid":{"rendered":"https:\/\/www.europesays.com\/si\/216221\/"},"modified":"2026-09-05T00:44:11","modified_gmt":"2026-09-05T00:44:11","slug":"ostrostrelec-marosa-zagotovil-nafti-zmago-nad-radomljani-3","status":"publish","type":"post","link":"https:\/\/www.europesays.com\/si\/216221\/","title":{"rendered":"Ostrostrelec Maro\u0161a zagotovil Nafti zmago nad Radomljani"},"content":{"rendered":"<p>\t\t\t\t\t\t\t\t<a href=\"https:\/\/www.europesays.com\/si\/wp-content\/uploads\/2026\/09\/1788569050_9_67093295.jpg\" itemprop=\"contentUrl\" data-size=\"1200x800\" data-large=\"https:\/\/www.europesays.com\/si\/wp-content\/uploads\/2026\/09\/1788569050_9_67093295.jpg\"><br \/>\n\t\t\t\t\t\t\t\t\t<img decoding=\"async\" src=\"https:\/\/www.europesays.com\/si\/wp-content\/uploads\/2026\/09\/1788569050_9_67093295.jpg\" title=\"Amadej Maro\u0161a je v leto\u0161nji sezoni \u017ee \u0161estkrat zatresel mre\u017eo. Foto: www.alesfevzer.com\" alt=\"Amadej Maro\u0161a je v leto\u0161nji sezoni \u017ee \u0161estkrat zatresel mre\u017eo. Foto: www.alesfevzer.com\"\/><br \/>\n\t\t\t\t\t\t\t\t<\/a><\/p>\n<p>\t\t\t\t\t\t\t\t\tAmadej Maro\u0161a je v leto\u0161nji sezoni \u017ee \u0161estkrat zatresel mre\u017eo. Foto: www.alesfevzer.com<\/p>\n<p>\t\t\t\t\t\t\t<a id=\"preferredSourceBanner\" href=\"https:\/\/www.rtvslo.si\/sport\/nogomet\/prva-liga\/ostrostrelec-marosa-zagotovil-nafti-zmago-nad-radomljani\/javascript:void(0)\" target=\"_blank\" class=\"d-none align-items-center justify-content-between rounded my-3\" style=\"padding: 10px 15px;\" rel=\"nofollow noopener\"><br \/>\n\t\t\t\t\t\t<img decoding=\"async\" src=\"https:\/\/img.rtvslo.si\/_static\/novi\/img\/ico-google.svg\" class=\"flex-shrink-0 mr-3\" aria-hidden=\"true\"\/><br \/>\n\t\t\t\t\t\tSpremljajte RTVSLO.si kot prednostni vir na Google<\/p>\n<p>\t\t\t\t\t<\/a><\/p>\n<p>Nafta se je z desetimi to\u010dkami vsaj za\u010dasno prebila v zgornji del lestvice, Radomlje pa s petimi ostajajo na zadnjem mestu.<\/p>\n<p>Oglas<\/p>\n<p>Radomljane je sredi tedna zapustil kapetan Andrej Poga\u010dar. Eden od proizvodov mladinske \u0161ole rumeno-\u010drnih se je preselil v Italijo k Catanzaru. Ekipa, ki nastopa v Serie B, je bila lani za las prekratka za preboj v elitno dru\u0161\u010dino. Poga\u010dar se je od mlinarjev poslovil po jubilejnih 150 nastopih.<\/p>\n<p>Radomljani neu\u010dinkoviti v prvem pol\u010dasu<br \/>Lendav\u010dani so odlo\u010dno za\u010deli in v 7. minuti zapravili prvo veliko prilo\u017enost prek Luke Poredo\u0161a. Radomljani so bili v nadaljevanju ve\u010d pri \u017eogi, vendar niso bili nevarni. V 29. minuti so pri\u0161li do obetavnega zaklju\u010dnega strela, vendar je poskus Ja\u0161e Martin\u010di\u010da z ve\u010d kot 20 metrov ustavil Lucas Erjav\u0161ek. Martin\u010di\u010d je bil v ugodnem polo\u017eaju tudi v 37. minuti, a slabo kon\u010dal obetavno akcijo, v 39. pa mu je doma\u010di vratar znova obranil poskus.<\/p>\n<p>Maro\u0161a unov\u010dil podajo Zorice<br \/>V uvodu drugega pol\u010dasa so Lendav\u010dani povedli, ko je v 51. minuti po lepo izpeljani akciji Maro\u0161a iz bli\u017eine potisnil \u017eogo v mre\u017eo po podaji Josipa Ivana Zorice.<\/p>\n<p>Ikenna hitro izena\u010dil<br \/>Toda vodstvo ni dolgo trajalo. Divine Igwe Ikenna je v 53. minuti izena\u010dil s strelom z dobrih desetih metrov po Martin\u010di\u010devi podaji z leve strani.<\/p>\n<p>Nov zadetek izjemnega Maro\u0161e<br \/>Maro\u0161a je v 56. minuti znova poskrbel za vodstvo Lendav\u010danov, ko si je lepo priigral prostor za strel v kazenskem prostoru. S tem je zdaj pri \u0161estih zadetkih v Prvi ligi v tej sezoni in na vrhu strelske lestvice.<\/p>\n<p>Tudi Rok Pirtov\u0161ek je po uri igre ogrozil Sama Pridgarja v vratih gostov, deset minut zatem pa so doma\u010di zahtevali enajstmetrovko po padcu Poredo\u0161a v kazenskem prostoru, a neuspe\u0161no.<\/p>\n<p>Zorica postavil kon\u010dni izid<br \/>Odlo\u010ditev je padla v 77. minuti. Luka Pihler je preigraval v kazenskem prostoru in \u017eogo oddal do Zorice, ki jo je s petih metrov poslal v mre\u017eo za kon\u010dni rezultat 3:1. V 84. minuti je dvakrat posredoval gostujo\u010di \u010duvaj mre\u017ee Pridgar in tako prepre\u010dil \u0161e vi\u0161jo zmago razigrane Nafte.<\/p>\n<p>8. krog: <br \/>NAFTA 1903 \u2013 KALCER RADOMLJE 3:1 (0:0)<br \/>1000; Maro\u0161a 51., 56., Zorica 77.; Ikenna 53.  <\/p>\n<p>Sodnik: Bla\u017e Bezjak (Ptuj)<\/p>\n<p>Sobota ob 17.30: <br \/>ALUMINIJ \u2013 BRAVO<\/p>\n<p>Ob 20.15: <br \/>OLIMPIJA \u2013 BRINJE GROSUPLJE<\/p>\n<p>Nedelja ob 17.30: <br \/>MARIBOR \u2013 MURA<\/p>\n<p>Ob 20.15: <br \/>CELJE \u2013 KOPER<\/p>\n<p>Lestvica:<br \/>\nMARIBOR              7  4 3 0 13:5  15<br \/>\nKOPER                7  3 3 1  7:5  12<br \/>\nCELJE                6  3 2 1 10:8  11<br \/>\nBRAVO                7  3 2 2  8:8  11<br \/>\nNAFTA 1903           8  3 1 4 15:13 10<br \/>\nALUMINIJ             7  2 2 3  8:8   8<br \/>\nBRINJE GROSUPLJE     7  2 2 3 11:12  8<br \/>\nOLIMPIJA             7  2 2 3  3:5   8<br \/>\nMURA                 7  2 1 4  8:14  7<br \/>\nKALCER RADOMLJE      7  1 2 4  8:13  5 <\/p>\n<p>Oglas<\/p>\n","protected":false},"excerpt":{"rendered":"Amadej Maro\u0161a je v leto\u0161nji sezoni \u017ee \u0161estkrat zatresel mre\u017eo. Foto: www.alesfevzer.com Spremljajte RTVSLO.si kot prednostni vir na&hellip;\n","protected":false},"author":2,"featured_media":216222,"comment_status":"","ping_status":"","sticky":false,"template":"","format":"standard","meta":{"footnotes":"","_share_on_mastodon":"0"},"categories":[20],"tags":[52683,32,266,35,31,34,36,52684,37,38,33],"class_list":["post-216221","post","type-post","status-publish","format-standard","has-post-thumbnail","category-novice","tag-amadej-marosa","tag-headlines","tag-kalcer-radomlje","tag-najpomembnejse-novice","tag-news","tag-novice","tag-osrednje-novice","tag-samo-pridgar","tag-slovene","tag-slovenscina","tag-top-stories"],"share_on_mastodon":{"url":"https:\/\/pubeurope.com\/@si\/117215668976080847","error":""},"_links":{"self":[{"href":"https:\/\/www.europesays.com\/si\/wp-json\/wp\/v2\/posts\/216221","targetHints":{"allow":["GET"]}}],"collection":[{"href":"https:\/\/www.europesays.com\/si\/wp-json\/wp\/v2\/posts"}],"about":[{"href":"https:\/\/www.europesays.com\/si\/wp-json\/wp\/v2\/types\/post"}],"author":[{"embeddable":true,"href":"https:\/\/www.europesays.com\/si\/wp-json\/wp\/v2\/users\/2"}],"replies":[{"embeddable":true,"href":"https:\/\/www.europesays.com\/si\/wp-json\/wp\/v2\/comments?post=216221"}],"version-history":[{"count":0,"href":"https:\/\/www.europesays.com\/si\/wp-json\/wp\/v2\/posts\/216221\/revisions"}],"wp:featuredmedia":[{"embeddable":true,"href":"https:\/\/www.europesays.com\/si\/wp-json\/wp\/v2\/media\/216222"}],"wp:attachment":[{"href":"https:\/\/www.europesays.com\/si\/wp-json\/wp\/v2\/media?parent=216221"}],"wp:term":[{"taxonomy":"category","embeddable":true,"href":"https:\/\/www.europesays.com\/si\/wp-json\/wp\/v2\/categories?post=216221"},{"taxonomy":"post_tag","embeddable":true,"href":"https:\/\/www.europesays.com\/si\/wp-json\/wp\/v2\/tags?post=216221"}],"curies":[{"name":"wp","href":"https:\/\/api.w.org\/{rel}","templated":true}]}}