{"id":216225,"date":"2026-09-05T00:47:18","date_gmt":"2026-09-05T00:47:18","guid":{"rendered":"https:\/\/www.europesays.com\/si\/216225\/"},"modified":"2026-09-05T00:47:18","modified_gmt":"2026-09-05T00:47:18","slug":"po-jeseniskih-hribih-pohod-do-sedla-rozca-in-prijateljsko-srecanje-dogodki-v-obcini-jesenice","status":"publish","type":"post","link":"https:\/\/www.europesays.com\/si\/216225\/","title":{"rendered":"Po jeseni\u0161kih hribih &#8211; Pohod do sedla Ro\u017eca in prijateljsko sre\u010danje &#8211; dogodki v ob\u010dini Jesenice"},"content":{"rendered":"<p>Vabimo vas, da se nam v soboto, 12. septembra 2026, pridru\u017eite na brezpla\u010dnem vodenem izletu na sedlo Ro\u017eca, ki ga bomo zdru\u017eili s prijetnim prijateljskim sre\u010danjem.<\/p>\n<p>Zbor: ob 8.50 uri na Rogarjevem rovtu\u00a0<\/p>\n<p>Pot: Rogarjev rovt \u2013 Hru\u0161\u010danska planina \u2013 sedlo Ro\u017eca<\/p>\n<p>Vi\u0161inska razlika: pribli\u017eno 400 m\u00a0<\/p>\n<p>\u010cas hoje do sedla Ro\u017eca: pribli\u017eno 1,5 ure\u00a0<\/p>\n<p>Oprema: primerna pohodni\u0161ka obutev<\/p>\n<p>Na sedlu Ro\u017eca bo ob 11.00 uri potekalo prijateljsko sre\u010danje ob\u010danov Ob\u010dine Jesenice in Ob\u010dine \u0160entjakob v Ro\u017eu, po koncu uradnega dela pa bo sledilo dru\u017eenje pri ko\u010di na avstrijski strani. Skupni povratek v dogovoru z vodnikom.<\/p>\n<p>Pohod vodi: PD Jesenice, Urban Nagode<br \/>Organizator: Razvojna agencija Zgornje Gorenjske<\/p>\n<p>Prijave: jelka.popovic@ragor.si\u00a0<\/p>\n<p>Informacije: 04 581 34 03<\/p>\n<p>Rok za prijavo: petek, 11. september 2026<\/p>\n<p>Vabljeni, da se nam pridru\u017eite na prijetnem pohodu, v dobri dru\u017ebi in ob \u010dudovitih razgledih!\u00a0<\/p>\n<p style=\"font-weight:300;text-align:start\">\u00a0<\/p>\n<p style=\"font-weight:300;text-align:start\">Fotografija: Miro Podgor\u0161ek<\/p>\n","protected":false},"excerpt":{"rendered":"Vabimo vas, da se nam v soboto, 12. septembra 2026, pridru\u017eite na brezpla\u010dnem vodenem izletu na sedlo Ro\u017eca,&hellip;\n","protected":false},"author":2,"featured_media":216226,"comment_status":"","ping_status":"","sticky":false,"template":"","format":"standard","meta":{"footnotes":"","_share_on_mastodon":"0"},"categories":[29],"tags":[162,157,163,166,204,164,161,124,159,150,154,155,153,34,158,52741,156,62,37,58,60,38,160,165],"class_list":["post-216225","post","type-post","status-publish","format-standard","has-post-thumbnail","category-jesenice","tag-celje","tag-dogodki","tag-domzale","tag-gorenjska","tag-jesenice","tag-kamnik","tag-koper","tag-ljubljana","tag-lokalno","tag-maribor","tag-moja-obcina","tag-mojaobcina","tag-mojaobcina-si","tag-novice","tag-obcina","tag-po-jeseniskih-hribih-pohod-do-sedla-rozca-in-prijateljsko-srecanje","tag-prireditve","tag-si","tag-slovene","tag-slovenia","tag-slovenija","tag-slovenscina","tag-upravna-enota","tag-velenje"],"share_on_mastodon":{"url":"https:\/\/pubeurope.com\/@si\/117215680615272946","error":""},"_links":{"self":[{"href":"https:\/\/www.europesays.com\/si\/wp-json\/wp\/v2\/posts\/216225","targetHints":{"allow":["GET"]}}],"collection":[{"href":"https:\/\/www.europesays.com\/si\/wp-json\/wp\/v2\/posts"}],"about":[{"href":"https:\/\/www.europesays.com\/si\/wp-json\/wp\/v2\/types\/post"}],"author":[{"embeddable":true,"href":"https:\/\/www.europesays.com\/si\/wp-json\/wp\/v2\/users\/2"}],"replies":[{"embeddable":true,"href":"https:\/\/www.europesays.com\/si\/wp-json\/wp\/v2\/comments?post=216225"}],"version-history":[{"count":0,"href":"https:\/\/www.europesays.com\/si\/wp-json\/wp\/v2\/posts\/216225\/revisions"}],"wp:featuredmedia":[{"embeddable":true,"href":"https:\/\/www.europesays.com\/si\/wp-json\/wp\/v2\/media\/216226"}],"wp:attachment":[{"href":"https:\/\/www.europesays.com\/si\/wp-json\/wp\/v2\/media?parent=216225"}],"wp:term":[{"taxonomy":"category","embeddable":true,"href":"https:\/\/www.europesays.com\/si\/wp-json\/wp\/v2\/categories?post=216225"},{"taxonomy":"post_tag","embeddable":true,"href":"https:\/\/www.europesays.com\/si\/wp-json\/wp\/v2\/tags?post=216225"}],"curies":[{"name":"wp","href":"https:\/\/api.w.org\/{rel}","templated":true}]}}