{"id":216231,"date":"2026-09-05T01:02:14","date_gmt":"2026-09-05T01:02:14","guid":{"rendered":"https:\/\/www.europesays.com\/si\/216231\/"},"modified":"2026-09-05T01:02:14","modified_gmt":"2026-09-05T01:02:14","slug":"marta-kos-odpovedala-obisk-beograda-vucic-njen-zapis-oznacil-za-neumen","status":"publish","type":"post","link":"https:\/\/www.europesays.com\/si\/216231\/","title":{"rendered":"Marta Kos odpovedala obisk Beograda, Vu\u010di\u0107 njen zapis ozna\u010dil za neumen"},"content":{"rendered":"<p>Posmrtni ostanki bosansko-srbskega vojnega zlo\u010dinca Ratka Mladi\u0107a so <a href=\"https:\/\/www.delo.si\/novice\/svet\/posmrtni-ostanki-ratka-mladica-naj-bi-danes-prispeli-v-srbijo\" target=\"_blank\" rel=\"nofollow noopener\">v \u010detrtek prispeli\u00a0v Srbijo<\/a>, kjer so jih sprejeli z voja\u0161kimi \u010dastmi. Krsto, zavito v srbsko zastavo, je po prihodu iz Haaga iz letala neslo \u0161est vojakov\u00a0v spremstvu Mladi\u0107evega sina Darka in srbskega pravosodnega ministra Nenada Vuji\u0107a. Truplo so nato s policijskim spremstvom odpeljali z letali\u0161\u010da v beograjsko voja\u0161ko bolni\u0161nico, poro\u010da francoska tiskovna agencija AFP, ki se sklicuje na srbske medije.<\/p>\n<p>Evropska komisarka za \u0161iritev Marta Kos je zaradi dogajanja v Srbiji odpovedala obisk v tej dr\u017eavi, kandidatki za \u010dlanstvo v EU. Kot je zapisala na dru\u017ebenem omre\u017eju X, poveli\u010devanje, ki spremlja Mladi\u0107evo smrt, ni v skladu z evropskimi vrednotami.<\/p>\n<p>Srbski predsednik Aleksandar Vu\u010di\u0107, ki je napovedal, da se Mladi\u0107evega pogreba ne bo udele\u017eil, je njen zapis na X ozna\u010dil za\u00a0neumen. Kot navaja portal N1 Srbija, je glede njenih navedb izjavil:\u00a0\u00bbPojasnilo je bilo izjemno kratko, a neumno, kot ponavadi. \u2018Poveli\u010devanje\u2019 generala Ratka Mladi\u0107a, le da ne pove, kdo je sploh karkoli poveli\u010deval. In ko ne morejo najti ni\u010desar konkretnega, se ukvarjajo s podvozi in nadvozi. O\u010ditno bi morali ljudem prepovedati, da se pojavijo, morali bi prepovedati pogreb in delati pasja pokopali\u0161\u010da,\u00ab je dejal novinarjem.<\/p>\n<p>Mladi\u0107ev sin meni, da so ga ubili<\/p>\n<p>Njegov sin\u00a0Darko Mladi\u0107\u00a0pa je danes izjavil, da so po mnenju njegove dru\u017eine Mladi\u0107a v zaporu ubili z malomarnim zdravljenjem in namernim dajanjem mo\u010dnih opiatov.<\/p>\n<p>Povedal je, da\u00a0je bil njegov o\u010de v Haagu dele\u017een dobre oskrbe, kar pa ni isto kot zdravljenje. \u00bb\u010cloveka lahko nastanite v hotelu s sedmimi zvezdicami in mu ponudite najbolj\u0161o hrano ter najbolj\u0161o oskrbo, a \u010de ga ne zdravite pravilno, ga ne morete re\u0161iti,\u00ab je povedal po poro\u010danju Tanjuga. Mladi\u0107 je umrl prej\u0161nji teden med prestajanjem dosmrtne zaporne kazni zaradi genocida, vojnih zlo\u010dinov in zlo\u010dinov proti \u010dlove\u010dnosti med vojno v Bosni med letoma 1992 in 1995. Srbski provladni mediji so predvajali posnetke ve\u010d deset ljudi, ve\u010dinoma mladih mo\u0161kih, zbranih na nadvozih \u010dez avtocesto, ki so razkazovali transparente v \u010dast Mladi\u0107u in pri\u017eigali bakle, ko je mimo peljal konvoj s posmrtnimi ostanki.<\/p>\n<p><img decoding=\"async\" class=\"article__img-tag-visible\" src=\"https:\/\/www.europesays.com\/si\/wp-content\/uploads\/2026\/09\/3716978.width-660.format-webp.webp\" alt=\"Srbski provladni mediji so predvajali posnetke ve\u010d deset ljudi, ve\u010dinoma mladih mo\u0161kih, zbranih na nadvozih \u010dez avtocesto, ki so razkazovali transparente v \u010dast Mladi\u0107u in pri\u017eigali bakle, ko je mimo peljal konvoj s posmrtnimi ostanki. FOTO: Pedja Milosavljevic\/AFP\" img_id=\"15066682\" data-img-id=\"15066682\"\/><\/p>\n<p>Srbski provladni mediji so predvajali posnetke ve\u010d deset ljudi, ve\u010dinoma mladih mo\u0161kih, zbranih na nadvozih \u010dez avtocesto, ki so razkazovali transparente v \u010dast Mladi\u0107u in pri\u017eigali bakle, ko je mimo peljal konvoj s posmrtnimi ostanki. FOTO: Pedja Milosavljevic\/AFP<\/p>\n<p>Kakor je poro\u010dal sarajevski portal\u00a0Avaz,\u00a0bo \u017ealna komemoracija za Mladi\u0107em potekala v soboto opoldne v Domu vojske v Beogradu. Mladi\u0107evo truplo bo\u00a0nato v ponedeljek med 9. in 12.30 le\u017ealo v cerkvi svetega Luke v beograjski soseski Vidikovac. Po pogrebnem obredu ob 12.35 bo sledil \u0161e sprevod proti pokopali\u0161\u010du Top\u010dider, kjer ga bodo pokopali; tam je pokopana tudi njegova h\u010di Ana.<\/p>\n<p>Srbski predsednik Aleksandar Vu\u010di\u0107 je v \u010detrtek izjavil, da bo dr\u017eava zagotovila vso logisti\u010dno in transportno podporo\u00a0ter da pri\u010dakuje, da se bo na pogrebu zbralo ve\u010d deset tiso\u010d ljudi. Dodal je \u0161e, da bo pogreb \u00bbdostojanstven in v skladu z \u017eeljami dru\u017eine\u00ab. Pravosodni minister\u00a0Vuji\u0107\u00a0pa je \u017ee prej\u0161nji teden ob novici o Mladi\u0107evi smrti dejal, da bo kot general \u00bbprejel vse voja\u0161ke in dr\u017eavne \u010dasti, do katerih je upravi\u010den\u00ab.<\/p>\n<p>Srbski vladni uradnik, ki je \u017eelel ostati anonimen, je za bruseljski portal Politico povedal, da dr\u017eava ni neposredno vpletena v ponedeljkovo dogajanje. \u00bbSpominskega sre\u010danja ne organizira ministrstvo za obrambo ali general\u0161tab srbskih oboro\u017eenih sil, temve\u010d zdru\u017eenje upokojenih generalov,\u00ab je povedal in dodal, da Mladi\u0107 ne bo dele\u017een voja\u0161ki \u010dasti.<\/p>\n<p>Marta Kos: Upam, da se vlada v Beogradu zaveda, kaj je na kocki<\/p>\n<p>Evropska komisarka za \u0161iritev Marta Kos je \u017ee v ponedeljek kritizirala na\u010drte srbskih oblasti za pogreb Ratka Mladi\u0107a\u00a0z dr\u017eavnimi \u010dastmi. \u00bbKar se ti\u010de Ratka Mladi\u0107a, je poveli\u010devanje vojnih zlo\u010dincev v nasprotju s temeljnimi evropskimi vrednotami in nima mesta v Evropski uniji ali v dr\u017eavah, ki si prizadevajo postati \u010dlanice,\u00ab\u00a0je ob robu Blejskega strate\u0161kega foruma dejala Kosova. \u00bbUpam, da se vlada v Beogradu zaveda, kaj je na kocki,\u00ab je dodala.<\/p>\n<p><img decoding=\"async\" class=\"article__img-tag-visible\" src=\"https:\/\/www.europesays.com\/si\/wp-content\/uploads\/2026\/09\/3717305.width-660.format-webp.webp\" alt=\"European Enlargement Commissioner Marta Kos attends a forum supporting Ukraine's EU accession reforms, amid Russia's attack on Ukraine, in Kyiv, Ukraine, June 8, 2026. REUTERS\/Alina Smutko Foto Alina Smutko Reuters\" img_id=\"15068462\" data-img-id=\"15068462\"\/><\/p>\n<p>European Enlargement Commissioner Marta Kos attends a forum supporting Ukraine&#8217;s EU accession reforms, amid Russia&#8217;s attack on Ukraine, in Kyiv, Ukraine, June 8, 2026. REUTERS\/Alina Smutko Foto Alina Smutko Reuters<\/p>\n<p>\u00bbZelo pozorno opazujemo situacijo\u00a0&#8230; in videli bomo, kaj se bo zgodilo v naslednjih dneh, videli bomo tudi dejanja vlade,\u00ab je komisarka povedala za bruseljski\u00a0Politico. \u00bbZa Srbijo je zagotovo mesto v EU, vendar [EU] ne zahteva le izvajanja reform. Strate\u0161ka zavezni\u0161tva ali strate\u0161ka usmeritev na podro\u010dju skupne varnosti in zunanje politike postaja vse bolj pomembna.\u00ab<\/p>\n<p>Hrva\u0161ki premier Andrej Plenkovi\u0107\u00a0je bil bolj neposreden, ko je dejal, da si bo \u00bbSrbija, \u010de bo\u00a0organizirala dr\u017eavni pogreb za Mladi\u0107a, zaprla vrata v Evropsko unijo\u00ab.<\/p>\n<p>Oglasil se je tudi komisar Sveta Evrope za \u010dlovekove pravice Michael O&#8217;Flaherty\u00a0in izrazil\u00a0ogor\u010denje nad dejanji v Srbiji in Republiki Srbski. \u00bbGnusi se mi javno\u00a0poveli\u010devanje\u00a0Ratka Mladi\u0107a, pokojnega vojnega zlo\u010dinca, obsojenega za genocid v Srebrenici in zlo\u010dine proti \u010dlove\u0161tvu, vklju\u010dno z izjavami uradnikov v bosansko-hercegovski entiteti Republika Srbska in v Srbiji. Tak\u0161no poveli\u010devanje predstavlja kaznivo dejanje po zakonodaji Bosne in Hercegovine in ni za\u0161\u010diteni\u00a0govor po evropski konvenciji o \u010dlovekovih pravicah. Pozivam vse oblasti, naj se uprejo poveli\u010devanju obsojenih vojnih zlo\u010dincev in izpolnijo svoje zakonske obveznosti, da zagotovijo odgovornost, za\u0161\u010ditijo pravice \u017ertev in ohranijo pravi\u010dnost,\u00ab je zapisal.<\/p>\n<p><img decoding=\"async\" class=\"article__img-tag-visible\" src=\"https:\/\/www.europesays.com\/si\/wp-content\/uploads\/2026\/09\/3716992.width-660.format-webp.webp\" alt=\"Na haa\u0161kem sodi\u0161\u010du je bil obsojen zaradi grozodejstev, storjenih med vojno v Bosni, v kateri je bilo ubitih pribli\u017eno 100.000 ljudi, 2,2 milijona pa jih je bilo prisiljenih zapustiti svoje domove. Na arhivski fotografiji pokopali\u0161\u010de \u017ertev poboja v Srebrenici\u00a0v Poto\u010darih. FOTO: Amel Emric\/Reuters\" img_id=\"15066772\" data-img-id=\"15066772\"\/><\/p>\n<p>Na haa\u0161kem sodi\u0161\u010du je bil obsojen zaradi grozodejstev, storjenih med vojno v Bosni, v kateri je bilo ubitih pribli\u017eno 100.000 ljudi, 2,2 milijona pa jih je bilo prisiljenih zapustiti svoje domove. Na arhivski fotografiji pokopali\u0161\u010de \u017ertev poboja v Srebrenici\u00a0v Poto\u010darih. FOTO: Amel Emric\/Reuters<\/p>\n<p>Mladi\u0107 je bil voja\u0161ki obraz brutalnega vodstva ob nekdanjem politi\u010dnem voditelju bosanskih Srbov Radovanu Karad\u017ei\u0107u in nekdanjem jugoslovanskem predsedniku Slobodanu Milo\u0161evi\u0107u. Na haa\u0161kem sodi\u0161\u010du je bil obsojen zaradi grozodejstev, storjenih med vojno v Bosni, v kateri je bilo ubitih pribli\u017eno 100.000 ljudi, 2,2 milijona pa jih je bilo prisiljenih zapustiti svoje domove.<\/p>\n<p>Zaradi vloge pri pobojih si je prislu\u017eil vzdevka\u00a0<a href=\"https:\/\/www.delo.si\/magazin\/svet-so-ljudje\/guardian-po-smrti-mladica-klavec-je-odsel-a-za-mnoge-je-se-vedno-junak\" target=\"_blank\" rel=\"nofollow noopener\">\u00bbMesar Bosne\u00ab in \u00bbBalkanski klavec\u00ab<\/a>, \u0161e posebej zaradi pokola\u00a0Bo\u0161njakov v Srebrenici, najhuj\u0161em vojnem zlo\u010dinu v Evropi po drugi svetovni vojni.<\/p>\n","protected":false},"excerpt":{"rendered":"Posmrtni ostanki bosansko-srbskega vojnega zlo\u010dinca Ratka Mladi\u0107a so v \u010detrtek prispeli\u00a0v Srbijo, kjer so jih sprejeli z voja\u0161kimi&hellip;\n","protected":false},"author":2,"featured_media":216232,"comment_status":"","ping_status":"","sticky":false,"template":"","format":"standard","meta":{"footnotes":"","_share_on_mastodon":"0"},"categories":[20],"tags":[2273,19782,32,35,31,34,36,11691,19584,37,38,780,33,5805],"class_list":["post-216231","post","type-post","status-publish","format-standard","has-post-thumbnail","category-novice","tag-bosna-in-hercegovina","tag-haasko-sodisce","tag-headlines","tag-najpomembnejse-novice","tag-news","tag-novice","tag-osrednje-novice","tag-pogreb","tag-ratko-mladic","tag-slovene","tag-slovenscina","tag-srbija","tag-top-stories","tag-vojni-zlocini"],"share_on_mastodon":{"url":"https:\/\/pubeurope.com\/@si\/117215739717697464","error":""},"_links":{"self":[{"href":"https:\/\/www.europesays.com\/si\/wp-json\/wp\/v2\/posts\/216231","targetHints":{"allow":["GET"]}}],"collection":[{"href":"https:\/\/www.europesays.com\/si\/wp-json\/wp\/v2\/posts"}],"about":[{"href":"https:\/\/www.europesays.com\/si\/wp-json\/wp\/v2\/types\/post"}],"author":[{"embeddable":true,"href":"https:\/\/www.europesays.com\/si\/wp-json\/wp\/v2\/users\/2"}],"replies":[{"embeddable":true,"href":"https:\/\/www.europesays.com\/si\/wp-json\/wp\/v2\/comments?post=216231"}],"version-history":[{"count":0,"href":"https:\/\/www.europesays.com\/si\/wp-json\/wp\/v2\/posts\/216231\/revisions"}],"wp:featuredmedia":[{"embeddable":true,"href":"https:\/\/www.europesays.com\/si\/wp-json\/wp\/v2\/media\/216232"}],"wp:attachment":[{"href":"https:\/\/www.europesays.com\/si\/wp-json\/wp\/v2\/media?parent=216231"}],"wp:term":[{"taxonomy":"category","embeddable":true,"href":"https:\/\/www.europesays.com\/si\/wp-json\/wp\/v2\/categories?post=216231"},{"taxonomy":"post_tag","embeddable":true,"href":"https:\/\/www.europesays.com\/si\/wp-json\/wp\/v2\/tags?post=216231"}],"curies":[{"name":"wp","href":"https:\/\/api.w.org\/{rel}","templated":true}]}}