{"id":216233,"date":"2026-09-05T01:14:16","date_gmt":"2026-09-05T01:14:16","guid":{"rendered":"https:\/\/www.europesays.com\/si\/216233\/"},"modified":"2026-09-05T01:14:16","modified_gmt":"2026-09-05T01:14:16","slug":"mbappe-zapravil-najstrozjo-kazen-poraz-reala-v-sevilli","status":"publish","type":"post","link":"https:\/\/www.europesays.com\/si\/216233\/","title":{"rendered":"Mbappe zapravil najstro\u017ejo kazen &#8211; poraz Reala v Sevilli"},"content":{"rendered":"<p>\t\t\t\t\t\t\t\t<a href=\"https:\/\/www.europesays.com\/si\/wp-content\/uploads\/2026\/09\/67093585.jpg\" itemprop=\"contentUrl\" data-size=\"1200x800\" data-large=\"https:\/\/www.europesays.com\/si\/wp-content\/uploads\/2026\/09\/67093585.jpg\"><br \/>\n\t\t\t\t\t\t\t\t\t<img decoding=\"async\" src=\"https:\/\/www.europesays.com\/si\/wp-content\/uploads\/2026\/09\/67093585.jpg\" title=\"Troy Parrott je poskrbel za odmevno zmago Betisa. Foto: EPA\" alt=\"Troy Parrott je poskrbel za odmevno zmago Betisa. Foto: EPA\"\/><br \/>\n\t\t\t\t\t\t\t\t<\/a><\/p>\n<p>\t\t\t\t\t\t\t\t\tTroy Parrott je poskrbel za odmevno zmago Betisa. Foto: EPA<\/p>\n<p>\t\t\t\t\t\t\t\t<a href=\"https:\/\/www.europesays.com\/si\/wp-content\/uploads\/2026\/09\/67093596.jpg\" itemprop=\"contentUrl\" data-size=\"1200x800\" data-large=\"https:\/\/www.europesays.com\/si\/wp-content\/uploads\/2026\/09\/67093596.jpg\"><br \/>\n\t\t\t\t\t\t\t\t\t<img decoding=\"async\" src=\"https:\/\/www.europesays.com\/si\/wp-content\/uploads\/2026\/09\/67093596.jpg\" title=\"Jose Mourinho je bil jezen po koncu tekme. Foto: EPA\" alt=\"Jose Mourinho je bil jezen po koncu tekme. Foto: EPA\"\/><br \/>\n\t\t\t\t\t\t\t\t<\/a><\/p>\n<p>\t\t\t\t\t\t\t\t\tJose Mourinho je bil jezen po koncu tekme. Foto: EPA<\/p>\n<p>\t\t\t\t\t\t\t<a id=\"preferredSourceBanner\" href=\"https:\/\/www.rtvslo.si\/sport\/nogomet\/spansko-nogometno-prvenstvo\/mbappe-zapravil-najstrozjo-kazen-poraz-reala-v-sevilli\/javascript:void(0)\" target=\"_blank\" class=\"d-none align-items-center justify-content-between rounded my-3\" style=\"padding: 10px 15px;\" rel=\"nofollow noopener\"><br \/>\n\t\t\t\t\t\t<img decoding=\"async\" src=\"https:\/\/img.rtvslo.si\/_static\/novi\/img\/ico-google.svg\" class=\"flex-shrink-0 mr-3\" aria-hidden=\"true\"\/><br \/>\n\t\t\t\t\t\tSpremljajte RTVSLO.si kot prednostni vir na Google<\/p>\n<p>\t\t\t\t\t<\/a><\/p>\n<p>Kraljevi klub, ki je sezono za\u010del s tremi zmagami, je imel ve\u010d prilo\u017enosti v prvem pol\u010dasu. Vinicius Junior je po \u010detrt ure zadel zunanji del vratnice. Tri minute pred odmorom je Marc Bartra v zadnjem trenutku blokiral strel Kyliana Mbappeja. Vratar Betisa Alvaro Valles je imel sijajen ve\u010der, ve\u010dkrat se je izkazal z odli\u010dnimi posredovanji. <\/p>\n<p>Oglas<\/p>\n<p>Trener Madrid\u010danov Jose Mourinho je sredi drugega pol\u010dasa opravil tri menjave. V igro je poslal Bernarda Silvo, Trenta Alexandra-Arnolda in hitrega Yana Diomandeja, ki je pri\u0161el poleti iz Leipziga. <\/p>\n<p>\t\t\t\t\t\t\t\t<a href=\"https:\/\/www.europesays.com\/si\/wp-content\/uploads\/2026\/09\/67093584.jpg\" itemprop=\"contentUrl\" data-size=\"1200x800\" data-large=\"https:\/\/www.europesays.com\/si\/wp-content\/uploads\/2026\/09\/67093584.jpg\"><br \/>\n\t\t\t\t\t\t\t\t\t<img decoding=\"async\" src=\"https:\/\/www.europesays.com\/si\/wp-content\/uploads\/2026\/09\/67093584.jpg\" title=\"Vratar Alvaro Valles je bil junak ve\u010dera na stadionu La Cartuja. Foto: EPA\" alt=\"Vratar Alvaro Valles je bil junak ve\u010dera na stadionu La Cartuja. Foto: EPA\"\/><br \/>\n\t\t\t\t\t\t\t\t<\/a><\/p>\n<p>\t\t\t\t\t\t\t\t\tVratar Alvaro Valles je bil junak ve\u010dera na stadionu La Cartuja. Foto: EPA<\/p>\n<p>Rezervist Parrott na pravem mestu <br \/>Parrott, ki je v 68. minuti zamenjal Cucha Hernandeza, je v 81. minuti poskrbel za vodstvo Betisa. Po podaji iz kota je Nelson Deossa mo\u010dno streljal z glavo, Thibaut Courtois je \u017eogo odbil, a jo je Parrott iz bli\u017eine potisnil v mre\u017eo. <\/p>\n<p>Real je v zadnjih minutah mo\u010dno pritisnil. Mbappe je v 85. minuti zadel pre\u010dko, ko je sku\u0161al podati pred vrata. <\/p>\n<p>Mojstrovina Espija razveljavljena zaradi prepovedanega polo\u017eaja<br \/>V 89. minuti je Vinicius Junior podal z leve strani, Carlos Espi pa je s \u0161karjicami poslal \u017eogo pod pre\u010dko. Gostje so se prehitro veselili izena\u010denja, saj je videosodnik opazil prepovedan polo\u017eaj. <\/p>\n<p>\t\t\t\t\t\t\t\t<a href=\"https:\/\/www.europesays.com\/si\/wp-content\/uploads\/2026\/09\/67093597.jpg\" itemprop=\"contentUrl\" data-size=\"1200x800\" data-large=\"https:\/\/www.europesays.com\/si\/wp-content\/uploads\/2026\/09\/67093597.jpg\"><br \/>\n\t\t\t\t\t\t\t\t\t<img decoding=\"async\" src=\"https:\/\/www.europesays.com\/si\/wp-content\/uploads\/2026\/09\/67093597.jpg\" title=\"Kylian Mbappe je zapravil \u0161tevilne prilo\u017enosti, na koncu tekme pa je slabo izvedel \u0161e enajstmetrovko. Foto: EPA\" alt=\"Kylian Mbappe je zapravil \u0161tevilne prilo\u017enosti, na koncu tekme pa je slabo izvedel \u0161e enajstmetrovko. Foto: EPA\"\/><br \/>\n\t\t\t\t\t\t\t\t<\/a><\/p>\n<p>\t\t\t\t\t\t\t\t\tKylian Mbappe je zapravil \u0161tevilne prilo\u017enosti, na koncu tekme pa je slabo izvedel \u0161e enajstmetrovko. Foto: EPA<\/p>\n<p>Valles odbil strel Mbappeja z bele to\u010dke<br \/>V 93. minuti je branilec Natan Bernardo de Souza v kazenskem prostoru podrl Viniciusa Juniorja. Sodnik Alejandro Jose Hernandez Hernandez je pokazal na belo to\u010dko. Mbappe je slabo streljal, junak ve\u010dera Valles pa se je izkazal s parado. Videosodnik se je oglasil, preveril je, ali je Valles stal na golovi \u010drti vsaj z eno nogo pri izvedbi najstro\u017eje kazni. Posnetek je pokazal, da se ni prehitro premaknil naprej in ostalo je pri veliki zmagi Betisa.<\/p>\n<p>4. krog:<br \/>BETIS &#8211; REAL MADRID 1:0 (0:0) <br \/>Parrott 81. <br \/>Mbappe (Real Madrid) je v 94. minuti zapravil 11-m.<\/p>\n<p>Sobota ob 16.15: <br \/>ATHLETIC BILBAO &#8211; ATLETICO MADRID<\/p>\n<p>Ob 18.30:  <br \/>RAYO VALLECANO &#8211; RACING SANTANDER<\/p>\n<p>Ob 21.00: <br \/>VILLARREAL &#8211; DEPORTIVO<\/p>\n<p>Nedelja ob 16.15: <br \/>VALENCIA &#8211; BARCELONA<\/p>\n<p>Ob 18.30: <br \/>ALAVES &#8211; OSASUNA<\/p>\n<p>MALAGA &#8211; LEVANTE<\/p>\n<p>Ob 21.00: <br \/>ESPANYOL &#8211; SEVILLA  <\/p>\n<p>Ponedeljek ob 19.00: <br \/>GETAFE &#8211; CELTA VIGO<\/p>\n<p>Ob 21.30: <br \/>ELCHE &#8211; REAL SOCIEDAD<\/p>\n<p>Lestvica:<br \/>\nBARCELONA             3  3 0 0 12:2  9<br \/>\nREAL MADRID           4  3 0 1 10:3  9<br \/>\nBETIS                 4  3 0 1  5:5  9<br \/>\nATLETICO MADRID       3  2 1 0  7:3  7<br \/>\nALAVES                3  2 1 0  5:1  7<br \/>\nOSASUNA               3  2 1 0  3:1  7<br \/>\nSEVILLA               3  2 0 1  6:5  6<br \/>\nDEPORTIVO             3  1 2 0  5:3  5<br \/>\nRACING SANTANDER      3  1 1 1  5:5  4<br \/>\nLEVANTE               3  1 1 1  5:5  4<br \/>\nREAL SOCIEDAD         4  1 1 2  3:6  4<br \/>\nESPANYOL              3  1 0 2  5:4  3<br \/>\nATHLETIC BILBAO       3  1 0 2  3:5  3<br \/>\nGETAFE                3  1 0 2  1:4  3<br \/>\nVILLARREAL            3  0 2 1  4:5  2<br \/>\nCELTA VIGO            4  0 2 2  1:4  2<br \/>\nVALENCIA              3  0 1 2  1:4  1<br \/>\nRAYO VALLECANO        3  0 1 2  4:8  1<br \/>\nELCHE                 3  0 1 2  3:9  1<br \/>\nMALAGA                3  0 1 2  1:7  1 <\/p>\n<p>Oglas<\/p>\n","protected":false},"excerpt":{"rendered":"Troy Parrott je poskrbel za odmevno zmago Betisa. Foto: EPA Jose Mourinho je bil jezen po koncu tekme.&hellip;\n","protected":false},"author":2,"featured_media":216234,"comment_status":"","ping_status":"","sticky":false,"template":"","format":"standard","meta":{"footnotes":"","_share_on_mastodon":"0"},"categories":[16],"tags":[49618,13774,62,37,58,60,38,94,93,52742],"class_list":["post-216233","post","type-post","status-publish","format-standard","has-post-thumbnail","category-sport","tag-carlos-espi","tag-kylian-mbappe","tag-si","tag-slovene","tag-slovenia","tag-slovenija","tag-slovenscina","tag-sport","tag-sports","tag-troy-parrott"],"share_on_mastodon":{"url":"https:\/\/pubeurope.com\/@si\/117215786944450294","error":""},"_links":{"self":[{"href":"https:\/\/www.europesays.com\/si\/wp-json\/wp\/v2\/posts\/216233","targetHints":{"allow":["GET"]}}],"collection":[{"href":"https:\/\/www.europesays.com\/si\/wp-json\/wp\/v2\/posts"}],"about":[{"href":"https:\/\/www.europesays.com\/si\/wp-json\/wp\/v2\/types\/post"}],"author":[{"embeddable":true,"href":"https:\/\/www.europesays.com\/si\/wp-json\/wp\/v2\/users\/2"}],"replies":[{"embeddable":true,"href":"https:\/\/www.europesays.com\/si\/wp-json\/wp\/v2\/comments?post=216233"}],"version-history":[{"count":0,"href":"https:\/\/www.europesays.com\/si\/wp-json\/wp\/v2\/posts\/216233\/revisions"}],"wp:featuredmedia":[{"embeddable":true,"href":"https:\/\/www.europesays.com\/si\/wp-json\/wp\/v2\/media\/216234"}],"wp:attachment":[{"href":"https:\/\/www.europesays.com\/si\/wp-json\/wp\/v2\/media?parent=216233"}],"wp:term":[{"taxonomy":"category","embeddable":true,"href":"https:\/\/www.europesays.com\/si\/wp-json\/wp\/v2\/categories?post=216233"},{"taxonomy":"post_tag","embeddable":true,"href":"https:\/\/www.europesays.com\/si\/wp-json\/wp\/v2\/tags?post=216233"}],"curies":[{"name":"wp","href":"https:\/\/api.w.org\/{rel}","templated":true}]}}