{"id":216271,"date":"2026-09-05T02:50:17","date_gmt":"2026-09-05T02:50:17","guid":{"rendered":"https:\/\/www.europesays.com\/si\/216271\/"},"modified":"2026-09-05T02:50:17","modified_gmt":"2026-09-05T02:50:17","slug":"kdo-se-skriva-za-neuspelim-napadom-na-letaliscu-v-leipzigu","status":"publish","type":"post","link":"https:\/\/www.europesays.com\/si\/216271\/","title":{"rendered":"Kdo se skriva za neuspelim napadom na letali\u0161\u010du v Leipzigu?"},"content":{"rendered":"<p>V primeru neuspelega napada z dronom na letali\u0161\u010du v Leipzigu v za\u010detku avgusta nem\u0161ki preiskovalci preiskujejo tudi sledi v Srbiji in na Poljskem, ob sklicevanju na varnostne vire poro\u010da nem\u0161ki \u010dasnik Der Spiegel. V Srbiji so junija v povezavi z najdbo dronov in eksploziva pridr\u017eali mo\u0161ka, ki bi lahko bila povezana z osumljencema v Leipzigu.<\/p>\n<p>Po poro\u010danju Spiegla preiskovalci preiskujejo povezave med incidentom na leipzi\u0161kem letali\u0161\u010du in odkritjem eksploziva na srbsko-mad\u017earski meji. Tam je srbska policija 11. junija ustavila avtomobila, v katerih sta bila mo\u0161ka, ki so ju pridr\u017eali. Eden od njiju je srbski dr\u017eavljan, drugi pa ima srbsko in rusko dr\u017eavljanstvo.<\/p>\n<p>Osumljenca sta nameravala na Mad\u017earsko\u00a0<\/p>\n<p>V enem od vozil so na\u0161li sestavne dele predelanega drona in oddajnik za njegovo upravljanje, v drugem pa plo\u010devinki z eksplozivom. Po poro\u010danju Spiegla sta bila osumljenca namenjena proti Mad\u017earski, torej v EU. Nem\u0161ki varnostni organi preiskujejo morebitne povezave med pridr\u017eanima v Srbiji in osumljencema za poskus napada z dronom v Leipzigu. \u0160lo naj bi za beloruskega in latvijsko-ruskega dr\u017eavljana.<\/p>\n<p>Srbija je po poro\u010danju Spiegla tudi opisana kot kraj, ki po mnenju evropskih obve\u0161\u010devalnih slu\u017eb slu\u017ei kot &#8220;\u017eari\u0161\u010de&#8221; za ruske sabota\u017ee v Evropi ter za nova\u010denje in usposabljanje ljudi za ruske obve\u0161\u010devalne slu\u017ebe. V povezavi z incidentom v Leipzigu nem\u0161ki preiskovalci preverjajo tudi sledi na Poljskem.<\/p>\n<p>Eden od osumljencev naj bi imel stike z ruskimi obve\u0161\u010devalnimi slu\u017ebami\u00a0<\/p>\n<p>Kot je Spiegel izvedel iz varnostnih virov, je eden od doslej identificiranih osumljencev povezan z drugim incidentom, in sicer po\u017eigom trgovine s strojno opremo v Lod\u017eu na Poljskem julija 2024. Mo\u0161ki naj bi imel stike z ruskimi obve\u0161\u010devalnimi slu\u017ebami. Po poro\u010danju nem\u0161kih medijev naj bi ve\u010d evropskih obve\u0161\u010devalnih slu\u017eb imelo informacije o vsaj \u0161tirih sabota\u017enih mre\u017eah pod nadzorom Rusije, ki so trenutno aktivne v EU.<\/p>\n<p>Srbski to\u017eilci\u00a0so po poro\u010danju francoske tiskovne agencije AFP danes sporo\u010dili, da so bile v okviru preiskave organizirane skupine, ki je bila osumljena tihotapljenja eksploziva in dronov v dr\u017eave EU, pridr\u017eane \u0161tiri osebe. Skupina, za katero oblasti pravijo, da vklju\u010duje \u0161e tri druge \u010dlane, je osumljena, da je v Srbiji pridobivala eksploziv in drone, preden jih je prepeljala na &#8220;vnaprej na\u010drtovane in dogovorjene lokacije&#8221; znotraj dr\u017eav EU. Skupino so odkrili, potem ko so aprila v bli\u017eini plinovoda na meji z Mad\u017earsko na\u0161li eksploziv, so sporo\u010dili to\u017eilci.<\/p>\n<p>Podrobnosti aretiranih niso razkrili\u00a0<\/p>\n<p>Srbska preiskava organizirane skupine se je za\u010dela 12. junija, vendar je to\u017eilstvo ni povezalo z incidentom v Leipzigu, \u0161e poro\u010da AFP, ki pri tem navaja izjavo to\u017eilstva, da srbske oblasti sodelujejo s preiskovalnimi organi v evropskih dr\u017eavah. Podrobnosti ali narodnosti aretiranih niso razkrili. Nem\u010dija je v torek Rusijo okrivila za incident z dronom, opremljenim z eksplozivom, ki so ga 4. avgusta odkrili na letali\u0161\u010du v Leipzigu. V odziv na poskus napada je Berlin napovedal niz ukrepov, med njimi zaprtje ruskega konzulata v Bonnu. Moskva je napovedala povra\u010dilne ukrepe. EU je izrazila solidarnost z Nem\u010dijo, ve\u010d \u010dlanic pa je na pogovor poklicalo ruskega veleposlanika.<\/p>\n","protected":false},"excerpt":{"rendered":"V primeru neuspelega napada z dronom na letali\u0161\u010du v Leipzigu v za\u010detku avgusta nem\u0161ki preiskovalci preiskujejo tudi sledi&hellip;\n","protected":false},"author":2,"featured_media":216272,"comment_status":"","ping_status":"","sticky":false,"template":"","format":"standard","meta":{"footnotes":"","_share_on_mastodon":"0"},"categories":[20],"tags":[4010,32,13385,1732,35,529,31,34,36,37,38,33],"class_list":["post-216271","post","type-post","status-publish","format-standard","has-post-thumbnail","category-novice","tag-dron","tag-headlines","tag-leipzig","tag-letalisce","tag-najpomembnejse-novice","tag-napad","tag-news","tag-novice","tag-osrednje-novice","tag-slovene","tag-slovenscina","tag-top-stories"],"share_on_mastodon":{"url":"https:\/\/pubeurope.com\/@si\/117216164292412125","error":""},"_links":{"self":[{"href":"https:\/\/www.europesays.com\/si\/wp-json\/wp\/v2\/posts\/216271","targetHints":{"allow":["GET"]}}],"collection":[{"href":"https:\/\/www.europesays.com\/si\/wp-json\/wp\/v2\/posts"}],"about":[{"href":"https:\/\/www.europesays.com\/si\/wp-json\/wp\/v2\/types\/post"}],"author":[{"embeddable":true,"href":"https:\/\/www.europesays.com\/si\/wp-json\/wp\/v2\/users\/2"}],"replies":[{"embeddable":true,"href":"https:\/\/www.europesays.com\/si\/wp-json\/wp\/v2\/comments?post=216271"}],"version-history":[{"count":0,"href":"https:\/\/www.europesays.com\/si\/wp-json\/wp\/v2\/posts\/216271\/revisions"}],"wp:featuredmedia":[{"embeddable":true,"href":"https:\/\/www.europesays.com\/si\/wp-json\/wp\/v2\/media\/216272"}],"wp:attachment":[{"href":"https:\/\/www.europesays.com\/si\/wp-json\/wp\/v2\/media?parent=216271"}],"wp:term":[{"taxonomy":"category","embeddable":true,"href":"https:\/\/www.europesays.com\/si\/wp-json\/wp\/v2\/categories?post=216271"},{"taxonomy":"post_tag","embeddable":true,"href":"https:\/\/www.europesays.com\/si\/wp-json\/wp\/v2\/tags?post=216271"}],"curies":[{"name":"wp","href":"https:\/\/api.w.org\/{rel}","templated":true}]}}