{"id":216295,"date":"2026-09-05T04:35:08","date_gmt":"2026-09-05T04:35:08","guid":{"rendered":"https:\/\/www.europesays.com\/si\/216295\/"},"modified":"2026-09-05T04:35:08","modified_gmt":"2026-09-05T04:35:08","slug":"evropa-potrebuje-trezno-politiko-ne-navijanja","status":"publish","type":"post","link":"https:\/\/www.europesays.com\/si\/216295\/","title":{"rendered":"Evropa potrebuje trezno politiko, ne navijanja"},"content":{"rendered":"<p>Pismo bralca: Vintar zavra\u010da o\u010ditke o proruskem stali\u0161\u010du ter zagovarja mirovni\u0161ko in bolj trezno evropsko politiko do vojne v Ukrajini.<\/p>\n<p><img decoding=\"async\" class=\"articlePicture_image__om2Oc\" src=\"https:\/\/www.europesays.com\/si\/wp-content\/uploads\/2026\/09\/3717515.width-660.format-webp.webp\" alt=\"Pogovarjamo se o preresnih temah, da bi se odgovorni ljudje smeli spustiti na raven \u0161portnega navijanja za eno stran.\u00a0FOTO: Valentyn Ogirenko\/Reuters\" img_id=\"15069502\"\/><\/p>\n<p> Galerija<\/p>\n<p>Pogovarjamo se o preresnih temah, da bi se odgovorni ljudje smeli spustiti na raven \u0161portnega navijanja za eno stran.\u00a0FOTO: Valentyn Ogirenko\/Reuters<\/p>\n<p>Na prispevek z naslovom Zakaj Evropa drvi v veliko vojno z Rusijo? sem prejel nekaj deset odzivov preko vseh mo\u017enih kanalov, tudi na tem mestu in preko osebnega e-maila. Velika ve\u010dina je bila absolutno pozitivnih. Nekaj je bilo tudi nestrinjanj, kar je pri\u010dakovano; teh sem pri\u010dakoval veliko ve\u010d.<br \/>\nS tistimi, ki se ne strinjajo, nisem nameraval polemizirati, saj imajo vso pravico do svojega mnenja. A v PP29, 29. avgusta, se je oglasil gospod Dimitrij Rupel, ki mi pripisuje vrsto stali\u0161\u010d in \u00bbnavijanj\u00ab za rusko stran, ki pa\u010d zahtevajo moj odgovor.<br \/>\nRupel uvodoma zapi\u0161e: \u00bbMirko Vintar zavra\u010da osamosvojitev Ukrajine in navija za rusko stran\u00ab, to trditev pa v nadaljevanju \u0161e ponovi. Poudarjam, da nikjer, ne v tem ne v kakem drugem prispevku, ne zavra\u010dam osamosvojitve Ukrajine.<\/p>\n<p>Ruplova trditev je &#8230;<\/p>\n","protected":false},"excerpt":{"rendered":"Pismo bralca: Vintar zavra\u010da o\u010ditke o proruskem stali\u0161\u010du ter zagovarja mirovni\u0161ko in bolj trezno evropsko politiko do vojne&hellip;\n","protected":false},"author":2,"featured_media":216296,"comment_status":"","ping_status":"","sticky":false,"template":"","format":"standard","meta":{"footnotes":"","_share_on_mastodon":"0"},"categories":[3],"tags":[8422,65,66,1295,26662,421,37,38,929],"class_list":["post-216295","post","type-post","status-publish","format-standard","has-post-thumbnail","category-evropa","tag-dimitrij-rupel","tag-europe","tag-evropa","tag-pisma-bralcev","tag-polemika","tag-rusija","tag-slovene","tag-slovenscina","tag-vojna-v-ukrajini"],"share_on_mastodon":{"url":"https:\/\/pubeurope.com\/@si\/117216577325201817","error":""},"_links":{"self":[{"href":"https:\/\/www.europesays.com\/si\/wp-json\/wp\/v2\/posts\/216295","targetHints":{"allow":["GET"]}}],"collection":[{"href":"https:\/\/www.europesays.com\/si\/wp-json\/wp\/v2\/posts"}],"about":[{"href":"https:\/\/www.europesays.com\/si\/wp-json\/wp\/v2\/types\/post"}],"author":[{"embeddable":true,"href":"https:\/\/www.europesays.com\/si\/wp-json\/wp\/v2\/users\/2"}],"replies":[{"embeddable":true,"href":"https:\/\/www.europesays.com\/si\/wp-json\/wp\/v2\/comments?post=216295"}],"version-history":[{"count":0,"href":"https:\/\/www.europesays.com\/si\/wp-json\/wp\/v2\/posts\/216295\/revisions"}],"wp:featuredmedia":[{"embeddable":true,"href":"https:\/\/www.europesays.com\/si\/wp-json\/wp\/v2\/media\/216296"}],"wp:attachment":[{"href":"https:\/\/www.europesays.com\/si\/wp-json\/wp\/v2\/media?parent=216295"}],"wp:term":[{"taxonomy":"category","embeddable":true,"href":"https:\/\/www.europesays.com\/si\/wp-json\/wp\/v2\/categories?post=216295"},{"taxonomy":"post_tag","embeddable":true,"href":"https:\/\/www.europesays.com\/si\/wp-json\/wp\/v2\/tags?post=216295"}],"curies":[{"name":"wp","href":"https:\/\/api.w.org\/{rel}","templated":true}]}}