{"id":216319,"date":"2026-09-05T05:30:10","date_gmt":"2026-09-05T05:30:10","guid":{"rendered":"https:\/\/www.europesays.com\/si\/216319\/"},"modified":"2026-09-05T05:30:10","modified_gmt":"2026-09-05T05:30:10","slug":"pet-drzav-eu-nacrtuje-centre-za-vracanje-migrantov-zunaj-unije-portal24","status":"publish","type":"post","link":"https:\/\/www.europesays.com\/si\/216319\/","title":{"rendered":"Pet dr\u017eav EU na\u010drtuje centre za vra\u010danje migrantov zunaj Unije ~ Portal24"},"content":{"rendered":"<p>&#13;<\/p>\n<p class=\"wp-block-paragraph\">Nem\u010dija, Avstrija, Danska, Nizozemska in Gr\u010dija so se dogovorile o skupnem modelu centrov za vra\u010danje migrantov v dr\u017eavah zunaj Evropske unije. Prve osebe brez pravice do prebivanja bi lahko v tak\u0161ne centre premestili leta 2027, vendar lokacije in partnerske dr\u017eave \u0161e niso dolo\u010dene.<\/p>\n<p class=\"wp-block-paragraph\">Notranji oziroma migracijski ministri petih dr\u017eav so skupni pristop potrdili na sre\u010danju v K\u00f8benhavnu. Njihov cilj je pospe\u0161iti vra\u010danje ljudi, katerih pro\u0161nje za azil so bile zavrnjene, vendar jih zaradi razli\u010dnih pravnih ali prakti\u010dnih razlogov ni mogo\u010de vrniti neposredno v dr\u017eavo izvora.<\/p>\n<p class=\"wp-block-paragraph\">Danski minister za priseljevanje in integracijo Morten B\u00f8dskov je dogovor ozna\u010dil za pomemben premik v evropski migracijski politiki. Pet dr\u017eav namerava pogajanja s potencialnimi partnericami zunaj EU nadaljevati \u0161e letos, prvi sporazum pa bi lahko dosegle v za\u010detku prihodnjega leta.<\/p>\n<p><a href=\"https:\/\/direktno.si\" aria-label=\"Direktno banner v clanku\" rel=\"nofollow noopener\" target=\"_blank\"><img loading=\"lazy\" decoding=\"async\" src=\"data:image\/svg+xml,%3Csvg%20xmlns=\" http:=\"\" alt=\"\" data-lazy- data-lazy- class=\"no-lazyload\" width=\"1129\" height=\"281\" data-lazy-src=\"https:\/\/www.europesays.com\/si\/wp-content\/uploads\/2026\/09\/1788586210_988_Screenshot-2026-03-28-at-07.44.44.png\"\/><img loading=\"lazy\" decoding=\"async\" src=\"https:\/\/www.europesays.com\/si\/wp-content\/uploads\/2026\/09\/1788586210_988_Screenshot-2026-03-28-at-07.44.44.png\" alt=\"\"   class=\"no-lazyload\" width=\"1129\" height=\"281\"\/><\/a><\/p>\n<p class=\"wp-block-paragraph\">\u201cPribli\u017eujemo se temeljiti preobrazbi skupnega evropskega migracijskega in azilnega sistema,\u201d je po sre\u010danju dejal B\u00f8dskov, poro\u010da Associated Press.<\/p>\n<p>Trije pogoji za vzpostavitev centrov<\/p>\n<p class=\"wp-block-paragraph\">Nem\u010dija, Avstrija, Danska, Nizozemska in Gr\u010dija so dolo\u010dile tri temeljna na\u010dela prihodnjega sistema.<\/p>\n<p class=\"wp-block-paragraph\">Centri bi morali prispevati k zmanj\u0161anju nezakonitih prihodov v Evropsko unijo in oslabiti poslovni model tihotapcev ljudi. Projekt bi moral biti izveden v skladu s pravom EU, mednarodnimi obveznostmi in dolo\u010dili o varstvu \u010dlovekovih pravic. Sporazumi s tretjimi dr\u017eavami pa naj bi temeljili na enakopravnem in obojestransko koristnem partnerstvu.<\/p>\n<p class=\"wp-block-paragraph\">Pet dr\u017eav bo v potencialne partnerske dr\u017eave napotilo svoje predstavnike, ki bodo preverili varnostne razmere, \u017eivljenjske pogoje in izpolnjevanje dogovorjenih standardov. Dr\u017eav, s katerimi potekajo pogovori, ministri niso razkrili. Po poro\u010danju tujih medijev se pogajanja osredoto\u010dajo predvsem na afri\u0161ke dr\u017eave.<\/p>\n<p class=\"wp-block-paragraph\">B\u00f8dskov zavra\u010da ocene, da bi \u0161lo zgolj za zapore oziroma centre za pridr\u017eanje. Po njegovih besedah naj bi ljudje, ki nimajo pravne podlage za bivanje v EU in se ne morejo vrniti domov, v partnerski dr\u017eavi dobili mo\u017enost za nov za\u010detek.<\/p>\n<p class=\"wp-block-paragraph\">Avstrijski notranji minister Gerhard Karner je kot skupni cilj petih dr\u017eav izpostavil zmanj\u0161anje nezakonitih migracij proti EU \u201cproti ni\u010dli\u201d.<\/p>\n<p>UNHCR in IOM \u0161e brez dogovorjene vloge<\/p>\n<p class=\"wp-block-paragraph\">Ministri so napovedali sodelovanje z Mednarodno organizacijo za migracije in Agencijo Zdru\u017eenih narodov za begunce. Toda obe organizaciji sta bila glede svoje prihodnje vloge previdnej\u0161i.<\/p>\n<p class=\"wp-block-paragraph\">UNHCR je za Associated Press sporo\u010dil, da ni prejel podrobnosti predloga, zato morebitne vloge pri nadzoru centrov \u0161e ne more komentirati. Tudi Mednarodna organizacija za migracije je pojasnila, da odlo\u010ditev o njenem sodelovanju \u0161e ni bila sprejeta in da so pogovori za zdaj zgolj za\u010detni.<\/p>\n<p class=\"wp-block-paragraph\">Organizacija je poudarila, da mora vsak tak\u0161en projekt spo\u0161tovati evropske in mednarodne pravne okvire, varovati pravice migrantov ter upo\u0161tevati interese partnerskih dr\u017eav.<\/p>\n<p>Kritike zaradi varstva \u010dlovekovih pravic<\/p>\n<p class=\"wp-block-paragraph\">Na\u010drtom nasprotujejo nekatere nevladne organizacije in zagovorniki pravic migrantov. Opozarjajo, da bi bilo spo\u0161tovanje \u010dlovekovih pravic v centrih zunaj ozemlja EU te\u017eje nadzirati in pravno uveljavljati.<\/p>\n<p class=\"wp-block-paragraph\">Komisar Sveta Evrope za \u010dlovekove pravice Michael O\u2019Flaherty je pet dr\u017eav \u017ee pozval k jasnim in pravno zavezujo\u010dim varovalkam. Po njegovem splo\u0161na zagotovila, da bodo \u010dlovekove pravice spo\u0161tovane, niso dovolj.<\/p>\n<p class=\"wp-block-paragraph\">Ministri zagotavljajo, da bodo postopki, pogoji bivanja in odgovornosti sodelujo\u010dih dr\u017eav natan\u010dno dolo\u010deni v sporazumih s posameznimi partnerskimi dr\u017eavami.<\/p>\n<p class=\"wp-block-paragraph\">Evropski parlament je junija podprl nova pravila, ki dr\u017eavam \u010dlanicam omogo\u010dajo vzpostavljanje centrov za vra\u010danje zunaj EU samostojno ali v manj\u0161ih skupinah. Pet ministrov se bo predvidoma znova sestalo konec septembra v M\u00fcnchnu, kjer naj bi nadaljevali pripravo pravnega in operativnega okvira.<\/p>\n<p>\n\tPovezani \u010dlanki:\n<\/p>\n<p>        &#13;<br \/>\n        &#13;<br \/>\n                    &#13;<\/p>\n<p>\t\tNavigacija prispevka<\/p>\n","protected":false},"excerpt":{"rendered":"&#13; Nem\u010dija, Avstrija, Danska, Nizozemska in Gr\u010dija so se dogovorile o skupnem modelu centrov za vra\u010danje migrantov v&hellip;\n","protected":false},"author":2,"featured_media":216320,"comment_status":"","ping_status":"","sticky":false,"template":"","format":"standard","meta":{"footnotes":"","_share_on_mastodon":"0"},"categories":[3],"tags":[360,8745,437,500,65,66,6079,8455,493,1630,37,38],"class_list":["post-216319","post","type-post","status-publish","format-standard","has-post-thumbnail","category-evropa","tag-avstrija","tag-clovekove-pravice","tag-danska","tag-eu","tag-europe","tag-evropa","tag-grcija","tag-ilegalne-migracije","tag-nemcija","tag-nizozemska","tag-slovene","tag-slovenscina"],"share_on_mastodon":{"url":"https:\/\/pubeurope.com\/@si\/117216793800918172","error":""},"_links":{"self":[{"href":"https:\/\/www.europesays.com\/si\/wp-json\/wp\/v2\/posts\/216319","targetHints":{"allow":["GET"]}}],"collection":[{"href":"https:\/\/www.europesays.com\/si\/wp-json\/wp\/v2\/posts"}],"about":[{"href":"https:\/\/www.europesays.com\/si\/wp-json\/wp\/v2\/types\/post"}],"author":[{"embeddable":true,"href":"https:\/\/www.europesays.com\/si\/wp-json\/wp\/v2\/users\/2"}],"replies":[{"embeddable":true,"href":"https:\/\/www.europesays.com\/si\/wp-json\/wp\/v2\/comments?post=216319"}],"version-history":[{"count":0,"href":"https:\/\/www.europesays.com\/si\/wp-json\/wp\/v2\/posts\/216319\/revisions"}],"wp:featuredmedia":[{"embeddable":true,"href":"https:\/\/www.europesays.com\/si\/wp-json\/wp\/v2\/media\/216320"}],"wp:attachment":[{"href":"https:\/\/www.europesays.com\/si\/wp-json\/wp\/v2\/media?parent=216319"}],"wp:term":[{"taxonomy":"category","embeddable":true,"href":"https:\/\/www.europesays.com\/si\/wp-json\/wp\/v2\/categories?post=216319"},{"taxonomy":"post_tag","embeddable":true,"href":"https:\/\/www.europesays.com\/si\/wp-json\/wp\/v2\/tags?post=216319"}],"curies":[{"name":"wp","href":"https:\/\/api.w.org\/{rel}","templated":true}]}}