{"id":216321,"date":"2026-09-05T05:31:07","date_gmt":"2026-09-05T05:31:07","guid":{"rendered":"https:\/\/www.europesays.com\/si\/216321\/"},"modified":"2026-09-05T05:31:07","modified_gmt":"2026-09-05T05:31:07","slug":"trump-ob-migrantski-krizi-v-ceuti-spanija-bo-postala-opustosena-drzava","status":"publish","type":"post","link":"https:\/\/www.europesays.com\/si\/216321\/","title":{"rendered":"Trump ob migrantski krizi v Ceuti: \u0160panija bo postala &#8220;opusto\u0161ena dr\u017eava&#8221;"},"content":{"rendered":"<p>Ameri\u0161ki predsednik Donald Trump je v intervjuju za britansko televizijo GB News ostro komentiral migrantsko krizo v \u0161panski enklavi Ceuta na severu Afrike. Opozoril je, da bo \u0160panija postala &#8220;opusto\u0161ena dr\u017eava&#8221;, dogajanje v Ceuti pa ozna\u010dil za nekaj, \u010desar \u0161e ni videl. Ob tem je znova kritiziral Madrid zaradi obrambnih izdatkov in odnosa do zveze Nato.<\/p>\n<p>Ameri\u0161ki predsednik Donald Trump je ob mno\u017ei\u010dnem prihodu migrantov iz Maroka v Ceuto konec julija znova ostro napadel \u0160panijo in vlado premierja Pedra Sancheza. V intervjuju za\u00a0komercialno\u00a0televizijsko\u00a0in radijsko\u00a0mre\u017eo GB News,\u00a0ki velja za desno oziroma konservativno usmerjen medij,\u00a0je dejal, da bo \u0160panija postala &#8220;opusto\u0161ena dr\u017eava&#8221;, nato pa svojo kritiko raz\u0161iril \u0161e na \u0161pansko obrambno politiko.<\/p>\n<p>&#8220;\u0160panija bo postala opusto\u0161ena dr\u017eava,&#8221; je dejal Trump. Dodal je, da ima s \u0160panijo te\u017eave tudi zaradi njenega odnosa do Nata, saj za obrambo ne namenja toliko denarja, kot bi morala.<\/p>\n<p>Trump je dogajanje v Ceuti ozna\u010dil za &#8220;zelo \u017ealostno&#8221; in ga primerjal z migracijskimi te\u017eavami, s katerimi se soo\u010da tudi Velika Britanija. Poudaril je, da v Zdru\u017eenem kraljestvu polo\u017eaj vendarle ni tako izrazit\u00a0kot v Ceuti, kjer je julija mejo v zelo kratkem \u010dasu prestopilo ve\u010d deset tiso\u010d ljudi. &#8220;Nikoli nisem videl \u010desa podobnega,&#8221; je dejal ameri\u0161ki predsednik.<\/p>\n<p dir=\"ltr\" lang=\"en\">Trump to GBNEWS: &#8220;Spain will be a ruined country&#8230; What&#8217;s happening there is very sad to watch&#8230; Thousands of people just bum rushing your country. I&#8217;ve never seen anything like it.&#8221; <a href=\"https:\/\/t.co\/wnIlI5Ddvh\" rel=\"nofollow\">pic.twitter.com\/wnIlI5Ddvh<\/a><\/p>\n<p>\u2014 Open Source Intel (@Osint613) <a href=\"https:\/\/x.com\/Osint613\/status\/2095497196212744689?ref_src=twsrc%5Etfw\" rel=\"nofollow\">September 3, 2026<\/a><\/p>\n<p>Trump znova udaril po \u0160paniji zaradi Nata<\/p>\n<p>Trump je intervju izkoristil tudi za ponovitev kritik na ra\u010dun \u0161panskih obrambnih izdatkov. \u010clanice Nata so na vrhu v Haagu junija 2025 sprejele zavezo, da bodo do leta 2035 za obrambo in z obrambo povezane varnostne izdatke namenjale pet odstotkov bruto doma\u010dega proizvoda. Od tega naj bi najmanj 3,5 odstotka predstavljali neposredni obrambni izdatki, do 1,5 odstotka pa \u0161ir\u0161e nalo\u017ebe v varnost in odpornost.<\/p>\n<p>\u0160panski premier Sanchez je \u017ee pred vrhom vztrajal, da bi bil petodstotni cilj za \u0160panijo nesorazmeren in nepotreben. Madrid je zatrjeval, da lahko dogovorjene Natove voja\u0161ke zmogljivosti zagotovi z obrambnimi izdatki v vi\u0161ini pribli\u017eno 2,1 odstotka BDP. Prav zaradi tega vpra\u0161anja so bili odnosi med Trumpom in Sanchezom \u017ee prej napeti.<\/p>\n<p>                <script async src=\"https:\/\/platform.twitter.com\/widgets.js\" charset=\"utf-8\"><\/script><\/p>\n","protected":false},"excerpt":{"rendered":"Ameri\u0161ki predsednik Donald Trump je v intervjuju za britansko televizijo GB News ostro komentiral migrantsko krizo v \u0161panski&hellip;\n","protected":false},"author":2,"featured_media":216322,"comment_status":"","ping_status":"","sticky":false,"template":"","format":"standard","meta":{"footnotes":"","_share_on_mastodon":"0"},"categories":[8],"tags":[44900,409,1012,11546,6366,37,38,1567,64,63],"class_list":["post-216321","post","type-post","status-publish","format-standard","has-post-thumbnail","category-svet","tag-ceuta","tag-donald-trump","tag-migranti","tag-migrantska-kriza","tag-pedro-sanchez","tag-slovene","tag-slovenscina","tag-spanija","tag-svet","tag-world"],"share_on_mastodon":{"url":"https:\/\/pubeurope.com\/@si\/117216797475288893","error":""},"_links":{"self":[{"href":"https:\/\/www.europesays.com\/si\/wp-json\/wp\/v2\/posts\/216321","targetHints":{"allow":["GET"]}}],"collection":[{"href":"https:\/\/www.europesays.com\/si\/wp-json\/wp\/v2\/posts"}],"about":[{"href":"https:\/\/www.europesays.com\/si\/wp-json\/wp\/v2\/types\/post"}],"author":[{"embeddable":true,"href":"https:\/\/www.europesays.com\/si\/wp-json\/wp\/v2\/users\/2"}],"replies":[{"embeddable":true,"href":"https:\/\/www.europesays.com\/si\/wp-json\/wp\/v2\/comments?post=216321"}],"version-history":[{"count":0,"href":"https:\/\/www.europesays.com\/si\/wp-json\/wp\/v2\/posts\/216321\/revisions"}],"wp:featuredmedia":[{"embeddable":true,"href":"https:\/\/www.europesays.com\/si\/wp-json\/wp\/v2\/media\/216322"}],"wp:attachment":[{"href":"https:\/\/www.europesays.com\/si\/wp-json\/wp\/v2\/media?parent=216321"}],"wp:term":[{"taxonomy":"category","embeddable":true,"href":"https:\/\/www.europesays.com\/si\/wp-json\/wp\/v2\/categories?post=216321"},{"taxonomy":"post_tag","embeddable":true,"href":"https:\/\/www.europesays.com\/si\/wp-json\/wp\/v2\/tags?post=216321"}],"curies":[{"name":"wp","href":"https:\/\/api.w.org\/{rel}","templated":true}]}}