{"id":216373,"date":"2026-09-05T06:50:22","date_gmt":"2026-09-05T06:50:22","guid":{"rendered":"https:\/\/www.europesays.com\/si\/216373\/"},"modified":"2026-09-05T06:50:22","modified_gmt":"2026-09-05T06:50:22","slug":"ansambel-fekonja-s-polko-cvetis-osvojil-nagrado-obcinstva-na-ptuju","status":"publish","type":"post","link":"https:\/\/www.europesays.com\/si\/216373\/","title":{"rendered":"Ansambel Fekonja s polko \u00bbCveti\u0161\u00ab osvojil nagrado ob\u010dinstva na Ptuju"},"content":{"rendered":"<p>Ansambel Fekonja iz Krapja je na 57. Festivalu narodno-zabavne glasbe Ptuj dosegel velik uspeh. S svojo avtorsko polko \u00bbCveti\u0161\u00ab je najbolj prepri\u010dal poslu\u0161alce in osvojil nagrado ob\u010dinstva za najbolj\u0161o skladbo festivala.<\/p>\n<p>Na dvori\u0161\u010du Minoritskega samostana na Ptuju je v petek, 4. septembra, potekal \u017ee 57. Festival narodno-zabavne glasbe Ptuj, eden najstarej\u0161ih in najprepoznavnej\u0161ih festivalov doma\u010de glasbe pri nas. Za festivalske nagrade se je letos potegovalo dvanajst ansamblov.<\/p>\n<p>Med njimi je bil tudi prle\u0161ki Ansambel Fekonja, ki ga sestavljajo bratje in sestre Anja, Kaja, Jan in Miha Fekonja. Mladi glasbeniki iz Krapja so se na velikem ptujskem odru predstavili s skladbo Cveti\u0161.<\/p>\n<p>                    <a href=\"https:\/\/www.prlekija-on.net\/lokalno\/40741\/ansambel-fekonja-izdal-novo-polko-cvetis\" class=\"image-link\" rel=\"nofollow noopener\" target=\"_blank\"><img src=\"https:\/\/www.prlekija-on.net\/uploaded\/2026_05\/thumb_ansambel-fekonja-izdal-novo-polko-cvetis_7113932036.webp\" alt=\"Ansambel Fekonja\" loading=\"lazy\" decoding=\"async\"\/><\/a><\/p>\n<p>                        &#13;<br \/>\n                            <a href=\"https:\/\/www.prlekija-on.net\/lokalno\/40741\/ansambel-fekonja-izdal-novo-polko-cvetis\" rel=\"nofollow noopener\" target=\"_blank\">Ansambel Fekonja izdal novo polko \u00bbCveti\u0161\u00ab<\/a>&#13;<\/p>\n<p class=\"rs-post-description\">Gre za njihovo \u0161esto avtorsko skladbo, ki prina\u0161a sve\u017eo pomladno energijo in spevno melodijo, primerno za ples in dobre ob\u010dutke.<\/p>\n<p>            S skladbo Cveti\u0161 osvojili poslu\u0161alce<\/p>\n<p>Fekonjevi so s svojim nastopom in novo polko najbolj prepri\u010dali ob\u010dinstvo ter si prislu\u017eili nagrado ob\u010dinstva za najbolj\u0161o skladbo festivala. Pri tej nagradi so odlo\u010dali tako poslu\u0161alci s spletnim glasovanjem kot obiskovalci na samem festivalu. Po pravilih festivala je spletno glasovanje predstavljalo tretjino, glasovi ob\u010dinstva na prireditvi pa dve tretjini kon\u010dnega rezultata.<\/p>\n<p>Skladba Cveti\u0161 govori o pomladni ljubezni in ob\u010dutkih, ki zacvetijo skupaj z njo. Melodijo je ustvaril Miha Fekonja, pod besedilo pa sta se podpisala Matej Trstenjak in Igor Pirkovi\u010d. Videospot za skladbo so posneli v cveto\u010dem okolju Mozirskega gaja. Skladbo smo maja letos predstavili tudi na na\u0161em portalu.<\/p>\n<p>Za mladi dru\u017einski ansambel je nagrada \u0161e posebej pomemben dose\u017eek, saj na glasbeni sceni resneje ustvarja \u0161ele nekaj let. Ansambel je nastal iz skupnega veselja do glasbe &#8211; najprej so igrali na dru\u017einskih praznovanjih, nato pa so za\u010deli vse ve\u010d vaditi, nastopati in ustvarjati lastne skladbe.<\/p>\n<p>\u00a0<\/p>\n<p>Na Ptuju nagradili \u0161e ve\u010d izvajalcev<\/p>\n<p>Poleg Fekonjevih so se na leto\u0161njem festivalu veselili tudi drugi nastopajo\u010di. Gajstni muzikanti so bili razgla\u0161eni za najbolj\u0161i ansambel med klasi\u010dnimi kvinteti, \u0160padni fantje pa za najbolj\u0161i ansambel med ostalimi zasedbami. Njihova pevka Nina Kov\u0161ca je prejela tudi Korenovo plaketo za najbolj\u0161o vokalno izvedbo.<\/p>\n<p>Nagrado za najbolj\u0161e besedilo je prejela skladba Povej mi v\u010dasih Ansambla Namig, katere besedilo je napisala Majda Rebernik. V revialnem delu ve\u010dera so nastopili \u0161e Vra\u017eji muzikanti.<\/p>\n<p>Za Ansambel Fekonja pa bo leto\u0161nji nastop na Ptuju zagotovo ostal eden pomembnej\u0161ih mejnikov njihove dosedanje glasbene poti &#8211; na enem najuglednej\u0161ih festivalov narodno-zabavne glasbe v Sloveniji so namre\u010d s svojo avtorsko skladbo osvojili prav tiste, ki jim je njihova glasba namenjena &#8211; ob\u010dinstvo.<\/p>\n<p>\t\t\t\t\t\t\t<img src=\"https:\/\/www.europesays.com\/si\/wp-content\/uploads\/2026\/09\/1788591022_21_maxresdefault.jpg\" alt=\"Video\" class=\"img-fluid w-100 rounded h-100 object-fit-cover\" loading=\"lazy\" decoding=\"async\"\/><\/p>\n<p>Video: ANSAMBEL FEKONJA &#8211; CVETI\u0160 (Official Video)<\/p>\n<p>S klikom nalo\u017eite video (lahko uporablja pi\u0161kotke)<\/p>\n","protected":false},"excerpt":{"rendered":"Ansambel Fekonja iz Krapja je na 57. Festivalu narodno-zabavne glasbe Ptuj dosegel velik uspeh. S svojo avtorsko polko&hellip;\n","protected":false},"author":2,"featured_media":216374,"comment_status":"","ping_status":"","sticky":false,"template":"","format":"standard","meta":{"footnotes":"","_share_on_mastodon":"0"},"categories":[28],"tags":[52766,52767,52769,951,31777,3002,52768,192,62,37,58,60,38],"class_list":["post-216373","post","type-post","status-publish","format-standard","has-post-thumbnail","category-ptuj","tag-ansambel-fekonja","tag-cvetis","tag-festival-narodno-zabavne-glasbe-ptuj","tag-nagrada","tag-obcinstvo","tag-pesem","tag-polka","tag-ptuj","tag-si","tag-slovene","tag-slovenia","tag-slovenija","tag-slovenscina"],"share_on_mastodon":{"url":"https:\/\/pubeurope.com\/@si\/117217108433412544","error":""},"_links":{"self":[{"href":"https:\/\/www.europesays.com\/si\/wp-json\/wp\/v2\/posts\/216373","targetHints":{"allow":["GET"]}}],"collection":[{"href":"https:\/\/www.europesays.com\/si\/wp-json\/wp\/v2\/posts"}],"about":[{"href":"https:\/\/www.europesays.com\/si\/wp-json\/wp\/v2\/types\/post"}],"author":[{"embeddable":true,"href":"https:\/\/www.europesays.com\/si\/wp-json\/wp\/v2\/users\/2"}],"replies":[{"embeddable":true,"href":"https:\/\/www.europesays.com\/si\/wp-json\/wp\/v2\/comments?post=216373"}],"version-history":[{"count":0,"href":"https:\/\/www.europesays.com\/si\/wp-json\/wp\/v2\/posts\/216373\/revisions"}],"wp:featuredmedia":[{"embeddable":true,"href":"https:\/\/www.europesays.com\/si\/wp-json\/wp\/v2\/media\/216374"}],"wp:attachment":[{"href":"https:\/\/www.europesays.com\/si\/wp-json\/wp\/v2\/media?parent=216373"}],"wp:term":[{"taxonomy":"category","embeddable":true,"href":"https:\/\/www.europesays.com\/si\/wp-json\/wp\/v2\/categories?post=216373"},{"taxonomy":"post_tag","embeddable":true,"href":"https:\/\/www.europesays.com\/si\/wp-json\/wp\/v2\/tags?post=216373"}],"curies":[{"name":"wp","href":"https:\/\/api.w.org\/{rel}","templated":true}]}}