{"id":216413,"date":"2026-09-05T07:21:09","date_gmt":"2026-09-05T07:21:09","guid":{"rendered":"https:\/\/www.europesays.com\/si\/216413\/"},"modified":"2026-09-05T07:21:09","modified_gmt":"2026-09-05T07:21:09","slug":"sest-izmed-osmih-pilotov-za-upravljanje-air-tractorjev-se-se-vedno-izobrazuje","status":"publish","type":"post","link":"https:\/\/www.europesays.com\/si\/216413\/","title":{"rendered":"\u0160est izmed osmih pilotov za upravljanje air tractorjev se \u0161e vedno izobra\u017euje"},"content":{"rendered":"<p>\t\t\t\t\t\t\t\t<a href=\"https:\/\/www.europesays.com\/si\/wp-content\/uploads\/2026\/09\/67093921.jpg\" itemprop=\"contentUrl\" data-size=\"1200x800\" data-large=\"https:\/\/www.europesays.com\/si\/wp-content\/uploads\/2026\/09\/67093921.jpg\"><br \/>\n\t\t\t\t\t\t\t\t\t<img decoding=\"async\" src=\"https:\/\/www.europesays.com\/si\/wp-content\/uploads\/2026\/09\/67093921.jpg\" title=\"Air tractor na delu. Foto: BoBo\" alt=\"Air tractor na delu. Foto: BoBo\"\/><br \/>\n\t\t\t\t\t\t\t\t<\/a><\/p>\n<p>\t\t\t\t\t\t\t\t\tAir tractor na delu. Foto: BoBo<\/p>\n<p>\t\t\t\t\t\t\t<a id=\"preferredSourceBanner\" href=\"https:\/\/www.rtvslo.si\/okolje\/sest-izmed-osmih-pilotov-za-upravljanje-air-tractorjev-se-se-vedno-izobrazuje\/javascript:void(0)\" target=\"_blank\" class=\"d-none align-items-center justify-content-between rounded my-3\" style=\"padding: 10px 15px;\" rel=\"nofollow noopener\"><br \/>\n\t\t\t\t\t\t<img decoding=\"async\" src=\"https:\/\/img.rtvslo.si\/_static\/novi\/img\/ico-google.svg\" class=\"flex-shrink-0 mr-3\" aria-hidden=\"true\"\/><br \/>\n\t\t\t\t\t\tSpremljajte RTVSLO.si kot prednostni vir na Google<\/p>\n<p>\t\t\t\t\t<\/a><\/p>\n<p>Poleg \u0161tirih air tractorjev pogodba med obrambnim ministrstvom in upravo za za\u0161\u010dito in re\u0161evanje dopu\u0161\u010da dokup \u0161e dveh letal za ga\u0161enje. A to se ne bo zgodilo kmalu, saj se \u0161est od osmih pilotov \u0161e vedno izobra\u017euje.<\/p>\n<p>Oglas<\/p>\n<p>Med njimi je tudi Mitja Vidmar, ki je takole opisal svoje letenje: &#8220;Poletimo z enim na\u010dinom letenja, pristajamo na vodi z drugim na\u010dinom pristajanja kot na letali\u0161\u010du, nato naredimo odmet. Tako da mora pilot nenadoma spremeniti tri, \u0161tiri postopke.&#8221;<\/p>\n<p>\u010ce letalo zajema vodo na jezeru ali reki, pristane s plovci, v manj kot osmih sekundah zajame 3000 litrov vode in jo odvr\u017ee nad pogori\u0161\u010dem. Vse te spremembe te\u017ee vplivajo na letenje, zato dodatno \u0161olanje za pilote, ki imajo \u017ee izku\u0161nje s \u0161portnim, voja\u0161kim ali komercialnim letenjem, traja tudi dve leti. Vodijo ga tujci, \u010deprav ti ve\u010dinoma vodo zajemajo v morjih, mi pa v jezerih in rekah.<\/p>\n<p>&#8220;Pri nas so \u017ee same to\u010dke zajemanja zahtevnej\u0161e kot v tujini. Ker so majhne, nimamo prostora za napake. Prav tako imamo veliko hribov, v hribih pa so po navadi prisotni razli\u010dni vetrovi in razli\u010dne turbulence,&#8221; je pojasnil Vidmar.<\/p>\n<p>V primerjavi z voja\u0161kim helikopterjem, ki tudi lahko pomaga pri ga\u0161enju, so air tractorji pri nas namenjeni samo ga\u0161enju. Civilni za\u0161\u010diti zanje ni treba zaprositi, ampak so ji vedno na voljo. V primeru velike po\u017earne ogro\u017eenosti opravljajo preventivne prelete \u017ee napolnjeni z vodo.<\/p>\n<p>&#8220;U\u010dinkovitost je brez dvoma veliko ve\u010dja, saj ko priletimo dolo\u010deno obmo\u010dje in vidimo po\u017ear, takoj sporo\u010dimo, da je po\u017ear aktiven. Dobimo odziv in takoj lahko odreagiramo,&#8221; je dodal Vidmar.<\/p>\n<p>Upravljanje air tractorja pa zahteva tudi veliko sodelovanja \u2013 med drugim z gasilci, s katerimi se mora pilot uskladiti za odmet, sodelovati pa morajo tudi kopalci, da omogo\u010dijo t. i. varnostni koridor za zajemanje vode.<\/p>\n<p>Air tractorji so bili v tujini sprva zasnovani predvsem za namakanje velikih kmetijskih povr\u0161in, danes pa so nepogre\u0161ljivi pri ga\u0161enju po\u017earov.<\/p>\n<p>Oglas<\/p>\n","protected":false},"excerpt":{"rendered":"Air tractor na delu. Foto: BoBo Spremljajte RTVSLO.si kot prednostni vir na Google Poleg \u0161tirih air tractorjev pogodba&hellip;\n","protected":false},"author":2,"featured_media":216414,"comment_status":"","ping_status":"","sticky":false,"template":"","format":"standard","meta":{"footnotes":"","_share_on_mastodon":"0"},"categories":[6],"tags":[41380,21586,760,59,61,62,37,58,60,38],"class_list":["post-216413","post","type-post","status-publish","format-standard","has-post-thumbnail","category-slovenija","tag-air-tractor","tag-gasenje","tag-pozar","tag-republic-of-slovenia","tag-republika-slovenija","tag-si","tag-slovene","tag-slovenia","tag-slovenija","tag-slovenscina"],"share_on_mastodon":{"url":"https:\/\/pubeurope.com\/@si\/117217230341378556","error":""},"_links":{"self":[{"href":"https:\/\/www.europesays.com\/si\/wp-json\/wp\/v2\/posts\/216413","targetHints":{"allow":["GET"]}}],"collection":[{"href":"https:\/\/www.europesays.com\/si\/wp-json\/wp\/v2\/posts"}],"about":[{"href":"https:\/\/www.europesays.com\/si\/wp-json\/wp\/v2\/types\/post"}],"author":[{"embeddable":true,"href":"https:\/\/www.europesays.com\/si\/wp-json\/wp\/v2\/users\/2"}],"replies":[{"embeddable":true,"href":"https:\/\/www.europesays.com\/si\/wp-json\/wp\/v2\/comments?post=216413"}],"version-history":[{"count":0,"href":"https:\/\/www.europesays.com\/si\/wp-json\/wp\/v2\/posts\/216413\/revisions"}],"wp:featuredmedia":[{"embeddable":true,"href":"https:\/\/www.europesays.com\/si\/wp-json\/wp\/v2\/media\/216414"}],"wp:attachment":[{"href":"https:\/\/www.europesays.com\/si\/wp-json\/wp\/v2\/media?parent=216413"}],"wp:term":[{"taxonomy":"category","embeddable":true,"href":"https:\/\/www.europesays.com\/si\/wp-json\/wp\/v2\/categories?post=216413"},{"taxonomy":"post_tag","embeddable":true,"href":"https:\/\/www.europesays.com\/si\/wp-json\/wp\/v2\/tags?post=216413"}],"curies":[{"name":"wp","href":"https:\/\/api.w.org\/{rel}","templated":true}]}}