{"id":216435,"date":"2026-09-05T07:39:08","date_gmt":"2026-09-05T07:39:08","guid":{"rendered":"https:\/\/www.europesays.com\/si\/216435\/"},"modified":"2026-09-05T07:39:08","modified_gmt":"2026-09-05T07:39:08","slug":"v-berlinu-obzalujejo-odlocitev-janseve-vlade-o-njenih-motivih-ne-bi-ugibal","status":"publish","type":"post","link":"https:\/\/www.europesays.com\/si\/216435\/","title":{"rendered":"V Berlinu ob\u017ealujejo odlo\u010ditev Jan\u0161eve vlade: \u00bbO njenih motivih ne bi ugibal\u00ab"},"content":{"rendered":"<p>Florian Hahn, namestnik nem\u0161kega zunanjega ministra, opozarja, da se Evropa zaradi ruske vojne proti Ukrajini, hibridnih napadov in zaostrovanja razmer na Bli\u017enjem vzhodu spoprijema z vse nevarnej\u0161im varnostnim okoljem. Ruske dejavnosti po njegovih besedah postajajo vse bolj \u201ekineti\u010dne\u201c, zato Nem\u010dija pripravlja tudi aktivne protiukrepe, ki pa jih ne razume kot stopnjevanje, temve\u010d kot obrambo. Evropa mora prevzeti ve\u010djo odgovornost za svojo varnost, pove\u010dati obrambne zmogljivosti ter poleg klasi\u010dne voja\u0161ke opreme vlagati v drone, digitalizacijo in za\u0161\u010dito kriti\u010dne infrastrukture. Morebitna de\u017eelna vlada pod vodstvom AfD bi bila resen izziv za nem\u0161ko politi\u010dno kulturo, vendar ne bi mogla spremeniti temeljne usmeritve Nem\u010dije v EU in Natu ali njene podpore Ukrajini.<\/p>\n<p>Hahn ob\u017ealuje, da je Slovenija kot edina \u010dlanica EU blokirala skupno obsodbo \u0161irjenja izraelskih naselbin na Zahodnem bregu. Poudarja, da je Evropska unija v zunanjepoliti\u010dnih vpra\u0161anjih mo\u010dna le takrat, ko nastopa enotno, razloge za slovensko odlo\u010ditev pa mora pojasniti Jan\u0161eva vlada sama. Kljub temu ena sama odlo\u010ditev po njegovem \u0161e ne pomeni, da se je SDS temeljno oddaljila od Evropske ljudske stranke. Nem\u010dija Slovenijo \u0161e naprej vidi kot pomembno in cenjeno partnerico, Hahn pa pri\u010dakuje nadaljevanje konstruktivnega sodelovanja, tudi pri podpori Ukrajini in zagotavljanju evropske varnosti.<\/p>\n","protected":false},"excerpt":{"rendered":"Florian Hahn, namestnik nem\u0161kega zunanjega ministra, opozarja, da se Evropa zaradi ruske vojne proti Ukrajini, hibridnih napadov in&hellip;\n","protected":false},"author":2,"featured_media":216436,"comment_status":"","ping_status":"","sticky":false,"template":"","format":"standard","meta":{"footnotes":"","_share_on_mastodon":"0"},"categories":[6],"tags":[2296,11694,500,422,52777,2006,51,493,1033,59,61,421,62,37,58,60,38,929,13055,7151],"class_list":["post-216435","post","type-post","status-publish","format-standard","has-post-thumbnail","category-slovenija","tag-afd","tag-epp","tag-eu","tag-evropska-unija","tag-florian-hahn","tag-izrael","tag-janez-jansa","tag-nemcija","tag-obramba","tag-republic-of-slovenia","tag-republika-slovenija","tag-rusija","tag-si","tag-slovene","tag-slovenia","tag-slovenija","tag-slovenscina","tag-vojna-v-ukrajini","tag-zahodni-breg","tag-zunanja-politika"],"share_on_mastodon":{"url":"https:\/\/pubeurope.com\/@si\/117217300562904229","error":""},"_links":{"self":[{"href":"https:\/\/www.europesays.com\/si\/wp-json\/wp\/v2\/posts\/216435","targetHints":{"allow":["GET"]}}],"collection":[{"href":"https:\/\/www.europesays.com\/si\/wp-json\/wp\/v2\/posts"}],"about":[{"href":"https:\/\/www.europesays.com\/si\/wp-json\/wp\/v2\/types\/post"}],"author":[{"embeddable":true,"href":"https:\/\/www.europesays.com\/si\/wp-json\/wp\/v2\/users\/2"}],"replies":[{"embeddable":true,"href":"https:\/\/www.europesays.com\/si\/wp-json\/wp\/v2\/comments?post=216435"}],"version-history":[{"count":0,"href":"https:\/\/www.europesays.com\/si\/wp-json\/wp\/v2\/posts\/216435\/revisions"}],"wp:featuredmedia":[{"embeddable":true,"href":"https:\/\/www.europesays.com\/si\/wp-json\/wp\/v2\/media\/216436"}],"wp:attachment":[{"href":"https:\/\/www.europesays.com\/si\/wp-json\/wp\/v2\/media?parent=216435"}],"wp:term":[{"taxonomy":"category","embeddable":true,"href":"https:\/\/www.europesays.com\/si\/wp-json\/wp\/v2\/categories?post=216435"},{"taxonomy":"post_tag","embeddable":true,"href":"https:\/\/www.europesays.com\/si\/wp-json\/wp\/v2\/tags?post=216435"}],"curies":[{"name":"wp","href":"https:\/\/api.w.org\/{rel}","templated":true}]}}