{"id":216471,"date":"2026-09-05T08:14:11","date_gmt":"2026-09-05T08:14:11","guid":{"rendered":"https:\/\/www.europesays.com\/si\/216471\/"},"modified":"2026-09-05T08:14:11","modified_gmt":"2026-09-05T08:14:11","slug":"vec-deckov-v-osnovni-soli-posililo-vrstnika-starsev-o-tem-sploh-niso-obvestili","status":"publish","type":"post","link":"https:\/\/www.europesays.com\/si\/216471\/","title":{"rendered":"Ve\u010d de\u010dkov v osnovni \u0161oli posililo vrstnika, star\u0161ev o tem sploh niso obvestili"},"content":{"rendered":"<p>    <img decoding=\"async\" data-lb-desktop=\"\/media\/2026\/09\/04\/860615\/Orig-1406321-1200.webp\" data-lb-mobile=\"\/media\/2026\/09\/04\/860615\/Orig-1406321-600.webp\" class=\"main-gallery-image se_image_lb\" src=\"https:\/\/www.europesays.com\/si\/wp-content\/uploads\/2026\/09\/Wide-1406321-1000.webp\" alt=\"\ufeff03.08.2021 Simboli\u010dna Fotografija- prazen rared, u\u010dilnica, \u0161ola FOTO: Toma\u017e Skale\"\/><\/p>\n<p>Osnovno\u0161olca so vrstniki napadli v \u0161oli. Fotografija je simboli\u010dna: Toma\u017e Skale<\/p>\n<p>Ve\u010d de\u010dkov v osnovni \u0161oli posililo vrstnika, star\u0161ev o tem sploh niso obvestili<\/p>\n<p>Ve\u010d osnovno\u0161olcev je junija v \u0161oli blizu \u010ca\u010dka v Srbiji posililo fanta. Ta je poletne po\u010ditnice pre\u017eivel v bolni\u0161nici, pri psihiatru in psihologu, njegovi star\u0161i pa sedaj zahtevajo primeren odziv pristojnih institucij in kaznovanje storilcev. Iz \u0161ole jih o napadu sploh niso obvestili, napadenega so pe\u0161 samega poslali domov.<\/p>\n<p>                        05. 09. 2026, 07.30\n                    <\/p>\n<p> tak\n                    <\/p>\n<p>                        <a href=\"https:\/\/google.com\/preferences\/source?q=dnevnik.si\" class=\"se-author-gps-cta\" target=\"_blank\" rel=\"nofollow noopener\"><br \/>\n                            <img decoding=\"async\" class=\"se-author-gps-cta-badge\" src=\"https:\/\/www.europesays.com\/si\/wp-content\/uploads\/2026\/09\/1788596050_97_dnevnik_gps_badge.png\" alt=\"Google Preferred Sources CTA\"\/><br \/>\n                        <\/a><\/p>\n<p>Proti koncu lanskega \u0161olskega leta so na Osnovni \u0161oli Tatomir An\u0111eli\u0107\u00a0v kraju Mr\u010dajevci blizu \u010ca\u010dka v osrednji Srbiji fantje spolno napadli vrstnika. Koliko so bili stari otroci, na portalu lokalne postaje Ozon Radio niso zapisali, se je pa nanje obrnila de\u010dkova mama.<\/p>\n<p>\u00bb38 no\u010di nismo spali. Drugi so u\u017eivali v po\u010ditnicah, na\u0161 otrok pa je bil v bolni\u0161nici, pri psihiatru in psihologu,\u00ab je dejala Ana Markovi\u0107. Razo\u010darana je nad odzivom pristojnih institucij, tudi nad vodstvom \u0161ole, s pomo\u010djo podpore pe\u0161\u010dice star\u0161ev drugih \u0161olarjev ji je uspelo prepre\u010diti, da bi celoten napad pometli pod preprogo. Upa, da bodo storilci prevzeli odgovornost in bodo za svoje dejanje kaznovani.<\/p>\n<p>    <a class=\"se-card__wrap se-card--link\" href=\"https:\/\/www.dnevnik.si\/novice\/kronika\/zatajil-sistem-osumljenca-umora-11-letnice-veckrat-prijavili-za-posilstvo-2806974\/\" data-upscore-url=\"\" rel=\"nofollow noopener\" target=\"_blank\"><\/p>\n<p>        <img decoding=\"async\" class=\"se-image se-image--card\" src=\"https:\/\/www.europesays.com\/si\/wp-content\/uploads\/2026\/09\/Wide-PoliciFra-400.webp\" alt=\"policija francija\"\/><\/p>\n<p>Francija<\/p>\n<p>Zatajil sistem? Osumljenca umora 11-letnice ve\u010dkrat prijavili za posilstvo<\/p>\n<p>    <\/a><\/p>\n<p>Opisal napad<\/p>\n<p>\u00bbPri\u0161el sem v u\u010dilnico za tehni\u010dni pouk. Bili so tam, jaz pa sem stopil do enega, se z rokama naslonil na klop in se za\u010del pogovarjati z njim. Kar naenkrat se mi je od zadaj pribli\u017eal fant, mi slekel hla\u010de in za\u010del. Ko je kon\u010dal, sem se oblekel in \u0161el iz u\u010dilnice. Zapodil se je za menoj, me prijel za roko in me odvlekel nazaj v u\u010dilnico,\u00ab je pretresljivo izku\u0161njo policiji opisal napadeni de\u010dek.<\/p>\n<p>Za roko ga je takrat zagrabil \u0161e drug fant, vlekel ga je, zagrabil, ga stisnil med noge, \u0161e enkrat slekel in znova spolno napadel. \u00bbKar naj povedo, kako je bilo. Naj ne la\u017eejo! Vedno se jim uspe izmuzniti,\u00ab je \u0161e dodal napadeni fant. Kljub brutalnemu posilstvu so ga iz \u0161ole pustili samega domov, in sicer na deset kilometrov dolgo pot.<\/p>\n<p>    <a class=\"se-card__wrap se-card--link\" href=\"https:\/\/www.dnevnik.si\/novice\/kronika\/267-krat-posilil-hcer-vrhovno-sodisce-potrdilo-kazen-2763018\/\" data-upscore-url=\"\" rel=\"nofollow noopener\" target=\"_blank\"><\/p>\n<p>        <img decoding=\"async\" class=\"se-image se-image--card\" src=\"https:\/\/www.europesays.com\/si\/wp-content\/uploads\/2026\/09\/Wide-1005997-400.webp\" alt=\"\ufeff- simboli\u010dna fotografija - izlu\u017eba - lutka - eroti\u010dno perilo - spolno nasilje - zlorabe - spolnost - nepremi\u010dnine - davki - dajatve - prispevki, nepremi\u010dninski davek, \/\/FOTO: Bojan Velikonja\"\/><\/p>\n<p>zavrnili prito\u017ebo<\/p>\n<p>Split: Pet let posiljeval h\u010derko, za\u010delo se je, ko je imela le pet let<\/p>\n<p>    <\/a><\/p>\n<p>Kdo bo zagotovil varnost otrok?<\/p>\n<p>Njegov o\u010de je zgro\u017een, da ga o napadu niso obvestili. Sploh, ker ga sicer redno obve\u0161\u010dajo o vsaki malenkosti, ki naj bi jo napravil njegov sin. Na posilstvo so se odzvali \u0161ele, ko je sam govoril s sinovo razredni\u010darko. Ta mu je na neposredno vpra\u0161anje odgovorila, da se je vse to res zgodilo, so poro\u010dali na radiu Ozon.<\/p>\n<p>\u010ce ne bodo v \u0161oli \u010desa storili, se bo njegov sin v \u0161olo in nazaj vozil na istem avtobusu kot njegovi posiljevalci. Z njimi bo prisiljen biti tudi v \u0161oli. O\u010de se spra\u0161uje, kdo bo zagotovil, da bo njegov otrok v \u0161oli varen. In kdo, da bodo pred nasilne\u017ei varni tudi ostali otroci.<\/p>\n<p>    <a class=\"se-card__wrap se-card--link\" href=\"https:\/\/www.dnevnik.si\/novice\/kronika\/hrvaska-hcer-posilil-1550-krat-rodila-mu-je-otroka-2120655\/\" data-upscore-url=\"\" rel=\"nofollow noopener\" target=\"_blank\"><\/p>\n<p>        <img decoding=\"async\" class=\"se-image se-image--card\" src=\"https:\/\/www.europesays.com\/si\/wp-content\/uploads\/2026\/09\/Wide-3-928487-400.webp\" alt=\"- ilustrativna fotografija - sence - ulica - cesta - \/\/FOTO: Bojan Velikonja\"\/><\/p>\n<p>Kronika<\/p>\n<p>Hrva\u0161ka: h\u010der posilil 1550-krat, rodila mu je otroka<\/p>\n<p>    <\/a><\/p>\n<p>Tiso\u010di podpisali peticijo<\/p>\n<p>Star\u0161i so zbrali ve\u010d tiso\u010d podpisov za peticijo, s katero zahtevajo celovito preiskavo spolnega nasilja med vrstniki. Za vpletene zahtevajo kazni. O grozljivem napadu na sina so javno spregovorili le zato, da se ne bi kaj podobnega pripetilo \u0161e komu drugemu.<\/p>\n<p>Ana\u00a0Markovi\u0107 si \u017eeli le, da bi bil njen sin enkrat bolje, da bi se lahko vrnil v \u0161olo in v \u017eivljenju normalno funkcioniral. Z mo\u017eem sta vse tri sinove vzgajala v dobre, delovne in po\u0161tene ljudi.<\/p>\n","protected":false},"excerpt":{"rendered":"Osnovno\u0161olca so vrstniki napadli v \u0161oli. Fotografija je simboli\u010dna: Toma\u017e Skale Ve\u010d de\u010dkov v osnovni \u0161oli posililo vrstnika,&hellip;\n","protected":false},"author":2,"featured_media":216472,"comment_status":"","ping_status":"","sticky":false,"template":"","format":"standard","meta":{"footnotes":"","_share_on_mastodon":"0"},"categories":[8],"tags":[52787,52786,52785,37,38,780,64,63],"class_list":["post-216471","post","type-post","status-publish","format-standard","has-post-thumbnail","category-svet","tag-ana-markovic","tag-posilstvo-otroka-v-soli","tag-posilstvo-vrstnika","tag-slovene","tag-slovenscina","tag-srbija","tag-svet","tag-world"],"share_on_mastodon":{"url":"https:\/\/pubeurope.com\/@si\/117217438587761180","error":""},"_links":{"self":[{"href":"https:\/\/www.europesays.com\/si\/wp-json\/wp\/v2\/posts\/216471","targetHints":{"allow":["GET"]}}],"collection":[{"href":"https:\/\/www.europesays.com\/si\/wp-json\/wp\/v2\/posts"}],"about":[{"href":"https:\/\/www.europesays.com\/si\/wp-json\/wp\/v2\/types\/post"}],"author":[{"embeddable":true,"href":"https:\/\/www.europesays.com\/si\/wp-json\/wp\/v2\/users\/2"}],"replies":[{"embeddable":true,"href":"https:\/\/www.europesays.com\/si\/wp-json\/wp\/v2\/comments?post=216471"}],"version-history":[{"count":0,"href":"https:\/\/www.europesays.com\/si\/wp-json\/wp\/v2\/posts\/216471\/revisions"}],"wp:featuredmedia":[{"embeddable":true,"href":"https:\/\/www.europesays.com\/si\/wp-json\/wp\/v2\/media\/216472"}],"wp:attachment":[{"href":"https:\/\/www.europesays.com\/si\/wp-json\/wp\/v2\/media?parent=216471"}],"wp:term":[{"taxonomy":"category","embeddable":true,"href":"https:\/\/www.europesays.com\/si\/wp-json\/wp\/v2\/categories?post=216471"},{"taxonomy":"post_tag","embeddable":true,"href":"https:\/\/www.europesays.com\/si\/wp-json\/wp\/v2\/tags?post=216471"}],"curies":[{"name":"wp","href":"https:\/\/api.w.org\/{rel}","templated":true}]}}