{"id":216497,"date":"2026-09-05T08:34:07","date_gmt":"2026-09-05T08:34:07","guid":{"rendered":"https:\/\/www.europesays.com\/si\/216497\/"},"modified":"2026-09-05T08:34:07","modified_gmt":"2026-09-05T08:34:07","slug":"rusija-napadla-sedez-ukrajinske-varnostne-sluzbe-v-srediscu-kijeva-vzivo","status":"publish","type":"post","link":"https:\/\/www.europesays.com\/si\/216497\/","title":{"rendered":"Rusija napadla sede\u017e ukrajinske varnostne slu\u017ebe v sredi\u0161\u010du Kijeva #v\u017divo"},"content":{"rendered":"<p>Ruski napadi so bili v petek usmerjeni na stavbo ukrajinske varnostne slu\u017ebe v Kijevu, kar ka\u017ee na veliko eskalacijo v rusko-ukrajinski vojni, pi\u0161e CNN. V napadu je bilo ranjenih 12 ljudi.<\/p>\n<p>                    Dnevni pregled najpomembnej\u0161ih dogodkov:\u00a0<\/p>\n<p>6.31 Rusija napadla sede\u017e ukrajinske varnostne slu\u017ebe v sredi\u0161\u010du Kijeva<\/p>\n<p>6.31 Rusija napadla sede\u017e ukrajinske varnostne slu\u017ebe v sredi\u0161\u010du Kijeva<\/p>\n<p>Ruski brezpilotni letalnik je v petek zadel sede\u017e ukrajinske varnostne slu\u017ebe (SBU) v Kijevu, kar je redek neposreden zadetek v klju\u010dno vladno stavbo.\u00a0To poudarja hudo pomanjkanje zra\u010dne obrambe v Ukrajini.<\/p>\n<p>SBU je ukrajinska agencija za notranjo varnost, podobna FBI\u00a0v ZDA ali MI5 v Zdru\u017eenem kraljestvu. Med drugim preiskuje ruske zlo\u010dine na ukrajinskem ozemlju. Stavba agencije stoji v samem sredi\u0161\u010du\u00a0Kijeva, \u010dez cesto od katedrale svete Sofije, ki je na Unescovem seznamu.<\/p>\n<p>Napad se je zgodil po ve\u010d dneh skoraj neprekinjenih zra\u010dnih napadov Rusije na ukrajinsko prestolnico. Oblasti so sporo\u010dile, da je bilo v napadu ranjenih 12 ljudi in da so bile na kraju dogodka re\u0161evalne slu\u017ebe.<\/p>\n<p>Ukrajinski predsednik Volodimir Zelenski je dejal, da je bil dron usmerjen neposredno v pisarno \u0161efa SBU Oleksandra Poklada. SBU je kasneje sporo\u010dila, da je Poklad varen in da v napadu ni bil po\u0161kodovan.<\/p>\n<p>&#8220;Pokladu sem naro\u010dil, naj Rusom, ko bo vse pripravljeno, zagotovi ustrezen in oprijemljiv odgovor, ki bo, kolikor je to\u00a0mogo\u010de, podoben temu napadu. Na\u0161a vojska bo ta odgovor podprla,&#8221;\u00a0je dejal Zelenski.<\/p>\n<p>To je sicer \u017ee osmi dan zapored, ko se Kijev soo\u010da z ruskimi napadi. Prizadeti so bili \u0161tevilni objekti\u00a0v sredi\u0161\u010du mesta, pa tudi skladi\u0161\u010da in tovarne.<\/p>\n<p>Od za\u010detka teh skoraj neprekinjenih napadov prej\u0161nji mesec je bilo v Kijevu in \u0161ir\u0161i kijevski regiji ubitih najmanj 53 ljudi in 134 ranjenih.<\/p>\n<p>Napad na SBU je velika eskalacija in znak, da se Kijev vse manj zmore braniti pred ruskimi napadi, saj se spopada s kriti\u010dnim pomanjkanjem prestreznih raket. Ve\u010dina napadov v zadnjih nekaj dneh je bila izvedena z reaktivnimi brezpilotnimi letali.<\/p>\n<p>Rusija \u017ee od za\u010detka vojne cilja na ukrajinske vladne stavbe in redno izvaja mno\u017ei\u010dne zra\u010dne napade na Kijev. \u010ceprav jih je v preteklosti zadela le pe\u0161\u010dico, ji podnevi nikoli ni uspelo zadeti tako pomembnega cilja.<\/p>\n<p>&#8220;Moskva je ta napad spro\u017eila med obnovljenim prizadevanjem za mir, s \u010dimer je razkrila svojo resni\u010dno zavrnitev diplomacije,&#8221;\u00a0je dejal Andrij Sabiha\u00a0in spomnil, da prav v teh dneh ameri\u0161ka posebna odposlanca<a href=\"https:\/\/siol.net\/novice\/svet\/trumpova-delegacija-najprej-v-moskvo-nato-v-kijev-700689\" target=\"_blank\" rel=\"nofollow noopener\"> Steve Witkoff in Jared Kushner\u00a0odhajata na\u00a0obisk v Moskvo\u00a0in Kijev<\/a>. &#8220;Pozivamo mednarodne partnerje, naj nedvoumno obsodijo ta dejanja in okrepijo pritisk na Putinov re\u017eim,&#8221;\u00a0je dodal.\u00a0<\/p>\n","protected":false},"excerpt":{"rendered":"Ruski napadi so bili v petek usmerjeni na stavbo ukrajinske varnostne slu\u017ebe v Kijevu, kar ka\u017ee na veliko&hellip;\n","protected":false},"author":2,"featured_media":216498,"comment_status":"","ping_status":"","sticky":false,"template":"","format":"standard","meta":{"footnotes":"","_share_on_mastodon":"0"},"categories":[20],"tags":[32,35,529,31,34,36,421,52061,37,38,33,71,882],"class_list":["post-216497","post","type-post","status-publish","format-standard","has-post-thumbnail","category-novice","tag-headlines","tag-najpomembnejse-novice","tag-napad","tag-news","tag-novice","tag-osrednje-novice","tag-rusija","tag-sbu","tag-slovene","tag-slovenscina","tag-top-stories","tag-ukrajina","tag-vojna"],"share_on_mastodon":{"url":"https:\/\/pubeurope.com\/@si\/117217516841816911","error":""},"_links":{"self":[{"href":"https:\/\/www.europesays.com\/si\/wp-json\/wp\/v2\/posts\/216497","targetHints":{"allow":["GET"]}}],"collection":[{"href":"https:\/\/www.europesays.com\/si\/wp-json\/wp\/v2\/posts"}],"about":[{"href":"https:\/\/www.europesays.com\/si\/wp-json\/wp\/v2\/types\/post"}],"author":[{"embeddable":true,"href":"https:\/\/www.europesays.com\/si\/wp-json\/wp\/v2\/users\/2"}],"replies":[{"embeddable":true,"href":"https:\/\/www.europesays.com\/si\/wp-json\/wp\/v2\/comments?post=216497"}],"version-history":[{"count":0,"href":"https:\/\/www.europesays.com\/si\/wp-json\/wp\/v2\/posts\/216497\/revisions"}],"wp:featuredmedia":[{"embeddable":true,"href":"https:\/\/www.europesays.com\/si\/wp-json\/wp\/v2\/media\/216498"}],"wp:attachment":[{"href":"https:\/\/www.europesays.com\/si\/wp-json\/wp\/v2\/media?parent=216497"}],"wp:term":[{"taxonomy":"category","embeddable":true,"href":"https:\/\/www.europesays.com\/si\/wp-json\/wp\/v2\/categories?post=216497"},{"taxonomy":"post_tag","embeddable":true,"href":"https:\/\/www.europesays.com\/si\/wp-json\/wp\/v2\/tags?post=216497"}],"curies":[{"name":"wp","href":"https:\/\/api.w.org\/{rel}","templated":true}]}}