{"id":216513,"date":"2026-09-05T08:49:12","date_gmt":"2026-09-05T08:49:12","guid":{"rendered":"https:\/\/www.europesays.com\/si\/216513\/"},"modified":"2026-09-05T08:49:12","modified_gmt":"2026-09-05T08:49:12","slug":"steinmeier-pred-volitvami-v-saski-anhaltu-prihodnosti-ni-mogoce-graditi-na-sovrastvu-in-podziganju","status":"publish","type":"post","link":"https:\/\/www.europesays.com\/si\/216513\/","title":{"rendered":"Steinmeier pred volitvami v Sa\u0161ki-Anhaltu: Prihodnosti ni mogo\u010de graditi na sovra\u0161tvu in pod\u017eiganju"},"content":{"rendered":"<p>\t\t\t\t\t\t\t\t<a href=\"https:\/\/www.europesays.com\/si\/wp-content\/uploads\/2026\/09\/67094003.jpg\" itemprop=\"contentUrl\" data-size=\"1200x800\" data-large=\"https:\/\/www.europesays.com\/si\/wp-content\/uploads\/2026\/09\/67094003.jpg\"><br \/>\n\t\t\t\t\t\t\t\t\t<img decoding=\"async\" src=\"https:\/\/www.europesays.com\/si\/wp-content\/uploads\/2026\/09\/67094003.jpg\" title=\"Frank-Walter Steinmeier. Foto: AP\" alt=\"Frank-Walter Steinmeier. Foto: AP\"\/><br \/>\n\t\t\t\t\t\t\t\t<\/a><\/p>\n<p>\t\t\t\t\t\t\t\t\tFrank-Walter Steinmeier. Foto: AP<\/p>\n<p>\t\t\t\t\t\t\t<a id=\"preferredSourceBanner\" href=\"https:\/\/www.rtvslo.si\/svet\/evropa\/steinmeier-pred-volitvami-v-saski-anhaltu-prihodnosti-ni-mogoce-graditi-na-sovrastvu-in-podziganju\/javascript:void(0)\" target=\"_blank\" class=\"d-none align-items-center justify-content-between rounded my-3\" style=\"padding: 10px 15px;\" rel=\"nofollow noopener\"><br \/>\n\t\t\t\t\t\t<img decoding=\"async\" src=\"https:\/\/img.rtvslo.si\/_static\/novi\/img\/ico-google.svg\" class=\"flex-shrink-0 mr-3\" aria-hidden=\"true\"\/><br \/>\n\t\t\t\t\t\tSpremljajte RTVSLO.si kot prednostni vir na Google<\/p>\n<p>\t\t\t\t\t<\/a><\/p>\n<p>&#8220;Etni\u010dno usmerjeno razmi\u0161ljanje in nacionalisti\u010dni izolacionizem preprosto nista odgovor na izzive 21. stoletja,&#8221; je Steinmeier dejal na dogodku v njegovi drugi rezidenci v Bonnu, pri tem pa ni poimensko omenil AfD-ja, niti izrecno de\u017eelnih volitev, ki bodo potekale v nedeljo.<\/p>\n<p>Oglas<\/p>\n<p>Liberalno demokracijo je opisal kot dose\u017eek in &#8220;blagoslov za vse&#8221;. Pomembno se je zavedati, da tisti, ki \u017eelijo za\u0161\u010dititi in ohraniti demokracijo, predstavljajo ve\u010dino, je \u0161e poudaril.<\/p>\n<p>Steinmeier je nadaljeval, da jeza in ogor\u010denje ne ponujata poti naprej. &#8220;Prihodnosti ni mogo\u010de graditi na sovra\u0161tvu in pod\u017eiganju,&#8221; je izpostavil<\/p>\n<p>Ankete AfD-ju napovedujejo prepri\u010dljivo zmago<\/p>\n<p>Javnomnenjske ankete protipriseljenski stranki AfD na volitvah v Sa\u0161ki-Anhaltu napovedujejo med 41 in 43 odstotkov glasov. Stranka med prioritetami izpostavlja izgon nezakonitih prebe\u017enikov, spro\u017eiti \u017eeli tudi postopek umika de\u017eele iz sistema regionalne javne radiotelevizije. Napoveduje  prepoved razobe\u0161anja mavri\u010dnih zastav v \u0161olah in obvezno razobe\u0161anje nem\u0161ke zastave. AfD nasprotuje tudi finan\u010dni podpori Ukrajine in poziva k odpravi sankcij proti Rusiji; o teh zadevah sicer ne odlo\u010da de\u017eelna vlada.<\/p>\n<p>Visoka podpora AfD-ju na volitvah bi pove\u010dala pritisk na kanclerja Friedricha Merza, obenem pa \u0161e okrepila leta 2013 ustanovljeno skrajno desno stranko. Ta je priljubljena na vzhodu Nem\u010dije, zaradi vse ve\u010djega nezadovoljstva Nemcev ob pe\u0161anju nem\u0161kega gospodarstva pa se krepi tudi na zahodu dr\u017eave.<\/p>\n<p>Pri\u010dakovati je, da bo prihod AfD-ja na oblast prepre\u010dil t. i. po\u017earni zid, na\u010delna zaveza nem\u0161kih strank, da ne bodo sodelovale s skrajno desno stranko. \u010ce bi AfD v Sa\u0161ki-Anhalt pri\u0161el na oblast, bi bil to najve\u010dji uspeh stranke v 13 letih obstoja, a tudi velik politi\u010dni \u0161ok za Nem\u010dijo. Prvi\u010d po drugi svetovni vojni bi bila namre\u010d v kateri izmed 16 zveznih de\u017eel na oblasti skrajno desna stranka.<\/p>\n<p>Oglas<\/p>\n","protected":false},"excerpt":{"rendered":"Frank-Walter Steinmeier. Foto: AP Spremljajte RTVSLO.si kot prednostni vir na Google &#8220;Etni\u010dno usmerjeno razmi\u0161ljanje in nacionalisti\u010dni izolacionizem preprosto&hellip;\n","protected":false},"author":2,"featured_media":216514,"comment_status":"","ping_status":"","sticky":false,"template":"","format":"standard","meta":{"footnotes":"","_share_on_mastodon":"0"},"categories":[3],"tags":[2296,65,66,52792,493,37290,37,38,203],"class_list":["post-216513","post","type-post","status-publish","format-standard","has-post-thumbnail","category-evropa","tag-afd","tag-europe","tag-evropa","tag-frank-walter-steinmeier","tag-nemcija","tag-saska-anhalt","tag-slovene","tag-slovenscina","tag-volitve"],"share_on_mastodon":{"url":"https:\/\/pubeurope.com\/@si\/117217576271811377","error":""},"_links":{"self":[{"href":"https:\/\/www.europesays.com\/si\/wp-json\/wp\/v2\/posts\/216513","targetHints":{"allow":["GET"]}}],"collection":[{"href":"https:\/\/www.europesays.com\/si\/wp-json\/wp\/v2\/posts"}],"about":[{"href":"https:\/\/www.europesays.com\/si\/wp-json\/wp\/v2\/types\/post"}],"author":[{"embeddable":true,"href":"https:\/\/www.europesays.com\/si\/wp-json\/wp\/v2\/users\/2"}],"replies":[{"embeddable":true,"href":"https:\/\/www.europesays.com\/si\/wp-json\/wp\/v2\/comments?post=216513"}],"version-history":[{"count":0,"href":"https:\/\/www.europesays.com\/si\/wp-json\/wp\/v2\/posts\/216513\/revisions"}],"wp:featuredmedia":[{"embeddable":true,"href":"https:\/\/www.europesays.com\/si\/wp-json\/wp\/v2\/media\/216514"}],"wp:attachment":[{"href":"https:\/\/www.europesays.com\/si\/wp-json\/wp\/v2\/media?parent=216513"}],"wp:term":[{"taxonomy":"category","embeddable":true,"href":"https:\/\/www.europesays.com\/si\/wp-json\/wp\/v2\/categories?post=216513"},{"taxonomy":"post_tag","embeddable":true,"href":"https:\/\/www.europesays.com\/si\/wp-json\/wp\/v2\/tags?post=216513"}],"curies":[{"name":"wp","href":"https:\/\/api.w.org\/{rel}","templated":true}]}}