{"id":216525,"date":"2026-09-05T09:04:08","date_gmt":"2026-09-05T09:04:08","guid":{"rendered":"https:\/\/www.europesays.com\/si\/216525\/"},"modified":"2026-09-05T09:04:08","modified_gmt":"2026-09-05T09:04:08","slug":"sredi-noci-zagorelo-v-stanovanju-vse-se-je-zacelo-zaradi-pozabljene-hrane","status":"publish","type":"post","link":"https:\/\/www.europesays.com\/si\/216525\/","title":{"rendered":"Sredi no\u010di zagorelo v stanovanju, vse se je za\u010delo zaradi pozabljene hrane"},"content":{"rendered":"<p>Ob 2.51 je v Ferkovi ulici v Mariboru, zaradi pozabljene hrane na \u0161tedilniku gorelo v kuhinji stanovanja v ve\u010dstanovanjski stavbi. Sosed je \u017ee pred prihodom gasilcem pogasil po\u017ear. Gasilci JZ GB Maribor in PGD Radvanje so stanovanje prezra\u010dili, pregledali s termovizijsko kamero in merilcem nevarnih plinov. Delavec plinarne je zaprl \u0161e dovod plina. Re\u0161evalci NMP so eno osebo prepeljali v UKC Maribor.<\/p>\n<p>Pri po\u017earu je najpomembnej\u0161e, da \u010dlovek \u010dim prej poskrbi za svojo varnost in varnost drugih. \u010ce po\u017eara ni mogo\u010de varno pogasiti, je treba prostor oziroma stavbo \u010dim prej zapustiti in poklicati pomo\u010d. Ob klicu na \u0161tevilko 113 policija svetuje, da \u010dim bolj natan\u010dno poveste, kaj se je zgodilo, kje je dogodek, ali je kdo po\u0161kodovan ter druge podatke, ki lahko pomagajo pri organizaciji intervencije.<\/p>\n<p>Posebej pomembno je, da se ljudje ne izpostavljajo nepotrebnemu tveganju. \u010ce je v prostoru veliko dima ali se ogenj hitro \u0161iri, ga je treba zapustiti in po\u010dakati na prihod gasilcev. Pri po\u017earu v ve\u010dstanovanjski stavbi je pomembno tudi opozoriti druge stanovalce, \u010de je to mogo\u010de storiti varno.<\/p>\n<p>Pozabljena hrana lahko povzro\u010di veliko nevarnost<\/p>\n<p>Prav dogodek v Mariboru opozarja, kako hitro lahko trenutek nepazljivosti privede do po\u017eara. Hrana, ki ostane na pri\u017eganem \u0161tedilniku brez nadzora, se lahko za\u010dne pregrevati in zagoreti, ogenj pa se lahko raz\u0161iri tudi na bli\u017enje predmete.<\/p>\n<p>Policija med preventivnimi nasveti za varnost doma opozarja, naj ljudje pred odhodom od doma preverijo, ali so naprave izklopljene, ter zaprejo plin in vodo.<\/p>\n","protected":false},"excerpt":{"rendered":"Ob 2.51 je v Ferkovi ulici v Mariboru, zaradi pozabljene hrane na \u0161tedilniku gorelo v kuhinji stanovanja v&hellip;\n","protected":false},"author":2,"featured_media":216526,"comment_status":"","ping_status":"","sticky":false,"template":"","format":"standard","meta":{"footnotes":"","_share_on_mastodon":"0"},"categories":[22],"tags":[3771,52793,725,2038,150,2729,881,760,62,37,58,60,38,749,13007,2346,643],"class_list":["post-216525","post","type-post","status-publish","format-standard","has-post-thumbnail","category-maribor","tag-dom","tag-ferkova-ulica","tag-gasilci","tag-hrana","tag-maribor","tag-ogenj","tag-plin","tag-pozar","tag-si","tag-slovene","tag-slovenia","tag-slovenija","tag-slovenscina","tag-stanovanje","tag-stedilnik","tag-ukc-maribor","tag-varnost"],"share_on_mastodon":{"url":"https:\/\/pubeurope.com\/@si\/117217634918479656","error":""},"_links":{"self":[{"href":"https:\/\/www.europesays.com\/si\/wp-json\/wp\/v2\/posts\/216525","targetHints":{"allow":["GET"]}}],"collection":[{"href":"https:\/\/www.europesays.com\/si\/wp-json\/wp\/v2\/posts"}],"about":[{"href":"https:\/\/www.europesays.com\/si\/wp-json\/wp\/v2\/types\/post"}],"author":[{"embeddable":true,"href":"https:\/\/www.europesays.com\/si\/wp-json\/wp\/v2\/users\/2"}],"replies":[{"embeddable":true,"href":"https:\/\/www.europesays.com\/si\/wp-json\/wp\/v2\/comments?post=216525"}],"version-history":[{"count":0,"href":"https:\/\/www.europesays.com\/si\/wp-json\/wp\/v2\/posts\/216525\/revisions"}],"wp:featuredmedia":[{"embeddable":true,"href":"https:\/\/www.europesays.com\/si\/wp-json\/wp\/v2\/media\/216526"}],"wp:attachment":[{"href":"https:\/\/www.europesays.com\/si\/wp-json\/wp\/v2\/media?parent=216525"}],"wp:term":[{"taxonomy":"category","embeddable":true,"href":"https:\/\/www.europesays.com\/si\/wp-json\/wp\/v2\/categories?post=216525"},{"taxonomy":"post_tag","embeddable":true,"href":"https:\/\/www.europesays.com\/si\/wp-json\/wp\/v2\/tags?post=216525"}],"curies":[{"name":"wp","href":"https:\/\/api.w.org\/{rel}","templated":true}]}}