{"id":216531,"date":"2026-09-05T09:08:15","date_gmt":"2026-09-05T09:08:15","guid":{"rendered":"https:\/\/www.europesays.com\/si\/216531\/"},"modified":"2026-09-05T09:08:15","modified_gmt":"2026-09-05T09:08:15","slug":"vincencijev-koledar-2026-2027-delo-daje-dostojanstvo","status":"publish","type":"post","link":"https:\/\/www.europesays.com\/si\/216531\/","title":{"rendered":"Vincencijev koledar 2026\/2027: Delo daje dostojanstvo"},"content":{"rendered":"<p style=\"text-align:justify\">Tudi letos smo v Dru\u0161tvu prostovoljcev Vincencijeve zveze dobrote pripravili Vincencijev koledar, ki tokrat zajema obdobje vse do konca leta 2027. V naslednjih tednih bomo obiskali \u017eupnije po Sloveniji, koledar pa lahko tudi naro\u010dite na naslovu <a href=\"https:\/\/katoliska-cerkev.si\/cdn-cgi\/l\/email-protection\" class=\"__cf_email__\" data-cfemail=\"d6bfb8b0b996b2a4a3a5a2a0b9fba0acb2f8a5bf\" rel=\"nofollow noopener\" target=\"_blank\">[email\u00a0protected]<\/a>.<\/p>\n<p style=\"text-align:justify\">Leto\u0161nji koledar nosi naslov Delo daje dostojanstvo. Fotografije prikazujejo razli\u010dne oblike dela: od vsakdanjih opravil in dela na vrtu do ustvarjanja in skrbi za druge. Izbrane misli svetnikov pa vabijo k razmisleku o tem, kako lahko tudi na videz preprosto delo bogati \u010dloveka in skupnost. Pri delu z ljudmi v stiski vedno znova spoznavamo, da je pomemben korak na poti k ponovni vzpostavitvi \u010dlovekovega dostojanstva tudi odkrivanje vrednosti dela. Delo ni le na\u010din pre\u017eivetja, temve\u010d je prilo\u017enost za ustvarjanje, slu\u017eenje, sodelovanje in osebno rast. To misel \u017eelijo sporo\u010diti podobe in misli leto\u0161njega koledarja.<\/p>\n<p style=\"text-align:justify\">Z dobrodelno akcijo tudi letos zbiramo sredstva za ureditev novih prostorov Dnevnega centra za brezdomce v Ljubljani. Dnevni center na sedanji lokaciji deluje od leta 2006, vendar bomo morali te prostore zapustiti. Misijonska dru\u017eba je za potrebe dru\u0161tva kupila stavbo, ki potrebuje obse\u017eno prenovo. Sredstva za prenovo mora zagotoviti dru\u0161tvo, zato nam bo pri tem dragocen vsak dar.<\/p>\n<p style=\"text-align:justify\">Potrebe ljudi v stiski nara\u0161\u010dajo, dnevni center pa je iz leta v leto bolj obiskan. Vse ve\u010d je tudi mladih, ki zaradi razpada dru\u017ein, zasvojenosti ali drugih \u017eivljenjskih stisk ostanejo brez opore in pogosto tudi brez doma. V dru\u0161tvu \u017eelijo tudi v prihodnje ohraniti prostor, kjer lahko ljudje v stiski dobijo pomo\u010d, podporo in prilo\u017enost za korak k samostojnej\u0161emu \u017eivljenju.<\/p>\n<p style=\"text-align:justify\">Dobrodelno akcijo Vincencijev koledar v pripravljamo \u017ee vrsto let. Z zbranimi sredstvi smo med drugim opremili mizarsko delavnico za delo z brezdomnimi, obnovili dve stanovanji za ljudi v stiski, pomagali mladim na poti osamosvajanja ter zgradili Hi\u0161o prostovoljstva, ki danes \u017ee slu\u017ei svojemu namenu.<\/p>\n<p style=\"text-align:justify\">Podprite na\u0161e delo tudi z namenitvijo 1 % dohodnine, ki vas ni\u010d ne stane \u2013 \u010de ga ne namenite, gre ta del v dr\u017eavni prora\u010dun. Ve\u010d o na\u0161em delu: <a href=\"http:\/\/www.drustvo-vzd.si\/\" rel=\"nofollow noopener\" target=\"_blank\">www.drustvo-vzd.si<\/a>, <a href=\"http:\/\/www.mirenski-grad.si\/\" rel=\"nofollow noopener\" target=\"_blank\">www.mirenski-grad.si<\/a>.<\/p>\n<p style=\"text-align:justify\">V dru\u0161tvu \u017eelimo, da bi Vincencijev koledar skozi prihodnje mesece spominjal na vrednost dela, ki ga pogosto jemljemo za samoumevnega, ter na to, da lahko vsak s svojim delom, \u010dasom in skrbjo za druge prispeva k dostojanstvu so\u010dloveka.<\/p>\n<p style=\"text-align:justify\">Hvala za vsak dar, za va\u0161e zaupanje in za dolgoletno podporo na\u0161emu delu med ljudmi v stiski.<\/p>\n<p style=\"text-align:justify\">Dru\u0161tvo prostovoljcev Vincencijeve zveze dobrote<\/p>\n","protected":false},"excerpt":{"rendered":"Tudi letos smo v Dru\u0161tvu prostovoljcev Vincencijeve zveze dobrote pripravili Vincencijev koledar, ki tokrat zajema obdobje vse do&hellip;\n","protected":false},"author":2,"featured_media":216532,"comment_status":"","ping_status":"","sticky":false,"template":"","format":"standard","meta":{"footnotes":"","_share_on_mastodon":"0"},"categories":[12],"tags":[225,234,226,233,220,223,231,228,62,230,229,222,37,58,224,60,38,221,232,89,90,227],"class_list":["post-216531","post","type-post","status-publish","format-standard","has-post-thumbnail","category-tehnologija","tag-bishop","tag-cerkev","tag-conference","tag-katoliska","tag-katoliska-cerkev","tag-konferenca","tag-metropolija","tag-rkc","tag-si","tag-skofija","tag-skofije","tag-skofovska","tag-slovene","tag-slovenia","tag-slovenian","tag-slovenija","tag-slovenscina","tag-slovenska","tag-ssk","tag-technology","tag-tehnologija","tag-uradna-stran"],"share_on_mastodon":{"url":"https:\/\/pubeurope.com\/@si\/117217650420478671","error":""},"_links":{"self":[{"href":"https:\/\/www.europesays.com\/si\/wp-json\/wp\/v2\/posts\/216531","targetHints":{"allow":["GET"]}}],"collection":[{"href":"https:\/\/www.europesays.com\/si\/wp-json\/wp\/v2\/posts"}],"about":[{"href":"https:\/\/www.europesays.com\/si\/wp-json\/wp\/v2\/types\/post"}],"author":[{"embeddable":true,"href":"https:\/\/www.europesays.com\/si\/wp-json\/wp\/v2\/users\/2"}],"replies":[{"embeddable":true,"href":"https:\/\/www.europesays.com\/si\/wp-json\/wp\/v2\/comments?post=216531"}],"version-history":[{"count":0,"href":"https:\/\/www.europesays.com\/si\/wp-json\/wp\/v2\/posts\/216531\/revisions"}],"wp:featuredmedia":[{"embeddable":true,"href":"https:\/\/www.europesays.com\/si\/wp-json\/wp\/v2\/media\/216532"}],"wp:attachment":[{"href":"https:\/\/www.europesays.com\/si\/wp-json\/wp\/v2\/media?parent=216531"}],"wp:term":[{"taxonomy":"category","embeddable":true,"href":"https:\/\/www.europesays.com\/si\/wp-json\/wp\/v2\/categories?post=216531"},{"taxonomy":"post_tag","embeddable":true,"href":"https:\/\/www.europesays.com\/si\/wp-json\/wp\/v2\/tags?post=216531"}],"curies":[{"name":"wp","href":"https:\/\/api.w.org\/{rel}","templated":true}]}}